{"id":7753,"date":"2024-08-29T15:41:17","date_gmt":"2024-08-29T14:41:17","guid":{"rendered":"https:\/\/lamarinabj.com\/?p=7753"},"modified":"2024-08-29T15:56:56","modified_gmt":"2024-08-29T14:56:56","slug":"ces-dossiers-qui-attendent-le-gouvernement-beninois-a-la-rentree-du-2-septembre","status":"publish","type":"post","link":"https:\/\/lamarinabj.com\/index.php\/2024\/08\/29\/ces-dossiers-qui-attendent-le-gouvernement-beninois-a-la-rentree-du-2-septembre\/","title":{"rendered":"Ces dossiers qui attendent le gouvernement b\u00e9ninois \u00e0 la rentr\u00e9e du 2 septembre"},"content":{"rendered":"\n<p><strong><mark style=\"background-color:rgba(0, 0, 0, 0)\" class=\"has-inline-color has-red-color\">Gouvernance, B\u00e9nin<\/mark><\/strong> &#8211; <strong><em>Apr\u00e8s une p\u00e9riode de vacances gouvernementales entam\u00e9e le 5 ao\u00fbt dernier, le gouvernement b\u00e9ninois s&rsquo;appr\u00eate \u00e0 reprendre ses activit\u00e9s ce lundi 2 septembre. Qu&rsquo;il s&rsquo;agisse de remaniements diplomatiques, de tensions avec le Togo, ou de la mise en place d&rsquo;organes institutionnels cl\u00e9s, le gouvernement devra rapidement apporter des r\u00e9ponses concr\u00e8tes pour maintenir la dynamique de d\u00e9veloppement et la stabilit\u00e9 du pays. Retour sur les enjeux qui marqueront la fin de l\u2019ann\u00e9e 2024.<\/em><\/strong><\/p>\n\n\n\n<hr class=\"wp-block-separator has-alpha-channel-opacity\"\/>\n\n\n\n<h2 id=\"remaniement-diplomatique-un-defi-prioritaire\" class=\"wp-block-heading\"><mark style=\"background-color:rgba(0, 0, 0, 0)\" class=\"has-inline-color has-red-color\">Remaniement diplomatique : Un d\u00e9fi prioritaire<\/mark><\/h2>\n\n\n\n<p>L&rsquo;une des premi\u00e8res actions attendues du gouvernement est la nomination de nouveaux ambassadeurs dans plusieurs pays strat\u00e9giques. Les missions des diplomates actuellement en poste au Maroc, aux \u00c9tats-Unis, en Chine, au Kowe\u00eft et au Qatar prendront fin le 31 ao\u00fbt 2024, conform\u00e9ment \u00e0 la note envoy\u00e9e par le ministre des Affaires \u00e9trang\u00e8res aux ambassadeurs concern\u00e9s.<\/p>\n\n\n\n<p>Selon nos informations, le processus pour nommer de nouveaux ambassadeurs est d\u00e9j\u00e0 bien avanc\u00e9. Le gouvernement b\u00e9ninois, qui aspire \u00e0 renforcer ses relations internationales, devrait donc proc\u00e9der rapidement \u00e0 ces nominations pour garantir la continuit\u00e9 de sa diplomatie.<\/p>\n\n\n\n<h3 id=\"conseil-economique-et-social-installation-imminente-des-membres\" class=\"wp-block-heading\"><mark style=\"background-color:rgba(0, 0, 0, 0)\" class=\"has-inline-color has-red-color\">Conseil \u00c9conomique et Social : installation imminente des membres<\/mark><\/h3>\n\n\n\n<p>Un autre dossier en suspens concerne la mise en place du Conseil \u00c9conomique et Social (CES) transitoire. La loi organique adopt\u00e9e en juin 2024 stipule que ce conseil transitoire doit entrer en fonction dans les deux mois suivant sa promulgation, un d\u00e9lai qui co\u00efncide avec la rentr\u00e9e gouvernementale. <\/p>\n\n\n\n<p>Si l\u2019information selon laquelle cette loi a d\u00e9j\u00e0 \u00e9t\u00e9 promulgu\u00e9e se confirme, l&rsquo;installation des membres du CES transitoire pourrait bien \u00eatre l&rsquo;une des premi\u00e8res d\u00e9cisions \u00e0 l&rsquo;ordre du jour, d\u00e8s que le parlement et les institutions concern\u00e9es auront d\u00e9sign\u00e9 leurs repr\u00e9sentants. Ce conseil, d\u00e9sormais structur\u00e9 aux niveaux d\u00e9partemental et national, jouera un r\u00f4le d\u00e9terminant dans les d\u00e9bats \u00e9conomiques et sociaux qui animent le pays.<\/p>\n\n\n\n<h3 id=\"tensions-avec-le-togo-une-crise-diplomatique-a-eviter\" class=\"wp-block-heading\"><mark style=\"background-color:rgba(0, 0, 0, 0)\" class=\"has-inline-color has-red-color\">Tensions avec le Togo : Une crise diplomatique \u00e0 \u00e9viter <\/mark><\/h3>\n\n\n\n<p>La rentr\u00e9e gouvernementale pourrait \u00eatre marqu\u00e9e par la gestion des r\u00e9centes r\u00e9v\u00e9lations des autorit\u00e9s judiciaires du Togo concernant \u00a0\u00bbl&rsquo;enl\u00e8vement\u00a0\u00bb du cyber activiste b\u00e9ninois Steve Amoussou \u00e0 Lom\u00e9. \u00c0 cet \u00e9gard, la situation s&rsquo;est complexifi\u00e9e lorsque le procureur de la R\u00e9publique du tribunal de Lom\u00e9 a r\u00e9v\u00e9l\u00e9, dimanche dernier, l&rsquo;identit\u00e9 de plusieurs personnes impliqu\u00e9es dans cet \u00a0\u00bbenl\u00e8vement\u00a0\u00bb, survenu sans consultation pr\u00e9alable des autorit\u00e9s togolaises.<\/p>\n\n\n\n<p>De plus, l\u2019\u00e9mission de mandats d&rsquo;arr\u00eat internationaux par la justice togolaise pose un s\u00e9rieux d\u00e9fi diplomatique au gouvernement b\u00e9ninois, qui devra clarifier sa position lors du premier conseil des ministres post-vacances. La gestion de cette crise, qui met \u00e0 l\u2019\u00e9preuve les relations entre Cotonou et Lom\u00e9, pourrait avoir des r\u00e9percussions durables sur les relations entre les deux pays.<\/p>\n\n\n\n<h3 id=\"gouvernance-locale-vers-la-designation-des-chefs-de-quartier\" class=\"wp-block-heading\"><mark style=\"background-color:rgba(0, 0, 0, 0)\" class=\"has-inline-color has-red-color\">Gouvernance locale : Vers la d\u00e9signation des chefs de quartier<\/mark><\/h3>\n\n\n\n<p>La modification du code \u00e9lectoral en mars dernier, notamment la r\u00e9\u00e9criture de l&rsquo;article 210, pr\u00e9voit que les chefs de villages et de quartiers de ville soient d\u00e9sign\u00e9s sur la base des r\u00e9sultats des \u00e9lections communales de 2020. Selon nos informations, la Commission \u00c9lectorale Nationale Autonome (CENA) a d\u00e9j\u00e0 sollicit\u00e9 la Cour Supr\u00eame pour obtenir la liste d\u00e9finitive des chefs de village ou de quartier de ville. Selon une source interne \u00e0 la Cour Supr\u00eame, le pr\u00e9sident Victor Dassi Adossou avait donn\u00e9 les instructions n\u00e9cessaires pour finaliser ce dossier avant les vacances judiciaires. Si les pr\u00e9paratifs sont achev\u00e9s, un rapport sera probablement pr\u00e9sent\u00e9 en conseil des ministres par le ministre Yvon Detchenou, permettant ainsi la d\u00e9signation des nouveaux chefs de village ou de quartier de ville avant la fin de l\u2019ann\u00e9e.<\/p>\n\n\n\n<hr class=\"wp-block-separator has-alpha-channel-opacity\"\/>\n\n\n\n<p>Le regard est tourn\u00e9 vers l&rsquo;ex\u00e9cutif, dont les premi\u00e8res actions apr\u00e8s la reprise seront scrut\u00e9es de pr\u00e8s.<\/p>\n","protected":false},"excerpt":{"rendered":"Gouvernance, B\u00e9nin &#8211; Apr\u00e8s une p\u00e9riode de vacances gouvernementales entam\u00e9e le 5 ao\u00fbt dernier, le gouvernement b\u00e9ninois s&rsquo;appr\u00eate&hellip;\n","protected":false},"author":3,"featured_media":7187,"comment_status":"open","ping_status":"open","sticky":false,"template":"elementor_theme","format":"standard","meta":{"csco_singular_sidebar":"","csco_page_header_type":"standard","csco_appearance_masonry":"","csco_page_load_nextpost":"","csco_post_video_location":[],"csco_post_video_location_hash":"","csco_post_video_url":"","csco_post_video_bg_start_time":0,"csco_post_video_bg_end_time":0,"footnotes":""},"categories":[57,45],"tags":[41,116],"class_list":{"0":"post-7753","1":"post","2":"type-post","3":"status-publish","4":"format-standard","5":"has-post-thumbnail","7":"category-a-suivre","8":"category-gouvernance","9":"tag-benin","10":"tag-togo","11":"cs-entry","12":"cs-video-wrap"},"yoast_head":"<!-- This site is optimized with the Yoast SEO plugin v27.4 - https:\/\/yoast.com\/product\/yoast-seo-wordpress\/ -->\n<title>Ces dossiers qui attendent le gouvernement b\u00e9ninois \u00e0 la rentr\u00e9e du 2 septembre - LA MARINA BJ<\/title>\n<meta name=\"description\" content=\"Qu&#039;il s&#039;agisse de remaniements diplomatiques, de tensions avec le Togo, ou de la mise en place d&#039;organes institutionnels cl\u00e9s, le gouvernement b\u00e9ninois devra rapidement apporter des r\u00e9ponses concr\u00e8tes pour maintenir la dynamique de d\u00e9veloppement et la stabilit\u00e9 du pays.\" \/>\n<meta name=\"robots\" content=\"index, follow, max-snippet:-1, max-image-preview:large, max-video-preview:-1\" \/>\n<link rel=\"canonical\" href=\"https:\/\/lamarinabj.com\/index.php\/2024\/08\/29\/ces-dossiers-qui-attendent-le-gouvernement-beninois-a-la-rentree-du-2-septembre\/\" \/>\n<meta property=\"og:locale\" content=\"fr_FR\" \/>\n<meta property=\"og:type\" content=\"article\" \/>\n<meta property=\"og:title\" content=\"Ces dossiers qui attendent le gouvernement b\u00e9ninois \u00e0 la rentr\u00e9e du 2 septembre - LA MARINA BJ\" \/>\n<meta property=\"og:description\" content=\"Qu&#039;il s&#039;agisse de remaniements diplomatiques, de tensions avec le Togo, ou de la mise en place d&#039;organes institutionnels cl\u00e9s, le gouvernement b\u00e9ninois devra rapidement apporter des r\u00e9ponses concr\u00e8tes pour maintenir la dynamique de d\u00e9veloppement et la stabilit\u00e9 du pays.\" \/>\n<meta property=\"og:url\" content=\"https:\/\/lamarinabj.com\/index.php\/2024\/08\/29\/ces-dossiers-qui-attendent-le-gouvernement-beninois-a-la-rentree-du-2-septembre\/\" \/>\n<meta property=\"og:site_name\" content=\"LA MARINA BJ\" \/>\n<meta property=\"article:published_time\" content=\"2024-08-29T14:41:17+00:00\" \/>\n<meta property=\"article:modified_time\" content=\"2024-08-29T14:56:56+00:00\" \/>\n<meta property=\"og:image\" content=\"https:\/\/lamarinabj.com\/wp-content\/uploads\/2024\/08\/background-1.jpg\" \/>\n\t<meta property=\"og:image:width\" content=\"1520\" \/>\n\t<meta property=\"og:image:height\" content=\"1013\" \/>\n\t<meta property=\"og:image:type\" content=\"image\/jpeg\" \/>\n<meta name=\"author\" content=\"La Marina BJ - Team Veille &amp; Projets publics\" \/>\n<meta name=\"twitter:card\" content=\"summary_large_image\" \/>\n<meta name=\"twitter:label1\" content=\"\u00c9crit par\" \/>\n\t<meta name=\"twitter:data1\" content=\"La Marina BJ - Team Veille &amp; Projets publics\" \/>\n\t<meta name=\"twitter:label2\" content=\"Dur\u00e9e de lecture estim\u00e9e\" \/>\n\t<meta name=\"twitter:data2\" content=\"4 minutes\" \/>\n<script type=\"application\/ld+json\" class=\"yoast-schema-graph\">{\"@context\":\"https:\\\/\\\/schema.org\",\"@graph\":[{\"@type\":\"NewsArticle\",\"@id\":\"https:\\\/\\\/lamarinabj.com\\\/index.php\\\/2024\\\/08\\\/29\\\/ces-dossiers-qui-attendent-le-gouvernement-beninois-a-la-rentree-du-2-septembre\\\/#article\",\"isPartOf\":{\"@id\":\"https:\\\/\\\/lamarinabj.com\\\/index.php\\\/2024\\\/08\\\/29\\\/ces-dossiers-qui-attendent-le-gouvernement-beninois-a-la-rentree-du-2-septembre\\\/\"},\"author\":{\"name\":\"La Marina BJ - Team Veille &amp; Projets publics\",\"@id\":\"https:\\\/\\\/lamarinabj.com\\\/#\\\/schema\\\/person\\\/70c372a4c3c86bd4844a0382357a0f2d\"},\"headline\":\"Ces dossiers qui attendent le gouvernement b\u00e9ninois \u00e0 la rentr\u00e9e du 2 septembre\",\"datePublished\":\"2024-08-29T14:41:17+00:00\",\"dateModified\":\"2024-08-29T14:56:56+00:00\",\"mainEntityOfPage\":{\"@id\":\"https:\\\/\\\/lamarinabj.com\\\/index.php\\\/2024\\\/08\\\/29\\\/ces-dossiers-qui-attendent-le-gouvernement-beninois-a-la-rentree-du-2-septembre\\\/\"},\"wordCount\":678,\"commentCount\":0,\"image\":{\"@id\":\"https:\\\/\\\/lamarinabj.com\\\/index.php\\\/2024\\\/08\\\/29\\\/ces-dossiers-qui-attendent-le-gouvernement-beninois-a-la-rentree-du-2-septembre\\\/#primaryimage\"},\"thumbnailUrl\":\"https:\\\/\\\/lamarinabj.com\\\/wp-content\\\/uploads\\\/2024\\\/08\\\/background-1.jpg\",\"keywords\":[\"B\u00e9nin\",\"Togo\"],\"articleSection\":[\"\u00c0 SUIVRE\",\"GOUVERNANCE\"],\"inLanguage\":\"fr-FR\",\"potentialAction\":[{\"@type\":\"CommentAction\",\"name\":\"Comment\",\"target\":[\"https:\\\/\\\/lamarinabj.com\\\/index.php\\\/2024\\\/08\\\/29\\\/ces-dossiers-qui-attendent-le-gouvernement-beninois-a-la-rentree-du-2-septembre\\\/#respond\"]}]},{\"@type\":[\"WebPage\",\"SearchResultsPage\"],\"@id\":\"https:\\\/\\\/lamarinabj.com\\\/index.php\\\/2024\\\/08\\\/29\\\/ces-dossiers-qui-attendent-le-gouvernement-beninois-a-la-rentree-du-2-septembre\\\/\",\"url\":\"https:\\\/\\\/lamarinabj.com\\\/index.php\\\/2024\\\/08\\\/29\\\/ces-dossiers-qui-attendent-le-gouvernement-beninois-a-la-rentree-du-2-septembre\\\/\",\"name\":\"Ces dossiers qui attendent le gouvernement b\u00e9ninois \u00e0 la rentr\u00e9e du 2 septembre - LA MARINA BJ\",\"isPartOf\":{\"@id\":\"https:\\\/\\\/lamarinabj.com\\\/#website\"},\"primaryImageOfPage\":{\"@id\":\"https:\\\/\\\/lamarinabj.com\\\/index.php\\\/2024\\\/08\\\/29\\\/ces-dossiers-qui-attendent-le-gouvernement-beninois-a-la-rentree-du-2-septembre\\\/#primaryimage\"},\"image\":{\"@id\":\"https:\\\/\\\/lamarinabj.com\\\/index.php\\\/2024\\\/08\\\/29\\\/ces-dossiers-qui-attendent-le-gouvernement-beninois-a-la-rentree-du-2-septembre\\\/#primaryimage\"},\"thumbnailUrl\":\"https:\\\/\\\/lamarinabj.com\\\/wp-content\\\/uploads\\\/2024\\\/08\\\/background-1.jpg\",\"datePublished\":\"2024-08-29T14:41:17+00:00\",\"dateModified\":\"2024-08-29T14:56:56+00:00\",\"author\":{\"@id\":\"https:\\\/\\\/lamarinabj.com\\\/#\\\/schema\\\/person\\\/70c372a4c3c86bd4844a0382357a0f2d\"},\"description\":\"Qu'il s'agisse de remaniements diplomatiques, de tensions avec le Togo, ou de la mise en place d'organes institutionnels cl\u00e9s, le gouvernement b\u00e9ninois devra rapidement apporter des r\u00e9ponses concr\u00e8tes pour maintenir la dynamique de d\u00e9veloppement et la stabilit\u00e9 du pays.\",\"breadcrumb\":{\"@id\":\"https:\\\/\\\/lamarinabj.com\\\/index.php\\\/2024\\\/08\\\/29\\\/ces-dossiers-qui-attendent-le-gouvernement-beninois-a-la-rentree-du-2-septembre\\\/#breadcrumb\"},\"inLanguage\":\"fr-FR\",\"potentialAction\":[{\"@type\":\"ReadAction\",\"target\":[\"https:\\\/\\\/lamarinabj.com\\\/index.php\\\/2024\\\/08\\\/29\\\/ces-dossiers-qui-attendent-le-gouvernement-beninois-a-la-rentree-du-2-septembre\\\/\"]}]},{\"@type\":\"ImageObject\",\"inLanguage\":\"fr-FR\",\"@id\":\"https:\\\/\\\/lamarinabj.com\\\/index.php\\\/2024\\\/08\\\/29\\\/ces-dossiers-qui-attendent-le-gouvernement-beninois-a-la-rentree-du-2-septembre\\\/#primaryimage\",\"url\":\"https:\\\/\\\/lamarinabj.com\\\/wp-content\\\/uploads\\\/2024\\\/08\\\/background-1.jpg\",\"contentUrl\":\"https:\\\/\\\/lamarinabj.com\\\/wp-content\\\/uploads\\\/2024\\\/08\\\/background-1.jpg\",\"width\":1520,\"height\":1013},{\"@type\":\"BreadcrumbList\",\"@id\":\"https:\\\/\\\/lamarinabj.com\\\/index.php\\\/2024\\\/08\\\/29\\\/ces-dossiers-qui-attendent-le-gouvernement-beninois-a-la-rentree-du-2-septembre\\\/#breadcrumb\",\"itemListElement\":[{\"@type\":\"ListItem\",\"position\":1,\"name\":\"Accueil\",\"item\":\"https:\\\/\\\/lamarinabj.com\\\/\"},{\"@type\":\"ListItem\",\"position\":2,\"name\":\"Ces dossiers qui attendent le gouvernement b\u00e9ninois \u00e0 la rentr\u00e9e du 2 septembre\"}]},{\"@type\":\"WebSite\",\"@id\":\"https:\\\/\\\/lamarinabj.com\\\/#website\",\"url\":\"https:\\\/\\\/lamarinabj.com\\\/\",\"name\":\"LA MARINA BJ\",\"description\":\"Votre portail vers l&#039;information strat\u00e9gique au B\u00e9nin, en Afrique et au-del\u00e0\",\"potentialAction\":[{\"@type\":\"SearchAction\",\"target\":{\"@type\":\"EntryPoint\",\"urlTemplate\":\"https:\\\/\\\/lamarinabj.com\\\/?s={search_term_string}\"},\"query-input\":{\"@type\":\"PropertyValueSpecification\",\"valueRequired\":true,\"valueName\":\"search_term_string\"}}],\"inLanguage\":\"fr-FR\"},{\"@type\":\"Person\",\"@id\":\"https:\\\/\\\/lamarinabj.com\\\/#\\\/schema\\\/person\\\/70c372a4c3c86bd4844a0382357a0f2d\",\"name\":\"La Marina BJ - Team Veille &amp; Projets publics\",\"image\":{\"@type\":\"ImageObject\",\"inLanguage\":\"fr-FR\",\"@id\":\"https:\\\/\\\/secure.gravatar.com\\\/avatar\\\/b56740eda81210101c8acebdd7c5c7db1bd0ab57f63df607996683fa153ff0d0?s=96&d=mm&r=g\",\"url\":\"https:\\\/\\\/secure.gravatar.com\\\/avatar\\\/b56740eda81210101c8acebdd7c5c7db1bd0ab57f63df607996683fa153ff0d0?s=96&d=mm&r=g\",\"contentUrl\":\"https:\\\/\\\/secure.gravatar.com\\\/avatar\\\/b56740eda81210101c8acebdd7c5c7db1bd0ab57f63df607996683fa153ff0d0?s=96&d=mm&r=g\",\"caption\":\"La Marina BJ - Team Veille &amp; Projets publics\"},\"description\":\"La Team Veille &amp; Projets publics de La Marina BJ est d\u00e9di\u00e9e \u00e0 la surveillance proactive des dynamiques institutionnelles impuls\u00e9es par l\u2019\u00c9tat, les agences publiques, les collectivit\u00e9s territoriales ainsi que les partenaires techniques et financiers. Gr\u00e2ce \u00e0 une veille strat\u00e9gique permanente, cette \u00e9quipe identifie et suit les projets de d\u00e9veloppement, les \u00e9tudes pr\u00e9alables et les investissements publics majeurs. Elle documente les politiques sectorielles, analyse les enjeux techniques, \u00e9conomiques, sociaux et environnementaux, et produit des contenus exclusifs pour \u00e9clairer les mutations structurelles.\",\"url\":\"https:\\\/\\\/lamarinabj.com\\\/index.php\\\/author\\\/simahou\\\/\"}]}<\/script>\n<!-- \/ Yoast SEO plugin. -->","yoast_head_json":{"title":"Ces dossiers qui attendent le gouvernement b\u00e9ninois \u00e0 la rentr\u00e9e du 2 septembre - LA MARINA BJ","description":"Qu'il s'agisse de remaniements diplomatiques, de tensions avec le Togo, ou de la mise en place d'organes institutionnels cl\u00e9s, le gouvernement b\u00e9ninois devra rapidement apporter des r\u00e9ponses concr\u00e8tes pour maintenir la dynamique de d\u00e9veloppement et la stabilit\u00e9 du pays.","robots":{"index":"index","follow":"follow","max-snippet":"max-snippet:-1","max-image-preview":"max-image-preview:large","max-video-preview":"max-video-preview:-1"},"canonical":"https:\/\/lamarinabj.com\/index.php\/2024\/08\/29\/ces-dossiers-qui-attendent-le-gouvernement-beninois-a-la-rentree-du-2-septembre\/","og_locale":"fr_FR","og_type":"article","og_title":"Ces dossiers qui attendent le gouvernement b\u00e9ninois \u00e0 la rentr\u00e9e du 2 septembre - LA MARINA BJ","og_description":"Qu'il s'agisse de remaniements diplomatiques, de tensions avec le Togo, ou de la mise en place d'organes institutionnels cl\u00e9s, le gouvernement b\u00e9ninois devra rapidement apporter des r\u00e9ponses concr\u00e8tes pour maintenir la dynamique de d\u00e9veloppement et la stabilit\u00e9 du pays.","og_url":"https:\/\/lamarinabj.com\/index.php\/2024\/08\/29\/ces-dossiers-qui-attendent-le-gouvernement-beninois-a-la-rentree-du-2-septembre\/","og_site_name":"LA MARINA BJ","article_published_time":"2024-08-29T14:41:17+00:00","article_modified_time":"2024-08-29T14:56:56+00:00","og_image":[{"width":1520,"height":1013,"url":"https:\/\/lamarinabj.com\/wp-content\/uploads\/2024\/08\/background-1.jpg","type":"image\/jpeg"}],"author":"La Marina BJ - Team Veille &amp; Projets publics","twitter_card":"summary_large_image","twitter_misc":{"\u00c9crit par":"La Marina BJ - Team Veille &amp; Projets publics","Dur\u00e9e de lecture estim\u00e9e":"4 minutes"},"schema":{"@context":"https:\/\/schema.org","@graph":[{"@type":"NewsArticle","@id":"https:\/\/lamarinabj.com\/index.php\/2024\/08\/29\/ces-dossiers-qui-attendent-le-gouvernement-beninois-a-la-rentree-du-2-septembre\/#article","isPartOf":{"@id":"https:\/\/lamarinabj.com\/index.php\/2024\/08\/29\/ces-dossiers-qui-attendent-le-gouvernement-beninois-a-la-rentree-du-2-septembre\/"},"author":{"name":"La Marina BJ - Team Veille &amp; Projets publics","@id":"https:\/\/lamarinabj.com\/#\/schema\/person\/70c372a4c3c86bd4844a0382357a0f2d"},"headline":"Ces dossiers qui attendent le gouvernement b\u00e9ninois \u00e0 la rentr\u00e9e du 2 septembre","datePublished":"2024-08-29T14:41:17+00:00","dateModified":"2024-08-29T14:56:56+00:00","mainEntityOfPage":{"@id":"https:\/\/lamarinabj.com\/index.php\/2024\/08\/29\/ces-dossiers-qui-attendent-le-gouvernement-beninois-a-la-rentree-du-2-septembre\/"},"wordCount":678,"commentCount":0,"image":{"@id":"https:\/\/lamarinabj.com\/index.php\/2024\/08\/29\/ces-dossiers-qui-attendent-le-gouvernement-beninois-a-la-rentree-du-2-septembre\/#primaryimage"},"thumbnailUrl":"https:\/\/lamarinabj.com\/wp-content\/uploads\/2024\/08\/background-1.jpg","keywords":["B\u00e9nin","Togo"],"articleSection":["\u00c0 SUIVRE","GOUVERNANCE"],"inLanguage":"fr-FR","potentialAction":[{"@type":"CommentAction","name":"Comment","target":["https:\/\/lamarinabj.com\/index.php\/2024\/08\/29\/ces-dossiers-qui-attendent-le-gouvernement-beninois-a-la-rentree-du-2-septembre\/#respond"]}]},{"@type":["WebPage","SearchResultsPage"],"@id":"https:\/\/lamarinabj.com\/index.php\/2024\/08\/29\/ces-dossiers-qui-attendent-le-gouvernement-beninois-a-la-rentree-du-2-septembre\/","url":"https:\/\/lamarinabj.com\/index.php\/2024\/08\/29\/ces-dossiers-qui-attendent-le-gouvernement-beninois-a-la-rentree-du-2-septembre\/","name":"Ces dossiers qui attendent le gouvernement b\u00e9ninois \u00e0 la rentr\u00e9e du 2 septembre - LA MARINA BJ","isPartOf":{"@id":"https:\/\/lamarinabj.com\/#website"},"primaryImageOfPage":{"@id":"https:\/\/lamarinabj.com\/index.php\/2024\/08\/29\/ces-dossiers-qui-attendent-le-gouvernement-beninois-a-la-rentree-du-2-septembre\/#primaryimage"},"image":{"@id":"https:\/\/lamarinabj.com\/index.php\/2024\/08\/29\/ces-dossiers-qui-attendent-le-gouvernement-beninois-a-la-rentree-du-2-septembre\/#primaryimage"},"thumbnailUrl":"https:\/\/lamarinabj.com\/wp-content\/uploads\/2024\/08\/background-1.jpg","datePublished":"2024-08-29T14:41:17+00:00","dateModified":"2024-08-29T14:56:56+00:00","author":{"@id":"https:\/\/lamarinabj.com\/#\/schema\/person\/70c372a4c3c86bd4844a0382357a0f2d"},"description":"Qu'il s'agisse de remaniements diplomatiques, de tensions avec le Togo, ou de la mise en place d'organes institutionnels cl\u00e9s, le gouvernement b\u00e9ninois devra rapidement apporter des r\u00e9ponses concr\u00e8tes pour maintenir la dynamique de d\u00e9veloppement et la stabilit\u00e9 du pays.","breadcrumb":{"@id":"https:\/\/lamarinabj.com\/index.php\/2024\/08\/29\/ces-dossiers-qui-attendent-le-gouvernement-beninois-a-la-rentree-du-2-septembre\/#breadcrumb"},"inLanguage":"fr-FR","potentialAction":[{"@type":"ReadAction","target":["https:\/\/lamarinabj.com\/index.php\/2024\/08\/29\/ces-dossiers-qui-attendent-le-gouvernement-beninois-a-la-rentree-du-2-septembre\/"]}]},{"@type":"ImageObject","inLanguage":"fr-FR","@id":"https:\/\/lamarinabj.com\/index.php\/2024\/08\/29\/ces-dossiers-qui-attendent-le-gouvernement-beninois-a-la-rentree-du-2-septembre\/#primaryimage","url":"https:\/\/lamarinabj.com\/wp-content\/uploads\/2024\/08\/background-1.jpg","contentUrl":"https:\/\/lamarinabj.com\/wp-content\/uploads\/2024\/08\/background-1.jpg","width":1520,"height":1013},{"@type":"BreadcrumbList","@id":"https:\/\/lamarinabj.com\/index.php\/2024\/08\/29\/ces-dossiers-qui-attendent-le-gouvernement-beninois-a-la-rentree-du-2-septembre\/#breadcrumb","itemListElement":[{"@type":"ListItem","position":1,"name":"Accueil","item":"https:\/\/lamarinabj.com\/"},{"@type":"ListItem","position":2,"name":"Ces dossiers qui attendent le gouvernement b\u00e9ninois \u00e0 la rentr\u00e9e du 2 septembre"}]},{"@type":"WebSite","@id":"https:\/\/lamarinabj.com\/#website","url":"https:\/\/lamarinabj.com\/","name":"LA MARINA BJ","description":"Votre portail vers l&#039;information strat\u00e9gique au B\u00e9nin, en Afrique et au-del\u00e0","potentialAction":[{"@type":"SearchAction","target":{"@type":"EntryPoint","urlTemplate":"https:\/\/lamarinabj.com\/?s={search_term_string}"},"query-input":{"@type":"PropertyValueSpecification","valueRequired":true,"valueName":"search_term_string"}}],"inLanguage":"fr-FR"},{"@type":"Person","@id":"https:\/\/lamarinabj.com\/#\/schema\/person\/70c372a4c3c86bd4844a0382357a0f2d","name":"La Marina BJ - Team Veille &amp; Projets publics","image":{"@type":"ImageObject","inLanguage":"fr-FR","@id":"https:\/\/secure.gravatar.com\/avatar\/b56740eda81210101c8acebdd7c5c7db1bd0ab57f63df607996683fa153ff0d0?s=96&d=mm&r=g","url":"https:\/\/secure.gravatar.com\/avatar\/b56740eda81210101c8acebdd7c5c7db1bd0ab57f63df607996683fa153ff0d0?s=96&d=mm&r=g","contentUrl":"https:\/\/secure.gravatar.com\/avatar\/b56740eda81210101c8acebdd7c5c7db1bd0ab57f63df607996683fa153ff0d0?s=96&d=mm&r=g","caption":"La Marina BJ - Team Veille &amp; Projets publics"},"description":"La Team Veille &amp; Projets publics de La Marina BJ est d\u00e9di\u00e9e \u00e0 la surveillance proactive des dynamiques institutionnelles impuls\u00e9es par l\u2019\u00c9tat, les agences publiques, les collectivit\u00e9s territoriales ainsi que les partenaires techniques et financiers. Gr\u00e2ce \u00e0 une veille strat\u00e9gique permanente, cette \u00e9quipe identifie et suit les projets de d\u00e9veloppement, les \u00e9tudes pr\u00e9alables et les investissements publics majeurs. Elle documente les politiques sectorielles, analyse les enjeux techniques, \u00e9conomiques, sociaux et environnementaux, et produit des contenus exclusifs pour \u00e9clairer les mutations structurelles.","url":"https:\/\/lamarinabj.com\/index.php\/author\/simahou\/"}]}},"_links":{"self":[{"href":"https:\/\/lamarinabj.com\/index.php\/wp-json\/wp\/v2\/posts\/7753","targetHints":{"allow":["GET"]}}],"collection":[{"href":"https:\/\/lamarinabj.com\/index.php\/wp-json\/wp\/v2\/posts"}],"about":[{"href":"https:\/\/lamarinabj.com\/index.php\/wp-json\/wp\/v2\/types\/post"}],"author":[{"embeddable":true,"href":"https:\/\/lamarinabj.com\/index.php\/wp-json\/wp\/v2\/users\/3"}],"replies":[{"embeddable":true,"href":"https:\/\/lamarinabj.com\/index.php\/wp-json\/wp\/v2\/comments?post=7753"}],"version-history":[{"count":4,"href":"https:\/\/lamarinabj.com\/index.php\/wp-json\/wp\/v2\/posts\/7753\/revisions"}],"predecessor-version":[{"id":7759,"href":"https:\/\/lamarinabj.com\/index.php\/wp-json\/wp\/v2\/posts\/7753\/revisions\/7759"}],"wp:featuredmedia":[{"embeddable":true,"href":"https:\/\/lamarinabj.com\/index.php\/wp-json\/wp\/v2\/media\/7187"}],"wp:attachment":[{"href":"https:\/\/lamarinabj.com\/index.php\/wp-json\/wp\/v2\/media?parent=7753"}],"wp:term":[{"taxonomy":"category","embeddable":true,"href":"https:\/\/lamarinabj.com\/index.php\/wp-json\/wp\/v2\/categories?post=7753"},{"taxonomy":"post_tag","embeddable":true,"href":"https:\/\/lamarinabj.com\/index.php\/wp-json\/wp\/v2\/tags?post=7753"}],"curies":[{"name":"wp","href":"https:\/\/api.w.org\/{rel}","templated":true}]}}