{"id":7832,"date":"2024-09-03T10:23:37","date_gmt":"2024-09-03T09:23:37","guid":{"rendered":"https:\/\/lamarinabj.com\/?p=7832"},"modified":"2024-09-03T10:29:09","modified_gmt":"2024-09-03T09:29:09","slug":"patrice-talon-absent-au-9e-forum-chine-afrique-la-vice-presidente-mariam-chabi-talata-represente-le-benin","status":"publish","type":"post","link":"https:\/\/lamarinabj.com\/index.php\/2024\/09\/03\/patrice-talon-absent-au-9e-forum-chine-afrique-la-vice-presidente-mariam-chabi-talata-represente-le-benin\/","title":{"rendered":"Patrice Talon absent au 9e forum Chine-Afrique : La Vice-Pr\u00e9sidente Mariam Chabi Talata repr\u00e9sente le B\u00e9nin"},"content":{"rendered":"\n<p><strong><mark style=\"background-color:rgba(0, 0, 0, 0)\" class=\"has-inline-color has-red-color\">Diplomatie , B\u00e9nin, Chine<\/mark><\/strong>\u2013 <strong><em>\u00c0 la veille de l&rsquo;ouverture du 9e Forum sur la Coop\u00e9ration Sino-Africaine, pr\u00e9vu du 4 au 6 septembre 2024 \u00e0 P\u00e9kin, la d\u00e9l\u00e9gation b\u00e9ninoise est d\u00e9j\u00e0 sur place depuis hier, lundi 2 septembre. Alors que le gouvernement b\u00e9ninois a repris ses activit\u00e9s, apr\u00e8s une interruption de pr\u00e8s d&rsquo;un mois, le chef de l&rsquo;\u00c9tat a choisi de ne pas se rendre en Chine pour cet \u00e9v\u00e9nement diplomatique majeur.<\/em><\/strong><\/p>\n\n\n\n<p>Le Pr\u00e9sident b\u00e9ninois, SEM Patrice Talon, a choisi de ne pas assister \u00e0 ce forum, confiant \u00e0 la Vice-Pr\u00e9sidente Mariam Chabi Talata la repr\u00e9sentation officielle du B\u00e9nin<\/p>\n\n\n\n<h3 id=\"la-vice-presidente-a-la-tete-de-la-delegation-beninoise\" class=\"wp-block-heading\"><mark style=\"background-color:rgba(0, 0, 0, 0)\" class=\"has-inline-color has-red-color\">La Vice-Pr\u00e9sidente \u00e0 la t\u00eate de la d\u00e9l\u00e9gation b\u00e9ninoise<\/mark> <\/h3>\n\n\n\n<p>Arriv\u00e9e \u00e0 P\u00e9kin hier dans l&rsquo;apr\u00e8s-midi, Mariam Chabi Talata a \u00e9t\u00e9 accueillie par des responsables chinois \u00e0 l&rsquo;a\u00e9roport dont l&rsquo;ambassadeur de la Chine au B\u00e9nin. Elle est accompagn\u00e9e par Romuald Wadagni, ministre d&rsquo;\u00c9tat charg\u00e9 de l&rsquo;\u00c9conomie et des Finances, ainsi que Olushegun Bakari, ministre des Affaires \u00c9trang\u00e8res. Ensemble, ils porteront la voix du B\u00e9nin dans les \u00e9changes pr\u00e9vus lors de ce forum.<\/p>\n\n\n\n<h3 id=\"un-forum-aux-sujets-importants\" class=\"wp-block-heading\"><mark style=\"background-color:rgba(0, 0, 0, 0)\" class=\"has-inline-color has-red-color\">Un forum aux sujets importants<\/mark><\/h3>\n\n\n\n<p>D&rsquo;une part le  Forum Chine-Afrique de cette ann\u00e9e, qui commencera demain, abordera des questions essentielles pour l&rsquo;Afrique et ses relations avec la Chine. D&rsquo;autre part, les discussions porteront sur la gestion de la dette, les questions climatiques et les relations g\u00e9opolitiques en Afrique. Ces \u00e9changes joueront un r\u00f4le d\u00e9terminant dans le renforcement des liens entre les pays africains et la Chine.<\/p>\n\n\n\n<p>Malgr\u00e9 l&rsquo;absence du pr\u00e9sident Patrice Talon, la pr\u00e9sence d&rsquo;une d\u00e9l\u00e9gation b\u00e9ninoise \u00e0 ce sommet montre l&rsquo;importance des relations entre le B\u00e9nin et la Chine. Les r\u00e9sultats de ce forum pourraient influencer le d\u00e9veloppement \u00e9conomique et les relations internationales du B\u00e9nin.<\/p>\n","protected":false},"excerpt":{"rendered":"Diplomatie , B\u00e9nin, Chine\u2013 \u00c0 la veille de l&rsquo;ouverture du 9e Forum sur la Coop\u00e9ration Sino-Africaine, pr\u00e9vu du&hellip;\n","protected":false},"author":7,"featured_media":7833,"comment_status":"open","ping_status":"open","sticky":false,"template":"elementor_theme","format":"standard","meta":{"csco_singular_sidebar":"","csco_page_header_type":"standard","csco_appearance_masonry":"","csco_page_load_nextpost":"","csco_post_video_location":[],"csco_post_video_location_hash":"","csco_post_video_url":"","csco_post_video_bg_start_time":0,"csco_post_video_bg_end_time":0,"footnotes":""},"categories":[45,239],"tags":[41,787],"class_list":{"0":"post-7832","1":"post","2":"type-post","3":"status-publish","4":"format-standard","5":"has-post-thumbnail","7":"category-gouvernance","8":"category-levenement-2","9":"tag-benin","10":"tag-forum-chine-afrique","11":"cs-entry","12":"cs-video-wrap"},"yoast_head":"<!-- This site is optimized with the Yoast SEO plugin v27.4 - https:\/\/yoast.com\/product\/yoast-seo-wordpress\/ -->\n<title>Patrice Talon absent au 9e forum Chine-Afrique : La Vice-Pr\u00e9sidente Mariam Chabi Talata repr\u00e9sente le B\u00e9nin - LA MARINA BJ<\/title>\n<meta name=\"description\" content=\"Arriv\u00e9e \u00e0 P\u00e9kin hier dans l&#039;apr\u00e8s-midi, Mariam Chabi Talata a \u00e9t\u00e9 accueillie par des responsables chinois \u00e0 l&#039;a\u00e9roport dont l&#039;ambassadeur de la Chine au B\u00e9nin\" \/>\n<meta name=\"robots\" content=\"index, follow, max-snippet:-1, max-image-preview:large, max-video-preview:-1\" \/>\n<link rel=\"canonical\" href=\"https:\/\/lamarinabj.com\/index.php\/2024\/09\/03\/patrice-talon-absent-au-9e-forum-chine-afrique-la-vice-presidente-mariam-chabi-talata-represente-le-benin\/\" \/>\n<meta property=\"og:locale\" content=\"fr_FR\" \/>\n<meta property=\"og:type\" content=\"article\" \/>\n<meta property=\"og:title\" content=\"Patrice Talon absent au 9e forum Chine-Afrique : La Vice-Pr\u00e9sidente Mariam Chabi Talata repr\u00e9sente le B\u00e9nin - LA MARINA BJ\" \/>\n<meta property=\"og:description\" content=\"Arriv\u00e9e \u00e0 P\u00e9kin hier dans l&#039;apr\u00e8s-midi, Mariam Chabi Talata a \u00e9t\u00e9 accueillie par des responsables chinois \u00e0 l&#039;a\u00e9roport dont l&#039;ambassadeur de la Chine au B\u00e9nin\" \/>\n<meta property=\"og:url\" content=\"https:\/\/lamarinabj.com\/index.php\/2024\/09\/03\/patrice-talon-absent-au-9e-forum-chine-afrique-la-vice-presidente-mariam-chabi-talata-represente-le-benin\/\" \/>\n<meta property=\"og:site_name\" content=\"LA MARINA BJ\" \/>\n<meta property=\"article:published_time\" content=\"2024-09-03T09:23:37+00:00\" \/>\n<meta property=\"article:modified_time\" content=\"2024-09-03T09:29:09+00:00\" \/>\n<meta property=\"og:image\" content=\"https:\/\/lamarinabj.com\/wp-content\/uploads\/2024\/09\/95a7cef6-222a-4db1-bc22-43d5fdb22c37_cx0_cy6_cw100_w408_r1.jpg\" \/>\n\t<meta property=\"og:image:width\" content=\"408\" \/>\n\t<meta property=\"og:image:height\" content=\"230\" \/>\n\t<meta property=\"og:image:type\" content=\"image\/jpeg\" \/>\n<meta name=\"author\" content=\"La Marina Bj\" \/>\n<meta name=\"twitter:card\" content=\"summary_large_image\" \/>\n<meta name=\"twitter:label1\" content=\"\u00c9crit par\" \/>\n\t<meta name=\"twitter:data1\" content=\"La Marina Bj\" \/>\n\t<meta name=\"twitter:label2\" content=\"Dur\u00e9e de lecture estim\u00e9e\" \/>\n\t<meta name=\"twitter:data2\" content=\"2 minutes\" \/>\n<script type=\"application\/ld+json\" class=\"yoast-schema-graph\">{\"@context\":\"https:\\\/\\\/schema.org\",\"@graph\":[{\"@type\":\"NewsArticle\",\"@id\":\"https:\\\/\\\/lamarinabj.com\\\/index.php\\\/2024\\\/09\\\/03\\\/patrice-talon-absent-au-9e-forum-chine-afrique-la-vice-presidente-mariam-chabi-talata-represente-le-benin\\\/#article\",\"isPartOf\":{\"@id\":\"https:\\\/\\\/lamarinabj.com\\\/index.php\\\/2024\\\/09\\\/03\\\/patrice-talon-absent-au-9e-forum-chine-afrique-la-vice-presidente-mariam-chabi-talata-represente-le-benin\\\/\"},\"author\":{\"name\":\"La Marina Bj\",\"@id\":\"https:\\\/\\\/lamarinabj.com\\\/#\\\/schema\\\/person\\\/89dc3df245cc348449b2502e2d5c016b\"},\"headline\":\"Patrice Talon absent au 9e forum Chine-Afrique : La Vice-Pr\u00e9sidente Mariam Chabi Talata repr\u00e9sente le B\u00e9nin\",\"datePublished\":\"2024-09-03T09:23:37+00:00\",\"dateModified\":\"2024-09-03T09:29:09+00:00\",\"mainEntityOfPage\":{\"@id\":\"https:\\\/\\\/lamarinabj.com\\\/index.php\\\/2024\\\/09\\\/03\\\/patrice-talon-absent-au-9e-forum-chine-afrique-la-vice-presidente-mariam-chabi-talata-represente-le-benin\\\/\"},\"wordCount\":339,\"commentCount\":0,\"image\":{\"@id\":\"https:\\\/\\\/lamarinabj.com\\\/index.php\\\/2024\\\/09\\\/03\\\/patrice-talon-absent-au-9e-forum-chine-afrique-la-vice-presidente-mariam-chabi-talata-represente-le-benin\\\/#primaryimage\"},\"thumbnailUrl\":\"https:\\\/\\\/lamarinabj.com\\\/wp-content\\\/uploads\\\/2024\\\/09\\\/95a7cef6-222a-4db1-bc22-43d5fdb22c37_cx0_cy6_cw100_w408_r1.jpg\",\"keywords\":[\"B\u00e9nin\",\"Forum Chine Afrique\"],\"articleSection\":[\"GOUVERNANCE\",\"L'\u00c9V\u00c9NEMENT\"],\"inLanguage\":\"fr-FR\",\"potentialAction\":[{\"@type\":\"CommentAction\",\"name\":\"Comment\",\"target\":[\"https:\\\/\\\/lamarinabj.com\\\/index.php\\\/2024\\\/09\\\/03\\\/patrice-talon-absent-au-9e-forum-chine-afrique-la-vice-presidente-mariam-chabi-talata-represente-le-benin\\\/#respond\"]}]},{\"@type\":[\"WebPage\",\"SearchResultsPage\"],\"@id\":\"https:\\\/\\\/lamarinabj.com\\\/index.php\\\/2024\\\/09\\\/03\\\/patrice-talon-absent-au-9e-forum-chine-afrique-la-vice-presidente-mariam-chabi-talata-represente-le-benin\\\/\",\"url\":\"https:\\\/\\\/lamarinabj.com\\\/index.php\\\/2024\\\/09\\\/03\\\/patrice-talon-absent-au-9e-forum-chine-afrique-la-vice-presidente-mariam-chabi-talata-represente-le-benin\\\/\",\"name\":\"Patrice Talon absent au 9e forum Chine-Afrique : La Vice-Pr\u00e9sidente Mariam Chabi Talata repr\u00e9sente le B\u00e9nin - LA MARINA BJ\",\"isPartOf\":{\"@id\":\"https:\\\/\\\/lamarinabj.com\\\/#website\"},\"primaryImageOfPage\":{\"@id\":\"https:\\\/\\\/lamarinabj.com\\\/index.php\\\/2024\\\/09\\\/03\\\/patrice-talon-absent-au-9e-forum-chine-afrique-la-vice-presidente-mariam-chabi-talata-represente-le-benin\\\/#primaryimage\"},\"image\":{\"@id\":\"https:\\\/\\\/lamarinabj.com\\\/index.php\\\/2024\\\/09\\\/03\\\/patrice-talon-absent-au-9e-forum-chine-afrique-la-vice-presidente-mariam-chabi-talata-represente-le-benin\\\/#primaryimage\"},\"thumbnailUrl\":\"https:\\\/\\\/lamarinabj.com\\\/wp-content\\\/uploads\\\/2024\\\/09\\\/95a7cef6-222a-4db1-bc22-43d5fdb22c37_cx0_cy6_cw100_w408_r1.jpg\",\"datePublished\":\"2024-09-03T09:23:37+00:00\",\"dateModified\":\"2024-09-03T09:29:09+00:00\",\"author\":{\"@id\":\"https:\\\/\\\/lamarinabj.com\\\/#\\\/schema\\\/person\\\/89dc3df245cc348449b2502e2d5c016b\"},\"description\":\"Arriv\u00e9e \u00e0 P\u00e9kin hier dans l'apr\u00e8s-midi, Mariam Chabi Talata a \u00e9t\u00e9 accueillie par des responsables chinois \u00e0 l'a\u00e9roport dont l'ambassadeur de la Chine au B\u00e9nin\",\"breadcrumb\":{\"@id\":\"https:\\\/\\\/lamarinabj.com\\\/index.php\\\/2024\\\/09\\\/03\\\/patrice-talon-absent-au-9e-forum-chine-afrique-la-vice-presidente-mariam-chabi-talata-represente-le-benin\\\/#breadcrumb\"},\"inLanguage\":\"fr-FR\",\"potentialAction\":[{\"@type\":\"ReadAction\",\"target\":[\"https:\\\/\\\/lamarinabj.com\\\/index.php\\\/2024\\\/09\\\/03\\\/patrice-talon-absent-au-9e-forum-chine-afrique-la-vice-presidente-mariam-chabi-talata-represente-le-benin\\\/\"]}]},{\"@type\":\"ImageObject\",\"inLanguage\":\"fr-FR\",\"@id\":\"https:\\\/\\\/lamarinabj.com\\\/index.php\\\/2024\\\/09\\\/03\\\/patrice-talon-absent-au-9e-forum-chine-afrique-la-vice-presidente-mariam-chabi-talata-represente-le-benin\\\/#primaryimage\",\"url\":\"https:\\\/\\\/lamarinabj.com\\\/wp-content\\\/uploads\\\/2024\\\/09\\\/95a7cef6-222a-4db1-bc22-43d5fdb22c37_cx0_cy6_cw100_w408_r1.jpg\",\"contentUrl\":\"https:\\\/\\\/lamarinabj.com\\\/wp-content\\\/uploads\\\/2024\\\/09\\\/95a7cef6-222a-4db1-bc22-43d5fdb22c37_cx0_cy6_cw100_w408_r1.jpg\",\"width\":408,\"height\":230},{\"@type\":\"BreadcrumbList\",\"@id\":\"https:\\\/\\\/lamarinabj.com\\\/index.php\\\/2024\\\/09\\\/03\\\/patrice-talon-absent-au-9e-forum-chine-afrique-la-vice-presidente-mariam-chabi-talata-represente-le-benin\\\/#breadcrumb\",\"itemListElement\":[{\"@type\":\"ListItem\",\"position\":1,\"name\":\"Accueil\",\"item\":\"https:\\\/\\\/lamarinabj.com\\\/\"},{\"@type\":\"ListItem\",\"position\":2,\"name\":\"Patrice Talon absent au 9e forum Chine-Afrique : La Vice-Pr\u00e9sidente Mariam Chabi Talata repr\u00e9sente le B\u00e9nin\"}]},{\"@type\":\"WebSite\",\"@id\":\"https:\\\/\\\/lamarinabj.com\\\/#website\",\"url\":\"https:\\\/\\\/lamarinabj.com\\\/\",\"name\":\"LA MARINA BJ\",\"description\":\"Votre portail vers l&#039;information strat\u00e9gique au B\u00e9nin, en Afrique et au-del\u00e0\",\"potentialAction\":[{\"@type\":\"SearchAction\",\"target\":{\"@type\":\"EntryPoint\",\"urlTemplate\":\"https:\\\/\\\/lamarinabj.com\\\/?s={search_term_string}\"},\"query-input\":{\"@type\":\"PropertyValueSpecification\",\"valueRequired\":true,\"valueName\":\"search_term_string\"}}],\"inLanguage\":\"fr-FR\"},{\"@type\":\"Person\",\"@id\":\"https:\\\/\\\/lamarinabj.com\\\/#\\\/schema\\\/person\\\/89dc3df245cc348449b2502e2d5c016b\",\"name\":\"La Marina Bj\",\"image\":{\"@type\":\"ImageObject\",\"inLanguage\":\"fr-FR\",\"@id\":\"https:\\\/\\\/secure.gravatar.com\\\/avatar\\\/6ef884b7fb1dab6e8672f19e68299568fe069dc761d88506e39bee8464c70e4a?s=96&d=mm&r=g\",\"url\":\"https:\\\/\\\/secure.gravatar.com\\\/avatar\\\/6ef884b7fb1dab6e8672f19e68299568fe069dc761d88506e39bee8464c70e4a?s=96&d=mm&r=g\",\"contentUrl\":\"https:\\\/\\\/secure.gravatar.com\\\/avatar\\\/6ef884b7fb1dab6e8672f19e68299568fe069dc761d88506e39bee8464c70e4a?s=96&d=mm&r=g\",\"caption\":\"La Marina Bj\"},\"url\":\"https:\\\/\\\/lamarinabj.com\\\/index.php\\\/author\\\/la-marina-bj\\\/\"}]}<\/script>\n<!-- \/ Yoast SEO plugin. -->","yoast_head_json":{"title":"Patrice Talon absent au 9e forum Chine-Afrique : La Vice-Pr\u00e9sidente Mariam Chabi Talata repr\u00e9sente le B\u00e9nin - LA MARINA BJ","description":"Arriv\u00e9e \u00e0 P\u00e9kin hier dans l'apr\u00e8s-midi, Mariam Chabi Talata a \u00e9t\u00e9 accueillie par des responsables chinois \u00e0 l'a\u00e9roport dont l'ambassadeur de la Chine au B\u00e9nin","robots":{"index":"index","follow":"follow","max-snippet":"max-snippet:-1","max-image-preview":"max-image-preview:large","max-video-preview":"max-video-preview:-1"},"canonical":"https:\/\/lamarinabj.com\/index.php\/2024\/09\/03\/patrice-talon-absent-au-9e-forum-chine-afrique-la-vice-presidente-mariam-chabi-talata-represente-le-benin\/","og_locale":"fr_FR","og_type":"article","og_title":"Patrice Talon absent au 9e forum Chine-Afrique : La Vice-Pr\u00e9sidente Mariam Chabi Talata repr\u00e9sente le B\u00e9nin - LA MARINA BJ","og_description":"Arriv\u00e9e \u00e0 P\u00e9kin hier dans l'apr\u00e8s-midi, Mariam Chabi Talata a \u00e9t\u00e9 accueillie par des responsables chinois \u00e0 l'a\u00e9roport dont l'ambassadeur de la Chine au B\u00e9nin","og_url":"https:\/\/lamarinabj.com\/index.php\/2024\/09\/03\/patrice-talon-absent-au-9e-forum-chine-afrique-la-vice-presidente-mariam-chabi-talata-represente-le-benin\/","og_site_name":"LA MARINA BJ","article_published_time":"2024-09-03T09:23:37+00:00","article_modified_time":"2024-09-03T09:29:09+00:00","og_image":[{"width":408,"height":230,"url":"https:\/\/lamarinabj.com\/wp-content\/uploads\/2024\/09\/95a7cef6-222a-4db1-bc22-43d5fdb22c37_cx0_cy6_cw100_w408_r1.jpg","type":"image\/jpeg"}],"author":"La Marina Bj","twitter_card":"summary_large_image","twitter_misc":{"\u00c9crit par":"La Marina Bj","Dur\u00e9e de lecture estim\u00e9e":"2 minutes"},"schema":{"@context":"https:\/\/schema.org","@graph":[{"@type":"NewsArticle","@id":"https:\/\/lamarinabj.com\/index.php\/2024\/09\/03\/patrice-talon-absent-au-9e-forum-chine-afrique-la-vice-presidente-mariam-chabi-talata-represente-le-benin\/#article","isPartOf":{"@id":"https:\/\/lamarinabj.com\/index.php\/2024\/09\/03\/patrice-talon-absent-au-9e-forum-chine-afrique-la-vice-presidente-mariam-chabi-talata-represente-le-benin\/"},"author":{"name":"La Marina Bj","@id":"https:\/\/lamarinabj.com\/#\/schema\/person\/89dc3df245cc348449b2502e2d5c016b"},"headline":"Patrice Talon absent au 9e forum Chine-Afrique : La Vice-Pr\u00e9sidente Mariam Chabi Talata repr\u00e9sente le B\u00e9nin","datePublished":"2024-09-03T09:23:37+00:00","dateModified":"2024-09-03T09:29:09+00:00","mainEntityOfPage":{"@id":"https:\/\/lamarinabj.com\/index.php\/2024\/09\/03\/patrice-talon-absent-au-9e-forum-chine-afrique-la-vice-presidente-mariam-chabi-talata-represente-le-benin\/"},"wordCount":339,"commentCount":0,"image":{"@id":"https:\/\/lamarinabj.com\/index.php\/2024\/09\/03\/patrice-talon-absent-au-9e-forum-chine-afrique-la-vice-presidente-mariam-chabi-talata-represente-le-benin\/#primaryimage"},"thumbnailUrl":"https:\/\/lamarinabj.com\/wp-content\/uploads\/2024\/09\/95a7cef6-222a-4db1-bc22-43d5fdb22c37_cx0_cy6_cw100_w408_r1.jpg","keywords":["B\u00e9nin","Forum Chine Afrique"],"articleSection":["GOUVERNANCE","L'\u00c9V\u00c9NEMENT"],"inLanguage":"fr-FR","potentialAction":[{"@type":"CommentAction","name":"Comment","target":["https:\/\/lamarinabj.com\/index.php\/2024\/09\/03\/patrice-talon-absent-au-9e-forum-chine-afrique-la-vice-presidente-mariam-chabi-talata-represente-le-benin\/#respond"]}]},{"@type":["WebPage","SearchResultsPage"],"@id":"https:\/\/lamarinabj.com\/index.php\/2024\/09\/03\/patrice-talon-absent-au-9e-forum-chine-afrique-la-vice-presidente-mariam-chabi-talata-represente-le-benin\/","url":"https:\/\/lamarinabj.com\/index.php\/2024\/09\/03\/patrice-talon-absent-au-9e-forum-chine-afrique-la-vice-presidente-mariam-chabi-talata-represente-le-benin\/","name":"Patrice Talon absent au 9e forum Chine-Afrique : La Vice-Pr\u00e9sidente Mariam Chabi Talata repr\u00e9sente le B\u00e9nin - LA MARINA BJ","isPartOf":{"@id":"https:\/\/lamarinabj.com\/#website"},"primaryImageOfPage":{"@id":"https:\/\/lamarinabj.com\/index.php\/2024\/09\/03\/patrice-talon-absent-au-9e-forum-chine-afrique-la-vice-presidente-mariam-chabi-talata-represente-le-benin\/#primaryimage"},"image":{"@id":"https:\/\/lamarinabj.com\/index.php\/2024\/09\/03\/patrice-talon-absent-au-9e-forum-chine-afrique-la-vice-presidente-mariam-chabi-talata-represente-le-benin\/#primaryimage"},"thumbnailUrl":"https:\/\/lamarinabj.com\/wp-content\/uploads\/2024\/09\/95a7cef6-222a-4db1-bc22-43d5fdb22c37_cx0_cy6_cw100_w408_r1.jpg","datePublished":"2024-09-03T09:23:37+00:00","dateModified":"2024-09-03T09:29:09+00:00","author":{"@id":"https:\/\/lamarinabj.com\/#\/schema\/person\/89dc3df245cc348449b2502e2d5c016b"},"description":"Arriv\u00e9e \u00e0 P\u00e9kin hier dans l'apr\u00e8s-midi, Mariam Chabi Talata a \u00e9t\u00e9 accueillie par des responsables chinois \u00e0 l'a\u00e9roport dont l'ambassadeur de la Chine au B\u00e9nin","breadcrumb":{"@id":"https:\/\/lamarinabj.com\/index.php\/2024\/09\/03\/patrice-talon-absent-au-9e-forum-chine-afrique-la-vice-presidente-mariam-chabi-talata-represente-le-benin\/#breadcrumb"},"inLanguage":"fr-FR","potentialAction":[{"@type":"ReadAction","target":["https:\/\/lamarinabj.com\/index.php\/2024\/09\/03\/patrice-talon-absent-au-9e-forum-chine-afrique-la-vice-presidente-mariam-chabi-talata-represente-le-benin\/"]}]},{"@type":"ImageObject","inLanguage":"fr-FR","@id":"https:\/\/lamarinabj.com\/index.php\/2024\/09\/03\/patrice-talon-absent-au-9e-forum-chine-afrique-la-vice-presidente-mariam-chabi-talata-represente-le-benin\/#primaryimage","url":"https:\/\/lamarinabj.com\/wp-content\/uploads\/2024\/09\/95a7cef6-222a-4db1-bc22-43d5fdb22c37_cx0_cy6_cw100_w408_r1.jpg","contentUrl":"https:\/\/lamarinabj.com\/wp-content\/uploads\/2024\/09\/95a7cef6-222a-4db1-bc22-43d5fdb22c37_cx0_cy6_cw100_w408_r1.jpg","width":408,"height":230},{"@type":"BreadcrumbList","@id":"https:\/\/lamarinabj.com\/index.php\/2024\/09\/03\/patrice-talon-absent-au-9e-forum-chine-afrique-la-vice-presidente-mariam-chabi-talata-represente-le-benin\/#breadcrumb","itemListElement":[{"@type":"ListItem","position":1,"name":"Accueil","item":"https:\/\/lamarinabj.com\/"},{"@type":"ListItem","position":2,"name":"Patrice Talon absent au 9e forum Chine-Afrique : La Vice-Pr\u00e9sidente Mariam Chabi Talata repr\u00e9sente le B\u00e9nin"}]},{"@type":"WebSite","@id":"https:\/\/lamarinabj.com\/#website","url":"https:\/\/lamarinabj.com\/","name":"LA MARINA BJ","description":"Votre portail vers l&#039;information strat\u00e9gique au B\u00e9nin, en Afrique et au-del\u00e0","potentialAction":[{"@type":"SearchAction","target":{"@type":"EntryPoint","urlTemplate":"https:\/\/lamarinabj.com\/?s={search_term_string}"},"query-input":{"@type":"PropertyValueSpecification","valueRequired":true,"valueName":"search_term_string"}}],"inLanguage":"fr-FR"},{"@type":"Person","@id":"https:\/\/lamarinabj.com\/#\/schema\/person\/89dc3df245cc348449b2502e2d5c016b","name":"La Marina Bj","image":{"@type":"ImageObject","inLanguage":"fr-FR","@id":"https:\/\/secure.gravatar.com\/avatar\/6ef884b7fb1dab6e8672f19e68299568fe069dc761d88506e39bee8464c70e4a?s=96&d=mm&r=g","url":"https:\/\/secure.gravatar.com\/avatar\/6ef884b7fb1dab6e8672f19e68299568fe069dc761d88506e39bee8464c70e4a?s=96&d=mm&r=g","contentUrl":"https:\/\/secure.gravatar.com\/avatar\/6ef884b7fb1dab6e8672f19e68299568fe069dc761d88506e39bee8464c70e4a?s=96&d=mm&r=g","caption":"La Marina Bj"},"url":"https:\/\/lamarinabj.com\/index.php\/author\/la-marina-bj\/"}]}},"_links":{"self":[{"href":"https:\/\/lamarinabj.com\/index.php\/wp-json\/wp\/v2\/posts\/7832","targetHints":{"allow":["GET"]}}],"collection":[{"href":"https:\/\/lamarinabj.com\/index.php\/wp-json\/wp\/v2\/posts"}],"about":[{"href":"https:\/\/lamarinabj.com\/index.php\/wp-json\/wp\/v2\/types\/post"}],"author":[{"embeddable":true,"href":"https:\/\/lamarinabj.com\/index.php\/wp-json\/wp\/v2\/users\/7"}],"replies":[{"embeddable":true,"href":"https:\/\/lamarinabj.com\/index.php\/wp-json\/wp\/v2\/comments?post=7832"}],"version-history":[{"count":3,"href":"https:\/\/lamarinabj.com\/index.php\/wp-json\/wp\/v2\/posts\/7832\/revisions"}],"predecessor-version":[{"id":7836,"href":"https:\/\/lamarinabj.com\/index.php\/wp-json\/wp\/v2\/posts\/7832\/revisions\/7836"}],"wp:featuredmedia":[{"embeddable":true,"href":"https:\/\/lamarinabj.com\/index.php\/wp-json\/wp\/v2\/media\/7833"}],"wp:attachment":[{"href":"https:\/\/lamarinabj.com\/index.php\/wp-json\/wp\/v2\/media?parent=7832"}],"wp:term":[{"taxonomy":"category","embeddable":true,"href":"https:\/\/lamarinabj.com\/index.php\/wp-json\/wp\/v2\/categories?post=7832"},{"taxonomy":"post_tag","embeddable":true,"href":"https:\/\/lamarinabj.com\/index.php\/wp-json\/wp\/v2\/tags?post=7832"}],"curies":[{"name":"wp","href":"https:\/\/api.w.org\/{rel}","templated":true}]}}