{"id":7837,"date":"2024-09-03T13:57:15","date_gmt":"2024-09-03T12:57:15","guid":{"rendered":"https:\/\/lamarinabj.com\/?p=7837"},"modified":"2024-09-03T13:57:16","modified_gmt":"2024-09-03T12:57:16","slug":"en-2023-comment-le-pnud-benin-a-transforme-les-defis-en-opportunites","status":"publish","type":"post","link":"https:\/\/lamarinabj.com\/index.php\/2024\/09\/03\/en-2023-comment-le-pnud-benin-a-transforme-les-defis-en-opportunites\/","title":{"rendered":"En 2023, comment le PNUD B\u00e9nin a transform\u00e9 les d\u00e9fis en opportunit\u00e9s ?"},"content":{"rendered":"\n<p><strong><mark style=\"background-color:rgba(0, 0, 0, 0)\" class=\"has-inline-color has-red-color\">Diplomatie, B\u00e9nin, PNUD<\/mark><\/strong> &#8211; <strong><em>Le rapport annuel tant attendu pour l&rsquo;ann\u00e9e 2023 du Programme des Nations Unies pour le D\u00e9veloppement (PNUD) au B\u00e9nin a \u00e9t\u00e9 rendu public le 31 ao\u00fbt 2024. Ce document dresse un bilan d\u00e9taill\u00e9 d&rsquo;une ann\u00e9e particuli\u00e8rement complexe, o\u00f9 le PNUD a su transformer de nombreux d\u00e9fis en opportunit\u00e9s de d\u00e9veloppement durable. <\/em><\/strong><\/p>\n\n\n\n<p>Dans un contexte international et r\u00e9gional marqu\u00e9 par de profondes turbulences \u00e9conomiques et s\u00e9curitaires, le PNUD B\u00e9nin, en \u00e9troite collaboration avec le gouvernement b\u00e9ninois, a intensifi\u00e9 ses actions. L&rsquo;ann\u00e9e 2023 a cl\u00f4tur\u00e9 un cycle de programmation (2019-2023) durant lequel l&rsquo;agence onusienne a mis en \u0153uvre de nombreuses initiatives pour renforcer la r\u00e9silience du B\u00e9nin face aux chocs, tant sur le plan \u00e9conomique, social qu&rsquo;environnemental.<\/p>\n\n\n\n<h3 id=\"croissance-inclusive-transformer-les-contraintes-en-catalyseurs-de-developpement\" class=\"wp-block-heading\"><mark style=\"background-color:rgba(0, 0, 0, 0)\" class=\"has-inline-color has-red-color\">Croissance inclusive : transformer les contraintes en catalyseurs de d\u00e9veloppement<\/mark><\/h3>\n\n\n\n<p>Face \u00e0 une \u00e9conomie mondiale en ralentissement, le PNUD B\u00e9nin a recentr\u00e9 ses efforts pour promouvoir une croissance inclusive qui profite \u00e0 tous. Des projets comme le Projet de D\u00e9veloppement de l\u2019Agrobusiness au B\u00e9nin (PDAB) et le Projet Moyens de Subsistance Durables (PMSD) ont \u00e9t\u00e9 des exemples cl\u00e9s de cette strat\u00e9gie selon le rapport annuel. Ces initiatives ont non seulement permis de renforcer la r\u00e9silience des communaut\u00e9s agricoles aux changements climatiques, mais aussi d&rsquo;am\u00e9liorer l&rsquo;acc\u00e8s \u00e0 des technologies agricoles adapt\u00e9es pour plus de 1 100 b\u00e9n\u00e9ficiaires en 2023, dont une grande majorit\u00e9 de femmes.<\/p>\n\n\n\n<p>En outre, les efforts du PNUD dans la promotion de l&rsquo;\u00e9nergie durable, \u00e0 travers des projets comme le PANA-ENERGIE, ont permis d&rsquo;augmenter, d&rsquo;apr\u00e8s le rapport, l&rsquo;acc\u00e8s \u00e0 l&rsquo;\u00e9nergie solaire pour les populations hors r\u00e9seau, transformant ainsi un d\u00e9fi en une opportunit\u00e9 de d\u00e9veloppement durable.<\/p>\n\n\n\n<h3 id=\"gouvernance-et-democratie-des-defis-securitaires-aux-reformes-structurantes\" class=\"wp-block-heading\"><mark style=\"background-color:rgba(0, 0, 0, 0)\" class=\"has-inline-color has-red-color\">Gouvernance et d\u00e9mocratie : Des d\u00e9fis s\u00e9curitaires aux r\u00e9formes structurantes<\/mark><\/h3>\n\n\n\n<p>L&rsquo;une des r\u00e9ussites notables de 2023 d&rsquo;apr\u00e8s le rapport a \u00e9t\u00e9 l&rsquo;accompagnement du processus \u00e9lectoral par le PNUD B\u00e9nin. En collaboration avec la Commission \u00c9lectorale Nationale Autonome (CENA) et la Haute Autorit\u00e9 de l\u2019Audiovisuel et de la Communication (HAAC), le PNUD B\u00e9nin a jou\u00e9 un r\u00f4le crucial dans l&rsquo;organisation des \u00e9lections l\u00e9gislatives de janvier 2023, garantissant ainsi leur bon d\u00e9roulement. Cette intervention a contribu\u00e9 \u00e0 renforcer la confiance entre les acteurs politiques et les institutions \u00e9lectorales, dans un contexte o\u00f9 la stabilit\u00e9 politique \u00e9tait essentielle.<\/p>\n\n\n\n<p>De plus, le PNUD B\u00e9nin a \u0153uvr\u00e9 pour le renforcement des capacit\u00e9s du parlement b\u00e9ninois, permettant ainsi une meilleure gouvernance et un contr\u00f4le accru de l\u2019action gouvernementale. Ce travail de fond a abouti \u00e0 une augmentation significative du nombre d&rsquo;interpellations parlementaires, passant de z\u00e9ro en 2022 \u00e0 sept en 2023.<\/p>\n\n\n\n<p>Le contexte s\u00e9curitaire dans le nord du B\u00e9nin, exacerb\u00e9 par la crise au Sahel, a repr\u00e9sent\u00e9 un autre d\u00e9fi de taille en 2023. Le PNUD B\u00e9nin a r\u00e9pondu \u00e0 cette situation en renfor\u00e7ant les programmes de r\u00e9silience dans les communaut\u00e9s affect\u00e9es, avec un accent particulier sur la pr\u00e9vention de l&rsquo;extr\u00e9misme violent et la gestion pacifique des conflits. Ces actions, selon le rapport, ont non seulement permis de stabiliser les zones touch\u00e9es, mais ont aussi pos\u00e9 les bases d&rsquo;une paix durable, essentielle pour le d\u00e9veloppement \u00e0 long terme.<\/p>\n\n\n\n<h3 id=\"des-perspectives-prometteuses-pour-lavenir\" class=\"wp-block-heading\"><mark style=\"background-color:rgba(0, 0, 0, 0)\" class=\"has-inline-color has-red-color\">Des perspectives prometteuses pour l\u2019avenir<\/mark><\/h3>\n\n\n\n<p>L&rsquo;engagement du PNUD B\u00e9nin ne s&rsquo;arr\u00eate pas l\u00e0. En 2023 pr\u00e9cise le rapport, la vision du B\u00e9nin \u00e0 l&rsquo;horizon 2060 a \u00e9t\u00e9 lanc\u00e9e, avec l&rsquo;appui du PNUD, pour tracer une voie claire vers un avenir prosp\u00e8re et durable. Cette initiative s&rsquo;inscrit dans la continuit\u00e9 des efforts du PNUD pour soutenir les Objectifs de D\u00e9veloppement Durable (ODD) d&rsquo;ici 2030.<\/p>\n\n\n\n<p>En somme, l&rsquo;ann\u00e9e 2023, bien que pleine de d\u00e9fis, a \u00e9t\u00e9 une ann\u00e9e de transformation pour le PNUD au B\u00e9nin. En collaboration avec le gouvernement b\u00e9ninois et les partenaires techniques et financiers, le PNUD a su convertir les obstacles en opportunit\u00e9s, posant ainsi les bases d&rsquo;un d\u00e9veloppement plus inclusif, r\u00e9silient et durable pour les ann\u00e9es \u00e0 venir.<\/p>\n","protected":false},"excerpt":{"rendered":"Diplomatie, B\u00e9nin, PNUD &#8211; Le rapport annuel tant attendu pour l&rsquo;ann\u00e9e 2023 du Programme des Nations Unies pour&hellip;\n","protected":false},"author":3,"featured_media":7838,"comment_status":"open","ping_status":"open","sticky":false,"template":"elementor_theme","format":"standard","meta":{"csco_singular_sidebar":"","csco_page_header_type":"standard","csco_appearance_masonry":"","csco_page_load_nextpost":"","csco_post_video_location":[],"csco_post_video_location_hash":"","csco_post_video_url":"","csco_post_video_bg_start_time":0,"csco_post_video_bg_end_time":0,"footnotes":""},"categories":[85,191,45],"tags":[41,338,788],"class_list":{"0":"post-7837","1":"post","2":"type-post","3":"status-publish","4":"format-standard","5":"has-post-thumbnail","7":"category-diplomatie","8":"category-en-savoir-plus-2","9":"category-gouvernance","10":"tag-benin","11":"tag-pnud-benin","12":"tag-rapport-annuel","13":"cs-entry","14":"cs-video-wrap"},"yoast_head":"<!-- This site is optimized with the Yoast SEO plugin v27.4 - https:\/\/yoast.com\/product\/yoast-seo-wordpress\/ -->\n<title>En 2023, comment le PNUD B\u00e9nin a transform\u00e9 les d\u00e9fis en opportunit\u00e9s ? - LA MARINA BJ<\/title>\n<meta name=\"description\" content=\"L&#039;ann\u00e9e 2023 a cl\u00f4tur\u00e9 un cycle de programmation (2019-2023) durant lequel l&#039;agence onusienne a mis en \u0153uvre de nombreuses initiatives pour renforcer la r\u00e9silience du B\u00e9nin face aux chocs, tant sur le plan \u00e9conomique, social qu&#039;environnemental.\" \/>\n<meta name=\"robots\" content=\"index, follow, max-snippet:-1, max-image-preview:large, max-video-preview:-1\" \/>\n<link rel=\"canonical\" href=\"https:\/\/lamarinabj.com\/index.php\/2024\/09\/03\/en-2023-comment-le-pnud-benin-a-transforme-les-defis-en-opportunites\/\" \/>\n<meta property=\"og:locale\" content=\"fr_FR\" \/>\n<meta property=\"og:type\" content=\"article\" \/>\n<meta property=\"og:title\" content=\"En 2023, comment le PNUD B\u00e9nin a transform\u00e9 les d\u00e9fis en opportunit\u00e9s ? - LA MARINA BJ\" \/>\n<meta property=\"og:description\" content=\"L&#039;ann\u00e9e 2023 a cl\u00f4tur\u00e9 un cycle de programmation (2019-2023) durant lequel l&#039;agence onusienne a mis en \u0153uvre de nombreuses initiatives pour renforcer la r\u00e9silience du B\u00e9nin face aux chocs, tant sur le plan \u00e9conomique, social qu&#039;environnemental.\" \/>\n<meta property=\"og:url\" content=\"https:\/\/lamarinabj.com\/index.php\/2024\/09\/03\/en-2023-comment-le-pnud-benin-a-transforme-les-defis-en-opportunites\/\" \/>\n<meta property=\"og:site_name\" content=\"LA MARINA BJ\" \/>\n<meta property=\"article:published_time\" content=\"2024-09-03T12:57:15+00:00\" \/>\n<meta property=\"article:modified_time\" content=\"2024-09-03T12:57:16+00:00\" \/>\n<meta property=\"og:image\" content=\"https:\/\/lamarinabj.com\/wp-content\/uploads\/2024\/09\/IMG_20240903_133828.jpg\" \/>\n\t<meta property=\"og:image:width\" content=\"874\" \/>\n\t<meta property=\"og:image:height\" content=\"1237\" \/>\n\t<meta property=\"og:image:type\" content=\"image\/jpeg\" \/>\n<meta name=\"author\" content=\"La Marina BJ - Team Veille &amp; Projets publics\" \/>\n<meta name=\"twitter:card\" content=\"summary_large_image\" \/>\n<meta name=\"twitter:label1\" content=\"\u00c9crit par\" \/>\n\t<meta name=\"twitter:data1\" content=\"La Marina BJ - Team Veille &amp; Projets publics\" \/>\n\t<meta name=\"twitter:label2\" content=\"Dur\u00e9e de lecture estim\u00e9e\" \/>\n\t<meta name=\"twitter:data2\" content=\"4 minutes\" \/>\n<script type=\"application\/ld+json\" class=\"yoast-schema-graph\">{\"@context\":\"https:\\\/\\\/schema.org\",\"@graph\":[{\"@type\":\"NewsArticle\",\"@id\":\"https:\\\/\\\/lamarinabj.com\\\/index.php\\\/2024\\\/09\\\/03\\\/en-2023-comment-le-pnud-benin-a-transforme-les-defis-en-opportunites\\\/#article\",\"isPartOf\":{\"@id\":\"https:\\\/\\\/lamarinabj.com\\\/index.php\\\/2024\\\/09\\\/03\\\/en-2023-comment-le-pnud-benin-a-transforme-les-defis-en-opportunites\\\/\"},\"author\":{\"name\":\"La Marina BJ - Team Veille &amp; Projets publics\",\"@id\":\"https:\\\/\\\/lamarinabj.com\\\/#\\\/schema\\\/person\\\/70c372a4c3c86bd4844a0382357a0f2d\"},\"headline\":\"En 2023, comment le PNUD B\u00e9nin a transform\u00e9 les d\u00e9fis en opportunit\u00e9s ?\",\"datePublished\":\"2024-09-03T12:57:15+00:00\",\"dateModified\":\"2024-09-03T12:57:16+00:00\",\"mainEntityOfPage\":{\"@id\":\"https:\\\/\\\/lamarinabj.com\\\/index.php\\\/2024\\\/09\\\/03\\\/en-2023-comment-le-pnud-benin-a-transforme-les-defis-en-opportunites\\\/\"},\"wordCount\":717,\"commentCount\":0,\"image\":{\"@id\":\"https:\\\/\\\/lamarinabj.com\\\/index.php\\\/2024\\\/09\\\/03\\\/en-2023-comment-le-pnud-benin-a-transforme-les-defis-en-opportunites\\\/#primaryimage\"},\"thumbnailUrl\":\"https:\\\/\\\/lamarinabj.com\\\/wp-content\\\/uploads\\\/2024\\\/09\\\/IMG_20240903_133828.jpg\",\"keywords\":[\"B\u00e9nin\",\"PNUD B\u00e9nin\",\"Rapport annuel\"],\"articleSection\":[\"DIPLOMATIE\",\"EN SAVOIR PLUS\",\"GOUVERNANCE\"],\"inLanguage\":\"fr-FR\",\"potentialAction\":[{\"@type\":\"CommentAction\",\"name\":\"Comment\",\"target\":[\"https:\\\/\\\/lamarinabj.com\\\/index.php\\\/2024\\\/09\\\/03\\\/en-2023-comment-le-pnud-benin-a-transforme-les-defis-en-opportunites\\\/#respond\"]}]},{\"@type\":[\"WebPage\",\"SearchResultsPage\"],\"@id\":\"https:\\\/\\\/lamarinabj.com\\\/index.php\\\/2024\\\/09\\\/03\\\/en-2023-comment-le-pnud-benin-a-transforme-les-defis-en-opportunites\\\/\",\"url\":\"https:\\\/\\\/lamarinabj.com\\\/index.php\\\/2024\\\/09\\\/03\\\/en-2023-comment-le-pnud-benin-a-transforme-les-defis-en-opportunites\\\/\",\"name\":\"En 2023, comment le PNUD B\u00e9nin a transform\u00e9 les d\u00e9fis en opportunit\u00e9s ? - LA MARINA BJ\",\"isPartOf\":{\"@id\":\"https:\\\/\\\/lamarinabj.com\\\/#website\"},\"primaryImageOfPage\":{\"@id\":\"https:\\\/\\\/lamarinabj.com\\\/index.php\\\/2024\\\/09\\\/03\\\/en-2023-comment-le-pnud-benin-a-transforme-les-defis-en-opportunites\\\/#primaryimage\"},\"image\":{\"@id\":\"https:\\\/\\\/lamarinabj.com\\\/index.php\\\/2024\\\/09\\\/03\\\/en-2023-comment-le-pnud-benin-a-transforme-les-defis-en-opportunites\\\/#primaryimage\"},\"thumbnailUrl\":\"https:\\\/\\\/lamarinabj.com\\\/wp-content\\\/uploads\\\/2024\\\/09\\\/IMG_20240903_133828.jpg\",\"datePublished\":\"2024-09-03T12:57:15+00:00\",\"dateModified\":\"2024-09-03T12:57:16+00:00\",\"author\":{\"@id\":\"https:\\\/\\\/lamarinabj.com\\\/#\\\/schema\\\/person\\\/70c372a4c3c86bd4844a0382357a0f2d\"},\"description\":\"L'ann\u00e9e 2023 a cl\u00f4tur\u00e9 un cycle de programmation (2019-2023) durant lequel l'agence onusienne a mis en \u0153uvre de nombreuses initiatives pour renforcer la r\u00e9silience du B\u00e9nin face aux chocs, tant sur le plan \u00e9conomique, social qu'environnemental.\",\"breadcrumb\":{\"@id\":\"https:\\\/\\\/lamarinabj.com\\\/index.php\\\/2024\\\/09\\\/03\\\/en-2023-comment-le-pnud-benin-a-transforme-les-defis-en-opportunites\\\/#breadcrumb\"},\"inLanguage\":\"fr-FR\",\"potentialAction\":[{\"@type\":\"ReadAction\",\"target\":[\"https:\\\/\\\/lamarinabj.com\\\/index.php\\\/2024\\\/09\\\/03\\\/en-2023-comment-le-pnud-benin-a-transforme-les-defis-en-opportunites\\\/\"]}]},{\"@type\":\"ImageObject\",\"inLanguage\":\"fr-FR\",\"@id\":\"https:\\\/\\\/lamarinabj.com\\\/index.php\\\/2024\\\/09\\\/03\\\/en-2023-comment-le-pnud-benin-a-transforme-les-defis-en-opportunites\\\/#primaryimage\",\"url\":\"https:\\\/\\\/lamarinabj.com\\\/wp-content\\\/uploads\\\/2024\\\/09\\\/IMG_20240903_133828.jpg\",\"contentUrl\":\"https:\\\/\\\/lamarinabj.com\\\/wp-content\\\/uploads\\\/2024\\\/09\\\/IMG_20240903_133828.jpg\",\"width\":874,\"height\":1237},{\"@type\":\"BreadcrumbList\",\"@id\":\"https:\\\/\\\/lamarinabj.com\\\/index.php\\\/2024\\\/09\\\/03\\\/en-2023-comment-le-pnud-benin-a-transforme-les-defis-en-opportunites\\\/#breadcrumb\",\"itemListElement\":[{\"@type\":\"ListItem\",\"position\":1,\"name\":\"Accueil\",\"item\":\"https:\\\/\\\/lamarinabj.com\\\/\"},{\"@type\":\"ListItem\",\"position\":2,\"name\":\"En 2023, comment le PNUD B\u00e9nin a transform\u00e9 les d\u00e9fis en opportunit\u00e9s ?\"}]},{\"@type\":\"WebSite\",\"@id\":\"https:\\\/\\\/lamarinabj.com\\\/#website\",\"url\":\"https:\\\/\\\/lamarinabj.com\\\/\",\"name\":\"LA MARINA BJ\",\"description\":\"Votre portail vers l&#039;information strat\u00e9gique au B\u00e9nin, en Afrique et au-del\u00e0\",\"potentialAction\":[{\"@type\":\"SearchAction\",\"target\":{\"@type\":\"EntryPoint\",\"urlTemplate\":\"https:\\\/\\\/lamarinabj.com\\\/?s={search_term_string}\"},\"query-input\":{\"@type\":\"PropertyValueSpecification\",\"valueRequired\":true,\"valueName\":\"search_term_string\"}}],\"inLanguage\":\"fr-FR\"},{\"@type\":\"Person\",\"@id\":\"https:\\\/\\\/lamarinabj.com\\\/#\\\/schema\\\/person\\\/70c372a4c3c86bd4844a0382357a0f2d\",\"name\":\"La Marina BJ - Team Veille &amp; Projets publics\",\"image\":{\"@type\":\"ImageObject\",\"inLanguage\":\"fr-FR\",\"@id\":\"https:\\\/\\\/secure.gravatar.com\\\/avatar\\\/b56740eda81210101c8acebdd7c5c7db1bd0ab57f63df607996683fa153ff0d0?s=96&d=mm&r=g\",\"url\":\"https:\\\/\\\/secure.gravatar.com\\\/avatar\\\/b56740eda81210101c8acebdd7c5c7db1bd0ab57f63df607996683fa153ff0d0?s=96&d=mm&r=g\",\"contentUrl\":\"https:\\\/\\\/secure.gravatar.com\\\/avatar\\\/b56740eda81210101c8acebdd7c5c7db1bd0ab57f63df607996683fa153ff0d0?s=96&d=mm&r=g\",\"caption\":\"La Marina BJ - Team Veille &amp; Projets publics\"},\"description\":\"La Team Veille &amp; Projets publics de La Marina BJ est d\u00e9di\u00e9e \u00e0 la surveillance proactive des dynamiques institutionnelles impuls\u00e9es par l\u2019\u00c9tat, les agences publiques, les collectivit\u00e9s territoriales ainsi que les partenaires techniques et financiers. Gr\u00e2ce \u00e0 une veille strat\u00e9gique permanente, cette \u00e9quipe identifie et suit les projets de d\u00e9veloppement, les \u00e9tudes pr\u00e9alables et les investissements publics majeurs. Elle documente les politiques sectorielles, analyse les enjeux techniques, \u00e9conomiques, sociaux et environnementaux, et produit des contenus exclusifs pour \u00e9clairer les mutations structurelles.\",\"url\":\"https:\\\/\\\/lamarinabj.com\\\/index.php\\\/author\\\/simahou\\\/\"}]}<\/script>\n<!-- \/ Yoast SEO plugin. -->","yoast_head_json":{"title":"En 2023, comment le PNUD B\u00e9nin a transform\u00e9 les d\u00e9fis en opportunit\u00e9s ? - LA MARINA BJ","description":"L'ann\u00e9e 2023 a cl\u00f4tur\u00e9 un cycle de programmation (2019-2023) durant lequel l'agence onusienne a mis en \u0153uvre de nombreuses initiatives pour renforcer la r\u00e9silience du B\u00e9nin face aux chocs, tant sur le plan \u00e9conomique, social qu'environnemental.","robots":{"index":"index","follow":"follow","max-snippet":"max-snippet:-1","max-image-preview":"max-image-preview:large","max-video-preview":"max-video-preview:-1"},"canonical":"https:\/\/lamarinabj.com\/index.php\/2024\/09\/03\/en-2023-comment-le-pnud-benin-a-transforme-les-defis-en-opportunites\/","og_locale":"fr_FR","og_type":"article","og_title":"En 2023, comment le PNUD B\u00e9nin a transform\u00e9 les d\u00e9fis en opportunit\u00e9s ? - LA MARINA BJ","og_description":"L'ann\u00e9e 2023 a cl\u00f4tur\u00e9 un cycle de programmation (2019-2023) durant lequel l'agence onusienne a mis en \u0153uvre de nombreuses initiatives pour renforcer la r\u00e9silience du B\u00e9nin face aux chocs, tant sur le plan \u00e9conomique, social qu'environnemental.","og_url":"https:\/\/lamarinabj.com\/index.php\/2024\/09\/03\/en-2023-comment-le-pnud-benin-a-transforme-les-defis-en-opportunites\/","og_site_name":"LA MARINA BJ","article_published_time":"2024-09-03T12:57:15+00:00","article_modified_time":"2024-09-03T12:57:16+00:00","og_image":[{"width":874,"height":1237,"url":"https:\/\/lamarinabj.com\/wp-content\/uploads\/2024\/09\/IMG_20240903_133828.jpg","type":"image\/jpeg"}],"author":"La Marina BJ - Team Veille &amp; Projets publics","twitter_card":"summary_large_image","twitter_misc":{"\u00c9crit par":"La Marina BJ - Team Veille &amp; Projets publics","Dur\u00e9e de lecture estim\u00e9e":"4 minutes"},"schema":{"@context":"https:\/\/schema.org","@graph":[{"@type":"NewsArticle","@id":"https:\/\/lamarinabj.com\/index.php\/2024\/09\/03\/en-2023-comment-le-pnud-benin-a-transforme-les-defis-en-opportunites\/#article","isPartOf":{"@id":"https:\/\/lamarinabj.com\/index.php\/2024\/09\/03\/en-2023-comment-le-pnud-benin-a-transforme-les-defis-en-opportunites\/"},"author":{"name":"La Marina BJ - Team Veille &amp; Projets publics","@id":"https:\/\/lamarinabj.com\/#\/schema\/person\/70c372a4c3c86bd4844a0382357a0f2d"},"headline":"En 2023, comment le PNUD B\u00e9nin a transform\u00e9 les d\u00e9fis en opportunit\u00e9s ?","datePublished":"2024-09-03T12:57:15+00:00","dateModified":"2024-09-03T12:57:16+00:00","mainEntityOfPage":{"@id":"https:\/\/lamarinabj.com\/index.php\/2024\/09\/03\/en-2023-comment-le-pnud-benin-a-transforme-les-defis-en-opportunites\/"},"wordCount":717,"commentCount":0,"image":{"@id":"https:\/\/lamarinabj.com\/index.php\/2024\/09\/03\/en-2023-comment-le-pnud-benin-a-transforme-les-defis-en-opportunites\/#primaryimage"},"thumbnailUrl":"https:\/\/lamarinabj.com\/wp-content\/uploads\/2024\/09\/IMG_20240903_133828.jpg","keywords":["B\u00e9nin","PNUD B\u00e9nin","Rapport annuel"],"articleSection":["DIPLOMATIE","EN SAVOIR PLUS","GOUVERNANCE"],"inLanguage":"fr-FR","potentialAction":[{"@type":"CommentAction","name":"Comment","target":["https:\/\/lamarinabj.com\/index.php\/2024\/09\/03\/en-2023-comment-le-pnud-benin-a-transforme-les-defis-en-opportunites\/#respond"]}]},{"@type":["WebPage","SearchResultsPage"],"@id":"https:\/\/lamarinabj.com\/index.php\/2024\/09\/03\/en-2023-comment-le-pnud-benin-a-transforme-les-defis-en-opportunites\/","url":"https:\/\/lamarinabj.com\/index.php\/2024\/09\/03\/en-2023-comment-le-pnud-benin-a-transforme-les-defis-en-opportunites\/","name":"En 2023, comment le PNUD B\u00e9nin a transform\u00e9 les d\u00e9fis en opportunit\u00e9s ? - LA MARINA BJ","isPartOf":{"@id":"https:\/\/lamarinabj.com\/#website"},"primaryImageOfPage":{"@id":"https:\/\/lamarinabj.com\/index.php\/2024\/09\/03\/en-2023-comment-le-pnud-benin-a-transforme-les-defis-en-opportunites\/#primaryimage"},"image":{"@id":"https:\/\/lamarinabj.com\/index.php\/2024\/09\/03\/en-2023-comment-le-pnud-benin-a-transforme-les-defis-en-opportunites\/#primaryimage"},"thumbnailUrl":"https:\/\/lamarinabj.com\/wp-content\/uploads\/2024\/09\/IMG_20240903_133828.jpg","datePublished":"2024-09-03T12:57:15+00:00","dateModified":"2024-09-03T12:57:16+00:00","author":{"@id":"https:\/\/lamarinabj.com\/#\/schema\/person\/70c372a4c3c86bd4844a0382357a0f2d"},"description":"L'ann\u00e9e 2023 a cl\u00f4tur\u00e9 un cycle de programmation (2019-2023) durant lequel l'agence onusienne a mis en \u0153uvre de nombreuses initiatives pour renforcer la r\u00e9silience du B\u00e9nin face aux chocs, tant sur le plan \u00e9conomique, social qu'environnemental.","breadcrumb":{"@id":"https:\/\/lamarinabj.com\/index.php\/2024\/09\/03\/en-2023-comment-le-pnud-benin-a-transforme-les-defis-en-opportunites\/#breadcrumb"},"inLanguage":"fr-FR","potentialAction":[{"@type":"ReadAction","target":["https:\/\/lamarinabj.com\/index.php\/2024\/09\/03\/en-2023-comment-le-pnud-benin-a-transforme-les-defis-en-opportunites\/"]}]},{"@type":"ImageObject","inLanguage":"fr-FR","@id":"https:\/\/lamarinabj.com\/index.php\/2024\/09\/03\/en-2023-comment-le-pnud-benin-a-transforme-les-defis-en-opportunites\/#primaryimage","url":"https:\/\/lamarinabj.com\/wp-content\/uploads\/2024\/09\/IMG_20240903_133828.jpg","contentUrl":"https:\/\/lamarinabj.com\/wp-content\/uploads\/2024\/09\/IMG_20240903_133828.jpg","width":874,"height":1237},{"@type":"BreadcrumbList","@id":"https:\/\/lamarinabj.com\/index.php\/2024\/09\/03\/en-2023-comment-le-pnud-benin-a-transforme-les-defis-en-opportunites\/#breadcrumb","itemListElement":[{"@type":"ListItem","position":1,"name":"Accueil","item":"https:\/\/lamarinabj.com\/"},{"@type":"ListItem","position":2,"name":"En 2023, comment le PNUD B\u00e9nin a transform\u00e9 les d\u00e9fis en opportunit\u00e9s ?"}]},{"@type":"WebSite","@id":"https:\/\/lamarinabj.com\/#website","url":"https:\/\/lamarinabj.com\/","name":"LA MARINA BJ","description":"Votre portail vers l&#039;information strat\u00e9gique au B\u00e9nin, en Afrique et au-del\u00e0","potentialAction":[{"@type":"SearchAction","target":{"@type":"EntryPoint","urlTemplate":"https:\/\/lamarinabj.com\/?s={search_term_string}"},"query-input":{"@type":"PropertyValueSpecification","valueRequired":true,"valueName":"search_term_string"}}],"inLanguage":"fr-FR"},{"@type":"Person","@id":"https:\/\/lamarinabj.com\/#\/schema\/person\/70c372a4c3c86bd4844a0382357a0f2d","name":"La Marina BJ - Team Veille &amp; Projets publics","image":{"@type":"ImageObject","inLanguage":"fr-FR","@id":"https:\/\/secure.gravatar.com\/avatar\/b56740eda81210101c8acebdd7c5c7db1bd0ab57f63df607996683fa153ff0d0?s=96&d=mm&r=g","url":"https:\/\/secure.gravatar.com\/avatar\/b56740eda81210101c8acebdd7c5c7db1bd0ab57f63df607996683fa153ff0d0?s=96&d=mm&r=g","contentUrl":"https:\/\/secure.gravatar.com\/avatar\/b56740eda81210101c8acebdd7c5c7db1bd0ab57f63df607996683fa153ff0d0?s=96&d=mm&r=g","caption":"La Marina BJ - Team Veille &amp; Projets publics"},"description":"La Team Veille &amp; Projets publics de La Marina BJ est d\u00e9di\u00e9e \u00e0 la surveillance proactive des dynamiques institutionnelles impuls\u00e9es par l\u2019\u00c9tat, les agences publiques, les collectivit\u00e9s territoriales ainsi que les partenaires techniques et financiers. Gr\u00e2ce \u00e0 une veille strat\u00e9gique permanente, cette \u00e9quipe identifie et suit les projets de d\u00e9veloppement, les \u00e9tudes pr\u00e9alables et les investissements publics majeurs. Elle documente les politiques sectorielles, analyse les enjeux techniques, \u00e9conomiques, sociaux et environnementaux, et produit des contenus exclusifs pour \u00e9clairer les mutations structurelles.","url":"https:\/\/lamarinabj.com\/index.php\/author\/simahou\/"}]}},"_links":{"self":[{"href":"https:\/\/lamarinabj.com\/index.php\/wp-json\/wp\/v2\/posts\/7837","targetHints":{"allow":["GET"]}}],"collection":[{"href":"https:\/\/lamarinabj.com\/index.php\/wp-json\/wp\/v2\/posts"}],"about":[{"href":"https:\/\/lamarinabj.com\/index.php\/wp-json\/wp\/v2\/types\/post"}],"author":[{"embeddable":true,"href":"https:\/\/lamarinabj.com\/index.php\/wp-json\/wp\/v2\/users\/3"}],"replies":[{"embeddable":true,"href":"https:\/\/lamarinabj.com\/index.php\/wp-json\/wp\/v2\/comments?post=7837"}],"version-history":[{"count":1,"href":"https:\/\/lamarinabj.com\/index.php\/wp-json\/wp\/v2\/posts\/7837\/revisions"}],"predecessor-version":[{"id":7839,"href":"https:\/\/lamarinabj.com\/index.php\/wp-json\/wp\/v2\/posts\/7837\/revisions\/7839"}],"wp:featuredmedia":[{"embeddable":true,"href":"https:\/\/lamarinabj.com\/index.php\/wp-json\/wp\/v2\/media\/7838"}],"wp:attachment":[{"href":"https:\/\/lamarinabj.com\/index.php\/wp-json\/wp\/v2\/media?parent=7837"}],"wp:term":[{"taxonomy":"category","embeddable":true,"href":"https:\/\/lamarinabj.com\/index.php\/wp-json\/wp\/v2\/categories?post=7837"},{"taxonomy":"post_tag","embeddable":true,"href":"https:\/\/lamarinabj.com\/index.php\/wp-json\/wp\/v2\/tags?post=7837"}],"curies":[{"name":"wp","href":"https:\/\/api.w.org\/{rel}","templated":true}]}}