{"id":7899,"date":"2024-09-06T04:51:20","date_gmt":"2024-09-06T03:51:20","guid":{"rendered":"https:\/\/lamarinabj.com\/?p=7899"},"modified":"2024-09-06T04:51:21","modified_gmt":"2024-09-06T03:51:21","slug":"ces-mandature-transitoire-designation-des-representants-du-parlement-le-10-septembre","status":"publish","type":"post","link":"https:\/\/lamarinabj.com\/index.php\/2024\/09\/06\/ces-mandature-transitoire-designation-des-representants-du-parlement-le-10-septembre\/","title":{"rendered":"CES\/Mandature transitoire : D\u00e9signation des repr\u00e9sentants du parlement le 10 septembre"},"content":{"rendered":"\n<p><strong><mark style=\"background-color:rgba(0, 0, 0, 0)\" class=\"has-inline-color has-red-color\">Gouvernance, B\u00e9nin<\/mark><\/strong> &#8211; <strong><em>Comme \u00e9voqu\u00e9 dans un article pr\u00e9c\u00e9dent, l&rsquo;une des priorit\u00e9s de l&rsquo;ex\u00e9cutif apr\u00e8s les cong\u00e9s gouvernementaux devrait \u00eatre l&rsquo;installation des membres du Conseil \u00c9conomique et Social (CES). Cette instance cl\u00e9 sera form\u00e9e en partie gr\u00e2ce aux repr\u00e9sentants d\u00e9sign\u00e9s par l&rsquo;Assembl\u00e9e nationale, dont la d\u00e9signation est pr\u00e9vue pour le mardi 10 septembre 2024 selon les informations de notre source locale du d\u00e9partement de l&rsquo;Ou\u00e9m\u00e9.<\/em><\/strong><\/p>\n\n\n\n<hr class=\"wp-block-separator has-alpha-channel-opacity\"\/>\n\n\n\n<p>Ces repr\u00e9sentants auront pour mission de si\u00e9ger durant une mandature transitoire, tant au niveau national que d\u00e9partemental. Depuis l\u2019adoption de la nouvelle loi organique, le CES est d\u00e9sormais structur\u00e9 en conseils d\u00e9partementaux ainsi qu&rsquo;en conseil national, garantissant ainsi une repr\u00e9sentation plus d\u00e9centralis\u00e9e et \u00e9quilibr\u00e9e.<\/p>\n\n\n\n<h3 id=\"qui-siegera-au-niveau-departemental\" class=\"wp-block-heading\"><mark style=\"background-color:rgba(0, 0, 0, 0)\" class=\"has-inline-color has-red-color\">Qui si\u00e9gera au niveau d\u00e9partemental ?<\/mark><\/h3>\n\n\n\n<p>Conform\u00e9ment \u00e0 la loi organique adopt\u00e9e le 21 juin 2024, et qui serait d\u00e9j\u00e0 promulgu\u00e9e par le pr\u00e9sident Patrice Talon, l&rsquo;Assembl\u00e9e nationale d\u00e9signera quatre personnalit\u00e9s pour si\u00e9ger dans les conseils d\u00e9partementaux du CES. Ces d\u00e9signations seront faites en prenant en compte la composition politique actuelle du Parlement, afin de garantir une repr\u00e9sentation \u00e9quilibr\u00e9e des diff\u00e9rentes forces politiques.<\/p>\n\n\n\n<p>Mais l&rsquo;Assembl\u00e9e nationale ne sera pas la seule \u00e0 fournir des repr\u00e9sentants dans les conseils d\u00e9partementaux. \u00c0 la suite du parlement, le secteur agricole devra d\u00e9signer une personnalit\u00e9 pour si\u00e9ger \u00e0 ce niveau. Le secteur de l&rsquo;artisanat, ainsi que celui du commerce et de l&rsquo;industrie, nommeront \u00e9galement chacun un repr\u00e9sentant. En compl\u00e9ment, le pr\u00e9sident de la R\u00e9publique se verra confier la t\u00e2che de nommer deux personnalit\u00e9s suppl\u00e9mentaires pour renforcer les repr\u00e9sentation d\u00e9partementales.<\/p>\n\n\n\n<h3 id=\"une-representation-nationale-plus-etendue\" class=\"wp-block-heading\"><mark style=\"background-color:rgba(0, 0, 0, 0)\" class=\"has-inline-color has-red-color\">Une repr\u00e9sentation nationale plus \u00e9tendue<\/mark><\/h3>\n\n\n\n<p>Sur le plan national, l&rsquo;Assembl\u00e9e nationale d\u00e9signera trois autres personnalit\u00e9s, toujours en tenant compte de sa propre configuration politique. Ces repr\u00e9sentants si\u00e9geront au sein du Conseil national du CES, l&rsquo;\u00e9chelon sup\u00e9rieur de cette institution selon la nouvelle loi organique.<\/p>\n\n\n\n<p>D&rsquo;autres entit\u00e9s seront \u00e9galement mises \u00e0 contribution. Le pr\u00e9sident de la R\u00e9publique d\u00e9signera une personnalit\u00e9 qui si\u00e8gera au Conseil national. Le pr\u00e9sident du patronat aura la responsabilit\u00e9 de d\u00e9signer un repr\u00e9sentant pour d\u00e9fendre les int\u00e9r\u00eats du secteur priv\u00e9. De mani\u00e8re similaire, le pr\u00e9sident de la Chambre de commerce et d&rsquo;industrie du B\u00e9nin, ainsi que le pr\u00e9sident de la Chambre des m\u00e9tiers, choisiront eux aussi des repr\u00e9sentants. Une personnalit\u00e9 issue du secteur des arts et de la culture sera \u00e9galement d\u00e9sign\u00e9e, conform\u00e9ment \u00e0 un d\u00e9cret pris en Conseil des ministres.<\/p>\n\n\n\n<h3 id=\"une-transition-sous-surveillance\" class=\"wp-block-heading\"><mark style=\"background-color:rgba(0, 0, 0, 0)\" class=\"has-inline-color has-red-color\">Une transition sous surveillance<\/mark><\/h3>\n\n\n\n<p>Le mandat de ces repr\u00e9sentants s\u2019inscrira dans le cadre d\u2019une mandature transitoire, comme le pr\u00e9cise la nouvelle loi organique. Selon les dispositions de l&rsquo;article 21 de cette loi, le CES transitoire entrera en fonction deux mois apr\u00e8s la promulgation de la nouvelle loi organique. Cependant, son mandat expirera de mani\u00e8re exceptionnelle 90 jours apr\u00e8s l&rsquo;\u00e9lection pr\u00e9sidentielle de 2026. Cette p\u00e9riode transitoire vise \u00e0 harmoniser les \u00e9ch\u00e9ances institutionnelles et \u00e9lectorales, garantissant ainsi une continuit\u00e9 dans la nouvelle gouvernance..<\/p>\n\n\n\n<hr class=\"wp-block-separator has-alpha-channel-opacity\"\/>\n\n\n\n<p><\/p>\n","protected":false},"excerpt":{"rendered":"Gouvernance, B\u00e9nin &#8211; Comme \u00e9voqu\u00e9 dans un article pr\u00e9c\u00e9dent, l&rsquo;une des priorit\u00e9s de l&rsquo;ex\u00e9cutif apr\u00e8s les cong\u00e9s gouvernementaux&hellip;\n","protected":false},"author":3,"featured_media":7901,"comment_status":"open","ping_status":"open","sticky":false,"template":"elementor_theme","format":"standard","meta":{"csco_singular_sidebar":"","csco_page_header_type":"standard","csco_appearance_masonry":"","csco_page_load_nextpost":"","csco_post_video_location":[],"csco_post_video_location_hash":"","csco_post_video_url":"","csco_post_video_bg_start_time":0,"csco_post_video_bg_end_time":0,"footnotes":""},"categories":[57,45],"tags":[208,41,334],"class_list":{"0":"post-7899","1":"post","2":"type-post","3":"status-publish","4":"format-standard","5":"has-post-thumbnail","7":"category-a-suivre","8":"category-gouvernance","9":"tag-assemblee-nationale","10":"tag-benin","11":"tag-ces","12":"cs-entry","13":"cs-video-wrap"},"yoast_head":"<!-- This site is optimized with the Yoast SEO plugin v27.4 - https:\/\/yoast.com\/product\/yoast-seo-wordpress\/ -->\n<title>CES\/Mandature transitoire : D\u00e9signation des repr\u00e9sentants du parlement le 10 septembre - LA MARINA BJ<\/title>\n<meta name=\"description\" content=\"Ces repr\u00e9sentants auront pour mission de si\u00e9ger durant une mandature transitoire, tant au niveau national que d\u00e9partemental.\" \/>\n<meta name=\"robots\" content=\"index, follow, max-snippet:-1, max-image-preview:large, max-video-preview:-1\" \/>\n<link rel=\"canonical\" href=\"https:\/\/lamarinabj.com\/index.php\/2024\/09\/06\/ces-mandature-transitoire-designation-des-representants-du-parlement-le-10-septembre\/\" \/>\n<meta property=\"og:locale\" content=\"fr_FR\" \/>\n<meta property=\"og:type\" content=\"article\" \/>\n<meta property=\"og:title\" content=\"CES\/Mandature transitoire : D\u00e9signation des repr\u00e9sentants du parlement le 10 septembre - LA MARINA BJ\" \/>\n<meta property=\"og:description\" content=\"Ces repr\u00e9sentants auront pour mission de si\u00e9ger durant une mandature transitoire, tant au niveau national que d\u00e9partemental.\" \/>\n<meta property=\"og:url\" content=\"https:\/\/lamarinabj.com\/index.php\/2024\/09\/06\/ces-mandature-transitoire-designation-des-representants-du-parlement-le-10-septembre\/\" \/>\n<meta property=\"og:site_name\" content=\"LA MARINA BJ\" \/>\n<meta property=\"article:published_time\" content=\"2024-09-06T03:51:20+00:00\" \/>\n<meta property=\"article:modified_time\" content=\"2024-09-06T03:51:21+00:00\" \/>\n<meta property=\"og:image\" content=\"https:\/\/lamarinabj.com\/wp-content\/uploads\/2024\/09\/La-loi-organique-sur-le-Conseil-Economique-et-Social-et-la-loi-sur-lurbanisme-en-Republique-du-Benin-adoptees-2.jpg\" \/>\n\t<meta property=\"og:image:width\" content=\"1080\" \/>\n\t<meta property=\"og:image:height\" content=\"720\" \/>\n\t<meta property=\"og:image:type\" content=\"image\/jpeg\" \/>\n<meta name=\"author\" content=\"La Marina BJ - Team Veille &amp; Projets publics\" \/>\n<meta name=\"twitter:card\" content=\"summary_large_image\" \/>\n<meta name=\"twitter:label1\" content=\"\u00c9crit par\" \/>\n\t<meta name=\"twitter:data1\" content=\"La Marina BJ - Team Veille &amp; Projets publics\" \/>\n\t<meta name=\"twitter:label2\" content=\"Dur\u00e9e de lecture estim\u00e9e\" \/>\n\t<meta name=\"twitter:data2\" content=\"3 minutes\" \/>\n<script type=\"application\/ld+json\" class=\"yoast-schema-graph\">{\"@context\":\"https:\\\/\\\/schema.org\",\"@graph\":[{\"@type\":\"NewsArticle\",\"@id\":\"https:\\\/\\\/lamarinabj.com\\\/index.php\\\/2024\\\/09\\\/06\\\/ces-mandature-transitoire-designation-des-representants-du-parlement-le-10-septembre\\\/#article\",\"isPartOf\":{\"@id\":\"https:\\\/\\\/lamarinabj.com\\\/index.php\\\/2024\\\/09\\\/06\\\/ces-mandature-transitoire-designation-des-representants-du-parlement-le-10-septembre\\\/\"},\"author\":{\"name\":\"La Marina BJ - Team Veille &amp; Projets publics\",\"@id\":\"https:\\\/\\\/lamarinabj.com\\\/#\\\/schema\\\/person\\\/70c372a4c3c86bd4844a0382357a0f2d\"},\"headline\":\"CES\\\/Mandature transitoire : D\u00e9signation des repr\u00e9sentants du parlement le 10 septembre\",\"datePublished\":\"2024-09-06T03:51:20+00:00\",\"dateModified\":\"2024-09-06T03:51:21+00:00\",\"mainEntityOfPage\":{\"@id\":\"https:\\\/\\\/lamarinabj.com\\\/index.php\\\/2024\\\/09\\\/06\\\/ces-mandature-transitoire-designation-des-representants-du-parlement-le-10-septembre\\\/\"},\"wordCount\":566,\"commentCount\":0,\"image\":{\"@id\":\"https:\\\/\\\/lamarinabj.com\\\/index.php\\\/2024\\\/09\\\/06\\\/ces-mandature-transitoire-designation-des-representants-du-parlement-le-10-septembre\\\/#primaryimage\"},\"thumbnailUrl\":\"https:\\\/\\\/lamarinabj.com\\\/wp-content\\\/uploads\\\/2024\\\/09\\\/La-loi-organique-sur-le-Conseil-Economique-et-Social-et-la-loi-sur-lurbanisme-en-Republique-du-Benin-adoptees-2.jpg\",\"keywords\":[\"Assembl\u00e9e nationale\",\"B\u00e9nin\",\"CES\"],\"articleSection\":[\"\u00c0 SUIVRE\",\"GOUVERNANCE\"],\"inLanguage\":\"fr-FR\",\"potentialAction\":[{\"@type\":\"CommentAction\",\"name\":\"Comment\",\"target\":[\"https:\\\/\\\/lamarinabj.com\\\/index.php\\\/2024\\\/09\\\/06\\\/ces-mandature-transitoire-designation-des-representants-du-parlement-le-10-septembre\\\/#respond\"]}]},{\"@type\":[\"WebPage\",\"SearchResultsPage\"],\"@id\":\"https:\\\/\\\/lamarinabj.com\\\/index.php\\\/2024\\\/09\\\/06\\\/ces-mandature-transitoire-designation-des-representants-du-parlement-le-10-septembre\\\/\",\"url\":\"https:\\\/\\\/lamarinabj.com\\\/index.php\\\/2024\\\/09\\\/06\\\/ces-mandature-transitoire-designation-des-representants-du-parlement-le-10-septembre\\\/\",\"name\":\"CES\\\/Mandature transitoire : D\u00e9signation des repr\u00e9sentants du parlement le 10 septembre - LA MARINA BJ\",\"isPartOf\":{\"@id\":\"https:\\\/\\\/lamarinabj.com\\\/#website\"},\"primaryImageOfPage\":{\"@id\":\"https:\\\/\\\/lamarinabj.com\\\/index.php\\\/2024\\\/09\\\/06\\\/ces-mandature-transitoire-designation-des-representants-du-parlement-le-10-septembre\\\/#primaryimage\"},\"image\":{\"@id\":\"https:\\\/\\\/lamarinabj.com\\\/index.php\\\/2024\\\/09\\\/06\\\/ces-mandature-transitoire-designation-des-representants-du-parlement-le-10-septembre\\\/#primaryimage\"},\"thumbnailUrl\":\"https:\\\/\\\/lamarinabj.com\\\/wp-content\\\/uploads\\\/2024\\\/09\\\/La-loi-organique-sur-le-Conseil-Economique-et-Social-et-la-loi-sur-lurbanisme-en-Republique-du-Benin-adoptees-2.jpg\",\"datePublished\":\"2024-09-06T03:51:20+00:00\",\"dateModified\":\"2024-09-06T03:51:21+00:00\",\"author\":{\"@id\":\"https:\\\/\\\/lamarinabj.com\\\/#\\\/schema\\\/person\\\/70c372a4c3c86bd4844a0382357a0f2d\"},\"description\":\"Ces repr\u00e9sentants auront pour mission de si\u00e9ger durant une mandature transitoire, tant au niveau national que d\u00e9partemental.\",\"breadcrumb\":{\"@id\":\"https:\\\/\\\/lamarinabj.com\\\/index.php\\\/2024\\\/09\\\/06\\\/ces-mandature-transitoire-designation-des-representants-du-parlement-le-10-septembre\\\/#breadcrumb\"},\"inLanguage\":\"fr-FR\",\"potentialAction\":[{\"@type\":\"ReadAction\",\"target\":[\"https:\\\/\\\/lamarinabj.com\\\/index.php\\\/2024\\\/09\\\/06\\\/ces-mandature-transitoire-designation-des-representants-du-parlement-le-10-septembre\\\/\"]}]},{\"@type\":\"ImageObject\",\"inLanguage\":\"fr-FR\",\"@id\":\"https:\\\/\\\/lamarinabj.com\\\/index.php\\\/2024\\\/09\\\/06\\\/ces-mandature-transitoire-designation-des-representants-du-parlement-le-10-septembre\\\/#primaryimage\",\"url\":\"https:\\\/\\\/lamarinabj.com\\\/wp-content\\\/uploads\\\/2024\\\/09\\\/La-loi-organique-sur-le-Conseil-Economique-et-Social-et-la-loi-sur-lurbanisme-en-Republique-du-Benin-adoptees-2.jpg\",\"contentUrl\":\"https:\\\/\\\/lamarinabj.com\\\/wp-content\\\/uploads\\\/2024\\\/09\\\/La-loi-organique-sur-le-Conseil-Economique-et-Social-et-la-loi-sur-lurbanisme-en-Republique-du-Benin-adoptees-2.jpg\",\"width\":1080,\"height\":720},{\"@type\":\"BreadcrumbList\",\"@id\":\"https:\\\/\\\/lamarinabj.com\\\/index.php\\\/2024\\\/09\\\/06\\\/ces-mandature-transitoire-designation-des-representants-du-parlement-le-10-septembre\\\/#breadcrumb\",\"itemListElement\":[{\"@type\":\"ListItem\",\"position\":1,\"name\":\"Accueil\",\"item\":\"https:\\\/\\\/lamarinabj.com\\\/\"},{\"@type\":\"ListItem\",\"position\":2,\"name\":\"CES\\\/Mandature transitoire : D\u00e9signation des repr\u00e9sentants du parlement le 10 septembre\"}]},{\"@type\":\"WebSite\",\"@id\":\"https:\\\/\\\/lamarinabj.com\\\/#website\",\"url\":\"https:\\\/\\\/lamarinabj.com\\\/\",\"name\":\"LA MARINA BJ\",\"description\":\"Votre portail vers l&#039;information strat\u00e9gique au B\u00e9nin, en Afrique et au-del\u00e0\",\"potentialAction\":[{\"@type\":\"SearchAction\",\"target\":{\"@type\":\"EntryPoint\",\"urlTemplate\":\"https:\\\/\\\/lamarinabj.com\\\/?s={search_term_string}\"},\"query-input\":{\"@type\":\"PropertyValueSpecification\",\"valueRequired\":true,\"valueName\":\"search_term_string\"}}],\"inLanguage\":\"fr-FR\"},{\"@type\":\"Person\",\"@id\":\"https:\\\/\\\/lamarinabj.com\\\/#\\\/schema\\\/person\\\/70c372a4c3c86bd4844a0382357a0f2d\",\"name\":\"La Marina BJ - Team Veille &amp; Projets publics\",\"image\":{\"@type\":\"ImageObject\",\"inLanguage\":\"fr-FR\",\"@id\":\"https:\\\/\\\/secure.gravatar.com\\\/avatar\\\/b56740eda81210101c8acebdd7c5c7db1bd0ab57f63df607996683fa153ff0d0?s=96&d=mm&r=g\",\"url\":\"https:\\\/\\\/secure.gravatar.com\\\/avatar\\\/b56740eda81210101c8acebdd7c5c7db1bd0ab57f63df607996683fa153ff0d0?s=96&d=mm&r=g\",\"contentUrl\":\"https:\\\/\\\/secure.gravatar.com\\\/avatar\\\/b56740eda81210101c8acebdd7c5c7db1bd0ab57f63df607996683fa153ff0d0?s=96&d=mm&r=g\",\"caption\":\"La Marina BJ - Team Veille &amp; Projets publics\"},\"description\":\"La Team Veille &amp; Projets publics de La Marina BJ est d\u00e9di\u00e9e \u00e0 la surveillance proactive des dynamiques institutionnelles impuls\u00e9es par l\u2019\u00c9tat, les agences publiques, les collectivit\u00e9s territoriales ainsi que les partenaires techniques et financiers. Gr\u00e2ce \u00e0 une veille strat\u00e9gique permanente, cette \u00e9quipe identifie et suit les projets de d\u00e9veloppement, les \u00e9tudes pr\u00e9alables et les investissements publics majeurs. Elle documente les politiques sectorielles, analyse les enjeux techniques, \u00e9conomiques, sociaux et environnementaux, et produit des contenus exclusifs pour \u00e9clairer les mutations structurelles.\",\"url\":\"https:\\\/\\\/lamarinabj.com\\\/index.php\\\/author\\\/simahou\\\/\"}]}<\/script>\n<!-- \/ Yoast SEO plugin. -->","yoast_head_json":{"title":"CES\/Mandature transitoire : D\u00e9signation des repr\u00e9sentants du parlement le 10 septembre - LA MARINA BJ","description":"Ces repr\u00e9sentants auront pour mission de si\u00e9ger durant une mandature transitoire, tant au niveau national que d\u00e9partemental.","robots":{"index":"index","follow":"follow","max-snippet":"max-snippet:-1","max-image-preview":"max-image-preview:large","max-video-preview":"max-video-preview:-1"},"canonical":"https:\/\/lamarinabj.com\/index.php\/2024\/09\/06\/ces-mandature-transitoire-designation-des-representants-du-parlement-le-10-septembre\/","og_locale":"fr_FR","og_type":"article","og_title":"CES\/Mandature transitoire : D\u00e9signation des repr\u00e9sentants du parlement le 10 septembre - LA MARINA BJ","og_description":"Ces repr\u00e9sentants auront pour mission de si\u00e9ger durant une mandature transitoire, tant au niveau national que d\u00e9partemental.","og_url":"https:\/\/lamarinabj.com\/index.php\/2024\/09\/06\/ces-mandature-transitoire-designation-des-representants-du-parlement-le-10-septembre\/","og_site_name":"LA MARINA BJ","article_published_time":"2024-09-06T03:51:20+00:00","article_modified_time":"2024-09-06T03:51:21+00:00","og_image":[{"width":1080,"height":720,"url":"https:\/\/lamarinabj.com\/wp-content\/uploads\/2024\/09\/La-loi-organique-sur-le-Conseil-Economique-et-Social-et-la-loi-sur-lurbanisme-en-Republique-du-Benin-adoptees-2.jpg","type":"image\/jpeg"}],"author":"La Marina BJ - Team Veille &amp; Projets publics","twitter_card":"summary_large_image","twitter_misc":{"\u00c9crit par":"La Marina BJ - Team Veille &amp; Projets publics","Dur\u00e9e de lecture estim\u00e9e":"3 minutes"},"schema":{"@context":"https:\/\/schema.org","@graph":[{"@type":"NewsArticle","@id":"https:\/\/lamarinabj.com\/index.php\/2024\/09\/06\/ces-mandature-transitoire-designation-des-representants-du-parlement-le-10-septembre\/#article","isPartOf":{"@id":"https:\/\/lamarinabj.com\/index.php\/2024\/09\/06\/ces-mandature-transitoire-designation-des-representants-du-parlement-le-10-septembre\/"},"author":{"name":"La Marina BJ - Team Veille &amp; Projets publics","@id":"https:\/\/lamarinabj.com\/#\/schema\/person\/70c372a4c3c86bd4844a0382357a0f2d"},"headline":"CES\/Mandature transitoire : D\u00e9signation des repr\u00e9sentants du parlement le 10 septembre","datePublished":"2024-09-06T03:51:20+00:00","dateModified":"2024-09-06T03:51:21+00:00","mainEntityOfPage":{"@id":"https:\/\/lamarinabj.com\/index.php\/2024\/09\/06\/ces-mandature-transitoire-designation-des-representants-du-parlement-le-10-septembre\/"},"wordCount":566,"commentCount":0,"image":{"@id":"https:\/\/lamarinabj.com\/index.php\/2024\/09\/06\/ces-mandature-transitoire-designation-des-representants-du-parlement-le-10-septembre\/#primaryimage"},"thumbnailUrl":"https:\/\/lamarinabj.com\/wp-content\/uploads\/2024\/09\/La-loi-organique-sur-le-Conseil-Economique-et-Social-et-la-loi-sur-lurbanisme-en-Republique-du-Benin-adoptees-2.jpg","keywords":["Assembl\u00e9e nationale","B\u00e9nin","CES"],"articleSection":["\u00c0 SUIVRE","GOUVERNANCE"],"inLanguage":"fr-FR","potentialAction":[{"@type":"CommentAction","name":"Comment","target":["https:\/\/lamarinabj.com\/index.php\/2024\/09\/06\/ces-mandature-transitoire-designation-des-representants-du-parlement-le-10-septembre\/#respond"]}]},{"@type":["WebPage","SearchResultsPage"],"@id":"https:\/\/lamarinabj.com\/index.php\/2024\/09\/06\/ces-mandature-transitoire-designation-des-representants-du-parlement-le-10-septembre\/","url":"https:\/\/lamarinabj.com\/index.php\/2024\/09\/06\/ces-mandature-transitoire-designation-des-representants-du-parlement-le-10-septembre\/","name":"CES\/Mandature transitoire : D\u00e9signation des repr\u00e9sentants du parlement le 10 septembre - LA MARINA BJ","isPartOf":{"@id":"https:\/\/lamarinabj.com\/#website"},"primaryImageOfPage":{"@id":"https:\/\/lamarinabj.com\/index.php\/2024\/09\/06\/ces-mandature-transitoire-designation-des-representants-du-parlement-le-10-septembre\/#primaryimage"},"image":{"@id":"https:\/\/lamarinabj.com\/index.php\/2024\/09\/06\/ces-mandature-transitoire-designation-des-representants-du-parlement-le-10-septembre\/#primaryimage"},"thumbnailUrl":"https:\/\/lamarinabj.com\/wp-content\/uploads\/2024\/09\/La-loi-organique-sur-le-Conseil-Economique-et-Social-et-la-loi-sur-lurbanisme-en-Republique-du-Benin-adoptees-2.jpg","datePublished":"2024-09-06T03:51:20+00:00","dateModified":"2024-09-06T03:51:21+00:00","author":{"@id":"https:\/\/lamarinabj.com\/#\/schema\/person\/70c372a4c3c86bd4844a0382357a0f2d"},"description":"Ces repr\u00e9sentants auront pour mission de si\u00e9ger durant une mandature transitoire, tant au niveau national que d\u00e9partemental.","breadcrumb":{"@id":"https:\/\/lamarinabj.com\/index.php\/2024\/09\/06\/ces-mandature-transitoire-designation-des-representants-du-parlement-le-10-septembre\/#breadcrumb"},"inLanguage":"fr-FR","potentialAction":[{"@type":"ReadAction","target":["https:\/\/lamarinabj.com\/index.php\/2024\/09\/06\/ces-mandature-transitoire-designation-des-representants-du-parlement-le-10-septembre\/"]}]},{"@type":"ImageObject","inLanguage":"fr-FR","@id":"https:\/\/lamarinabj.com\/index.php\/2024\/09\/06\/ces-mandature-transitoire-designation-des-representants-du-parlement-le-10-septembre\/#primaryimage","url":"https:\/\/lamarinabj.com\/wp-content\/uploads\/2024\/09\/La-loi-organique-sur-le-Conseil-Economique-et-Social-et-la-loi-sur-lurbanisme-en-Republique-du-Benin-adoptees-2.jpg","contentUrl":"https:\/\/lamarinabj.com\/wp-content\/uploads\/2024\/09\/La-loi-organique-sur-le-Conseil-Economique-et-Social-et-la-loi-sur-lurbanisme-en-Republique-du-Benin-adoptees-2.jpg","width":1080,"height":720},{"@type":"BreadcrumbList","@id":"https:\/\/lamarinabj.com\/index.php\/2024\/09\/06\/ces-mandature-transitoire-designation-des-representants-du-parlement-le-10-septembre\/#breadcrumb","itemListElement":[{"@type":"ListItem","position":1,"name":"Accueil","item":"https:\/\/lamarinabj.com\/"},{"@type":"ListItem","position":2,"name":"CES\/Mandature transitoire : D\u00e9signation des repr\u00e9sentants du parlement le 10 septembre"}]},{"@type":"WebSite","@id":"https:\/\/lamarinabj.com\/#website","url":"https:\/\/lamarinabj.com\/","name":"LA MARINA BJ","description":"Votre portail vers l&#039;information strat\u00e9gique au B\u00e9nin, en Afrique et au-del\u00e0","potentialAction":[{"@type":"SearchAction","target":{"@type":"EntryPoint","urlTemplate":"https:\/\/lamarinabj.com\/?s={search_term_string}"},"query-input":{"@type":"PropertyValueSpecification","valueRequired":true,"valueName":"search_term_string"}}],"inLanguage":"fr-FR"},{"@type":"Person","@id":"https:\/\/lamarinabj.com\/#\/schema\/person\/70c372a4c3c86bd4844a0382357a0f2d","name":"La Marina BJ - Team Veille &amp; Projets publics","image":{"@type":"ImageObject","inLanguage":"fr-FR","@id":"https:\/\/secure.gravatar.com\/avatar\/b56740eda81210101c8acebdd7c5c7db1bd0ab57f63df607996683fa153ff0d0?s=96&d=mm&r=g","url":"https:\/\/secure.gravatar.com\/avatar\/b56740eda81210101c8acebdd7c5c7db1bd0ab57f63df607996683fa153ff0d0?s=96&d=mm&r=g","contentUrl":"https:\/\/secure.gravatar.com\/avatar\/b56740eda81210101c8acebdd7c5c7db1bd0ab57f63df607996683fa153ff0d0?s=96&d=mm&r=g","caption":"La Marina BJ - Team Veille &amp; Projets publics"},"description":"La Team Veille &amp; Projets publics de La Marina BJ est d\u00e9di\u00e9e \u00e0 la surveillance proactive des dynamiques institutionnelles impuls\u00e9es par l\u2019\u00c9tat, les agences publiques, les collectivit\u00e9s territoriales ainsi que les partenaires techniques et financiers. Gr\u00e2ce \u00e0 une veille strat\u00e9gique permanente, cette \u00e9quipe identifie et suit les projets de d\u00e9veloppement, les \u00e9tudes pr\u00e9alables et les investissements publics majeurs. Elle documente les politiques sectorielles, analyse les enjeux techniques, \u00e9conomiques, sociaux et environnementaux, et produit des contenus exclusifs pour \u00e9clairer les mutations structurelles.","url":"https:\/\/lamarinabj.com\/index.php\/author\/simahou\/"}]}},"_links":{"self":[{"href":"https:\/\/lamarinabj.com\/index.php\/wp-json\/wp\/v2\/posts\/7899","targetHints":{"allow":["GET"]}}],"collection":[{"href":"https:\/\/lamarinabj.com\/index.php\/wp-json\/wp\/v2\/posts"}],"about":[{"href":"https:\/\/lamarinabj.com\/index.php\/wp-json\/wp\/v2\/types\/post"}],"author":[{"embeddable":true,"href":"https:\/\/lamarinabj.com\/index.php\/wp-json\/wp\/v2\/users\/3"}],"replies":[{"embeddable":true,"href":"https:\/\/lamarinabj.com\/index.php\/wp-json\/wp\/v2\/comments?post=7899"}],"version-history":[{"count":1,"href":"https:\/\/lamarinabj.com\/index.php\/wp-json\/wp\/v2\/posts\/7899\/revisions"}],"predecessor-version":[{"id":7902,"href":"https:\/\/lamarinabj.com\/index.php\/wp-json\/wp\/v2\/posts\/7899\/revisions\/7902"}],"wp:featuredmedia":[{"embeddable":true,"href":"https:\/\/lamarinabj.com\/index.php\/wp-json\/wp\/v2\/media\/7901"}],"wp:attachment":[{"href":"https:\/\/lamarinabj.com\/index.php\/wp-json\/wp\/v2\/media?parent=7899"}],"wp:term":[{"taxonomy":"category","embeddable":true,"href":"https:\/\/lamarinabj.com\/index.php\/wp-json\/wp\/v2\/categories?post=7899"},{"taxonomy":"post_tag","embeddable":true,"href":"https:\/\/lamarinabj.com\/index.php\/wp-json\/wp\/v2\/tags?post=7899"}],"curies":[{"name":"wp","href":"https:\/\/api.w.org\/{rel}","templated":true}]}}