{"id":7911,"date":"2024-09-06T14:52:12","date_gmt":"2024-09-06T13:52:12","guid":{"rendered":"https:\/\/lamarinabj.com\/?p=7911"},"modified":"2024-09-06T14:52:13","modified_gmt":"2024-09-06T13:52:13","slug":"proser-mr-benin-ce-que-levaluation-ses-revele-sur-les-defis-pour-garantir-lacces-a-leau-potable-dici-2026","status":"publish","type":"post","link":"https:\/\/lamarinabj.com\/index.php\/2024\/09\/06\/proser-mr-benin-ce-que-levaluation-ses-revele-sur-les-defis-pour-garantir-lacces-a-leau-potable-dici-2026\/","title":{"rendered":"PROSER-MR\/ B\u00e9nin : Ce que l&rsquo;\u00e9valuation SES r\u00e9v\u00e8le sur les d\u00e9fis pour garantir l&rsquo;acc\u00e8s \u00e0 l&rsquo;eau potable d&rsquo;ici 2026"},"content":{"rendered":"\n<p><strong><mark style=\"background-color:rgba(0, 0, 0, 0)\" class=\"has-inline-color has-red-color\">Eau, B\u00e9nin<\/mark><\/strong> &#8211; <strong><em>Le B\u00e9nin s&rsquo;est fix\u00e9 un objectif ambitieux : garantir un acc\u00e8s universel \u00e0 l\u2019eau potable d\u2019ici 2026 en milieu rural. Le Programme de S\u00e9curisation de l\u2019Eau Potable pour la R\u00e9silience en Milieu Rural (PROSER MR) repr\u00e9sente une r\u00e9ponse directe \u00e0 cet enjeu crucial. Cependant, une r\u00e9cente \u00c9valuation du Syst\u00e8me Environnemental et Social (ESES) d\u00e9voile les d\u00e9fis majeurs \u00e0 surmonter pour atteindre cet objectif.<\/em><\/strong><\/p>\n\n\n\n<p>Le PROSER MR, lanc\u00e9 en 2021 par le gouvernement b\u00e9ninois, ambitionne de fournir de l&rsquo;eau potable \u00e0 pr\u00e8s de 969 500 personnes suppl\u00e9mentaires, r\u00e9parties dans 40 arrondissements ruraux et 24 communes \u00e0 travers 10 d\u00e9partements du pays. Si le programme semble prometteur sur le papier, l\u2019\u00c9valuation du Syst\u00e8me Environnemental et Social (ESES), r\u00e9alis\u00e9e dans le cadre de sa mise en \u0153uvre, souligne plusieurs enjeux critiques. <strong>En savoir plus.<\/strong><\/p>\n\n\n\n<h4 id=\"des-infrastructures-hydriques-ambitieuses-mais-des-defis-logistiques\" class=\"wp-block-heading\"><mark style=\"background-color:rgba(0, 0, 0, 0)\" class=\"has-inline-color has-red-color\">Des infrastructures hydriques ambitieuses, mais des d\u00e9fis logistiques<\/mark><\/h4>\n\n\n\n<p>L&rsquo;un des principaux enseignements de l&rsquo;\u00e9valuation concerne la construction des infrastructures n\u00e9cessaires. Le PROSER MR pr\u00e9voit la r\u00e9alisation de 130 forages \u00e0 gros d\u00e9bit et l&rsquo;installation de 40 Syst\u00e8mes d&rsquo;Approvisionnement en Eau Potable (SAEP) dans des zones rurales souvent enclav\u00e9es. La phase 1 du projet, estim\u00e9e \u00e0 130 millions de dollars, doit permettre la mise en place de 21 SAEP, dans des d\u00e9partements prioritaires comme l&rsquo;Atacora, la Donga, le Mono, le Couffo et les Collines.<\/p>\n\n\n\n<p>Toutefois, l&rsquo;\u00e9valuation r\u00e9v\u00e8le des d\u00e9fis logistiques de taille, notamment l&rsquo;acc\u00e8s difficile \u00e0 certaines zones rurales, ce qui pourrait retarder la mise en \u0153uvre des travaux. La question de l&rsquo;acheminement des mat\u00e9riaux et de la gestion des chantiers dans des r\u00e9gions enclav\u00e9es reste l&rsquo;un des principaux obstacles \u00e0 la r\u00e9ussite du programme.<\/p>\n\n\n\n<h4 id=\"proteger-les-ressources-en-eau-face-aux-changements-climatiques\" class=\"wp-block-heading\"><mark style=\"background-color:rgba(0, 0, 0, 0)\" class=\"has-inline-color has-red-color\">Prot\u00e9ger les ressources en eau face aux changements climatiques<\/mark><\/h4>\n\n\n\n<p>L&rsquo;\u00e9valuation met \u00e9galement en \u00e9vidence les risques li\u00e9s \u00e0 la durabilit\u00e9 des ressources en eau. Le PROSER MR inclut des mesures visant \u00e0 prot\u00e9ger les ressources hydriques, en identifiant les zones de captage et en s\u00e9curisant les champs de recharge. Cependant, l&rsquo;acc\u00e9l\u00e9ration de la d\u00e9sertification, notamment dans le nord du B\u00e9nin, constitue une menace pour la p\u00e9rennit\u00e9 de ces ressources.<\/p>\n\n\n\n<p>Pour pallier ces risques, l&rsquo;\u00e9valuation recommande l&rsquo;utilisation de solutions techniques innovantes et la cr\u00e9ation d&rsquo;infrastructures r\u00e9silientes. Il est crucial, selon l&rsquo;ESES, d&rsquo;adopter des technologies adapt\u00e9es aux r\u00e9alit\u00e9s climatiques du B\u00e9nin pour garantir l&rsquo;acc\u00e8s \u00e0 l&rsquo;eau potable \u00e0 long terme.<\/p>\n\n\n\n<h4 id=\"capacites-institutionnelles-un-besoin-de-renforcement\" class=\"wp-block-heading\"><mark style=\"background-color:rgba(0, 0, 0, 0)\" class=\"has-inline-color has-red-color\">Capacit\u00e9s institutionnelles : un besoin de renforcement<\/mark><\/h4>\n\n\n\n<p>L&rsquo;\u00e9valuation souligne \u00e9galement un autre d\u00e9fi majeur, le renforcement des capacit\u00e9s des acteurs locaux. Le programme inclut un volet destin\u00e9 \u00e0 am\u00e9liorer la gouvernance et la gestion des ressources hydriques, mais l&rsquo;\u00e9valuation souligne que les communes et agences locales manquent parfois de comp\u00e9tences techniques suffisantes.<\/p>\n\n\n\n<p>L&rsquo;Agence Nationale de l\u2019Eau Potable en Milieu Rural (ANAEPMR), charg\u00e9e de mettre en \u0153uvre le programme, devra renforcer ses ressources humaines pour assurer un suivi rigoureux des projets. L&rsquo;ESES recommande \u00e9galement d&rsquo;offrir un soutien technique accru aux acteurs locaux afin qu&rsquo;ils puissent mieux g\u00e9rer les infrastructures et r\u00e9pondre efficacement aux \u00e9ventuels conflits sociaux li\u00e9s \u00e0 l&rsquo;acc\u00e8s aux ressources.<\/p>\n\n\n\n<h4 id=\"risques-sociaux-moderes-mais-a-surveiller\" class=\"wp-block-heading\"><mark style=\"background-color:rgba(0, 0, 0, 0)\" class=\"has-inline-color has-red-color\">Risques sociaux mod\u00e9r\u00e9s, mais \u00e0 surveiller<\/mark><\/h4>\n\n\n\n<p>Bien que class\u00e9 comme comportant des risques environnementaux et sociaux mod\u00e9r\u00e9s, le programme doit rester vigilant face \u00e0 certains enjeux. L&rsquo;\u00e9valuation met en garde contre des conflits possibles li\u00e9s \u00e0 l&rsquo;utilisation des terres ou \u00e0 des restrictions d&rsquo;acc\u00e8s aux ressources \u00e9conomiques pour certaines populations locales.<\/p>\n\n\n\n<p>Le PROSER MR a anticip\u00e9 ces d\u00e9fis en incluant un m\u00e9canisme de gestion des plaintes et en pr\u00e9voyant une participation citoyenne accrue. En impliquant les communaut\u00e9s locales, notamment les femmes et les jeunes, dans la gestion du programme, l&rsquo;objectif est de limiter les tensions sociales et de favoriser une meilleure coh\u00e9sion au sein des r\u00e9gions concern\u00e9es.<\/p>\n\n\n\n<h4 id=\"le-financement-un-defi-critique\" class=\"wp-block-heading\"><mark style=\"background-color:rgba(0, 0, 0, 0)\" class=\"has-inline-color has-red-color\">Le financement : un d\u00e9fi critique<\/mark><\/h4>\n\n\n\n<p>Enfin, l&rsquo;\u00e9valuation ESES met en lumi\u00e8re un enjeu de taille qui est le financement du programme. Si la premi\u00e8re phase est partiellement financ\u00e9e par des institutions internationales comme la Banque Africaine de D\u00e9veloppement (BAD) et la Banque Ouest-Africaine de D\u00e9veloppement (BOAD), un d\u00e9ficit de 68 millions de dollars subsiste pour la seconde phase, pr\u00e9vue d&rsquo;ici 2025 ou 2026.<\/p>\n\n\n\n<p>Le retard dans la mobilisation de ces fonds pourrait compromettre les ambitions du programme. Le gouvernement b\u00e9ninois compte sur le soutien de ses partenaires internationaux pour combler ce manque, mais le risque de retards financiers reste une pr\u00e9occupation majeure, selon l&rsquo;\u00e9valuation.<\/p>\n\n\n\n<p>Le PROSER MR repr\u00e9sente une opportunit\u00e9 unique pour transformer l&rsquo;acc\u00e8s \u00e0 l&rsquo;eau potable en milieu rural au B\u00e9nin. Toutefois,  l&rsquo;\u00e9valuation r\u00e9v\u00e8le les nombreux d\u00e9fis logistiques, environnementaux, institutionnels et financiers que le pays devra surmonter pour atteindre ses objectifs d&rsquo;ici 2026.<\/p>\n\n\n\n<p>Si les mesures propos\u00e9es par l&rsquo;\u00e9valuation sont mises en \u0153uvre de mani\u00e8re rigoureuse, le programme pourrait effectivement transformer la vie de centaines de milliers de B\u00e9ninois. Toutefois, le respect des d\u00e9lais et la gestion efficace des risques seront d\u00e9terminants pour garantir le succ\u00e8s de ce projet de grande envergure.<\/p>\n\n\n\n<hr class=\"wp-block-separator has-alpha-channel-opacity\"\/>\n\n\n\n<p><\/p>\n","protected":false},"excerpt":{"rendered":"Eau, B\u00e9nin &#8211; Le B\u00e9nin s&rsquo;est fix\u00e9 un objectif ambitieux : garantir un acc\u00e8s universel \u00e0 l\u2019eau potable&hellip;\n","protected":false},"author":3,"featured_media":7912,"comment_status":"open","ping_status":"open","sticky":false,"template":"elementor_theme","format":"standard","meta":{"csco_singular_sidebar":"","csco_page_header_type":"standard","csco_appearance_masonry":"","csco_page_load_nextpost":"","csco_post_video_location":[],"csco_post_video_location_hash":"","csco_post_video_url":"","csco_post_video_bg_start_time":0,"csco_post_video_bg_end_time":0,"footnotes":""},"categories":[45],"tags":[41,801,800],"class_list":{"0":"post-7911","1":"post","2":"type-post","3":"status-publish","4":"format-standard","5":"has-post-thumbnail","7":"category-gouvernance","8":"tag-benin","9":"tag-eau-pour-tous","10":"tag-proser-mr","11":"cs-entry","12":"cs-video-wrap"},"yoast_head":"<!-- This site is optimized with the Yoast SEO plugin v27.4 - https:\/\/yoast.com\/product\/yoast-seo-wordpress\/ -->\n<title>PROSER-MR\/ B\u00e9nin : Ce que l&#039;\u00e9valuation SES r\u00e9v\u00e8le sur les d\u00e9fis pour garantir l&#039;acc\u00e8s \u00e0 l&#039;eau potable d&#039;ici 2026 - LA MARINA BJ<\/title>\n<meta name=\"description\" content=\"Le Programme de S\u00e9curisation de l\u2019Eau Potable pour la R\u00e9silience en Milieu Rural (PROSER MR) repr\u00e9sente une r\u00e9ponse directe \u00e0 cet enjeu crucial. Cependant, une r\u00e9cente \u00c9valuation du Syst\u00e8me Environnemental et Social (ESES) d\u00e9voile les d\u00e9fis majeurs \u00e0 surmonter pour atteindre cet objectif.\" \/>\n<meta name=\"robots\" content=\"index, follow, max-snippet:-1, max-image-preview:large, max-video-preview:-1\" \/>\n<link rel=\"canonical\" href=\"https:\/\/lamarinabj.com\/index.php\/2024\/09\/06\/proser-mr-benin-ce-que-levaluation-ses-revele-sur-les-defis-pour-garantir-lacces-a-leau-potable-dici-2026\/\" \/>\n<meta property=\"og:locale\" content=\"fr_FR\" \/>\n<meta property=\"og:type\" content=\"article\" \/>\n<meta property=\"og:title\" content=\"PROSER-MR\/ B\u00e9nin : Ce que l&#039;\u00e9valuation SES r\u00e9v\u00e8le sur les d\u00e9fis pour garantir l&#039;acc\u00e8s \u00e0 l&#039;eau potable d&#039;ici 2026 - LA MARINA BJ\" \/>\n<meta property=\"og:description\" content=\"Le Programme de S\u00e9curisation de l\u2019Eau Potable pour la R\u00e9silience en Milieu Rural (PROSER MR) repr\u00e9sente une r\u00e9ponse directe \u00e0 cet enjeu crucial. Cependant, une r\u00e9cente \u00c9valuation du Syst\u00e8me Environnemental et Social (ESES) d\u00e9voile les d\u00e9fis majeurs \u00e0 surmonter pour atteindre cet objectif.\" \/>\n<meta property=\"og:url\" content=\"https:\/\/lamarinabj.com\/index.php\/2024\/09\/06\/proser-mr-benin-ce-que-levaluation-ses-revele-sur-les-defis-pour-garantir-lacces-a-leau-potable-dici-2026\/\" \/>\n<meta property=\"og:site_name\" content=\"LA MARINA BJ\" \/>\n<meta property=\"article:published_time\" content=\"2024-09-06T13:52:12+00:00\" \/>\n<meta property=\"article:modified_time\" content=\"2024-09-06T13:52:13+00:00\" \/>\n<meta property=\"og:image\" content=\"https:\/\/lamarinabj.com\/wp-content\/uploads\/2024\/09\/IMG_20240906_141913.jpg\" \/>\n\t<meta property=\"og:image:width\" content=\"926\" \/>\n\t<meta property=\"og:image:height\" content=\"1361\" \/>\n\t<meta property=\"og:image:type\" content=\"image\/jpeg\" \/>\n<meta name=\"author\" content=\"La Marina BJ - Team Veille &amp; Projets publics\" \/>\n<meta name=\"twitter:card\" content=\"summary_large_image\" \/>\n<meta name=\"twitter:label1\" content=\"\u00c9crit par\" \/>\n\t<meta name=\"twitter:data1\" content=\"La Marina BJ - Team Veille &amp; Projets publics\" \/>\n\t<meta name=\"twitter:label2\" content=\"Dur\u00e9e de lecture estim\u00e9e\" \/>\n\t<meta name=\"twitter:data2\" content=\"5 minutes\" \/>\n<script type=\"application\/ld+json\" class=\"yoast-schema-graph\">{\"@context\":\"https:\\\/\\\/schema.org\",\"@graph\":[{\"@type\":\"NewsArticle\",\"@id\":\"https:\\\/\\\/lamarinabj.com\\\/index.php\\\/2024\\\/09\\\/06\\\/proser-mr-benin-ce-que-levaluation-ses-revele-sur-les-defis-pour-garantir-lacces-a-leau-potable-dici-2026\\\/#article\",\"isPartOf\":{\"@id\":\"https:\\\/\\\/lamarinabj.com\\\/index.php\\\/2024\\\/09\\\/06\\\/proser-mr-benin-ce-que-levaluation-ses-revele-sur-les-defis-pour-garantir-lacces-a-leau-potable-dici-2026\\\/\"},\"author\":{\"name\":\"La Marina BJ - Team Veille &amp; Projets publics\",\"@id\":\"https:\\\/\\\/lamarinabj.com\\\/#\\\/schema\\\/person\\\/70c372a4c3c86bd4844a0382357a0f2d\"},\"headline\":\"PROSER-MR\\\/ B\u00e9nin : Ce que l&rsquo;\u00e9valuation SES r\u00e9v\u00e8le sur les d\u00e9fis pour garantir l&rsquo;acc\u00e8s \u00e0 l&rsquo;eau potable d&rsquo;ici 2026\",\"datePublished\":\"2024-09-06T13:52:12+00:00\",\"dateModified\":\"2024-09-06T13:52:13+00:00\",\"mainEntityOfPage\":{\"@id\":\"https:\\\/\\\/lamarinabj.com\\\/index.php\\\/2024\\\/09\\\/06\\\/proser-mr-benin-ce-que-levaluation-ses-revele-sur-les-defis-pour-garantir-lacces-a-leau-potable-dici-2026\\\/\"},\"wordCount\":914,\"commentCount\":0,\"image\":{\"@id\":\"https:\\\/\\\/lamarinabj.com\\\/index.php\\\/2024\\\/09\\\/06\\\/proser-mr-benin-ce-que-levaluation-ses-revele-sur-les-defis-pour-garantir-lacces-a-leau-potable-dici-2026\\\/#primaryimage\"},\"thumbnailUrl\":\"https:\\\/\\\/lamarinabj.com\\\/wp-content\\\/uploads\\\/2024\\\/09\\\/IMG_20240906_141913.jpg\",\"keywords\":[\"B\u00e9nin\",\"Eau pour tous\",\"PROSER MR\"],\"articleSection\":[\"GOUVERNANCE\"],\"inLanguage\":\"fr-FR\",\"potentialAction\":[{\"@type\":\"CommentAction\",\"name\":\"Comment\",\"target\":[\"https:\\\/\\\/lamarinabj.com\\\/index.php\\\/2024\\\/09\\\/06\\\/proser-mr-benin-ce-que-levaluation-ses-revele-sur-les-defis-pour-garantir-lacces-a-leau-potable-dici-2026\\\/#respond\"]}]},{\"@type\":[\"WebPage\",\"SearchResultsPage\"],\"@id\":\"https:\\\/\\\/lamarinabj.com\\\/index.php\\\/2024\\\/09\\\/06\\\/proser-mr-benin-ce-que-levaluation-ses-revele-sur-les-defis-pour-garantir-lacces-a-leau-potable-dici-2026\\\/\",\"url\":\"https:\\\/\\\/lamarinabj.com\\\/index.php\\\/2024\\\/09\\\/06\\\/proser-mr-benin-ce-que-levaluation-ses-revele-sur-les-defis-pour-garantir-lacces-a-leau-potable-dici-2026\\\/\",\"name\":\"PROSER-MR\\\/ B\u00e9nin : Ce que l'\u00e9valuation SES r\u00e9v\u00e8le sur les d\u00e9fis pour garantir l'acc\u00e8s \u00e0 l'eau potable d'ici 2026 - LA MARINA BJ\",\"isPartOf\":{\"@id\":\"https:\\\/\\\/lamarinabj.com\\\/#website\"},\"primaryImageOfPage\":{\"@id\":\"https:\\\/\\\/lamarinabj.com\\\/index.php\\\/2024\\\/09\\\/06\\\/proser-mr-benin-ce-que-levaluation-ses-revele-sur-les-defis-pour-garantir-lacces-a-leau-potable-dici-2026\\\/#primaryimage\"},\"image\":{\"@id\":\"https:\\\/\\\/lamarinabj.com\\\/index.php\\\/2024\\\/09\\\/06\\\/proser-mr-benin-ce-que-levaluation-ses-revele-sur-les-defis-pour-garantir-lacces-a-leau-potable-dici-2026\\\/#primaryimage\"},\"thumbnailUrl\":\"https:\\\/\\\/lamarinabj.com\\\/wp-content\\\/uploads\\\/2024\\\/09\\\/IMG_20240906_141913.jpg\",\"datePublished\":\"2024-09-06T13:52:12+00:00\",\"dateModified\":\"2024-09-06T13:52:13+00:00\",\"author\":{\"@id\":\"https:\\\/\\\/lamarinabj.com\\\/#\\\/schema\\\/person\\\/70c372a4c3c86bd4844a0382357a0f2d\"},\"description\":\"Le Programme de S\u00e9curisation de l\u2019Eau Potable pour la R\u00e9silience en Milieu Rural (PROSER MR) repr\u00e9sente une r\u00e9ponse directe \u00e0 cet enjeu crucial. Cependant, une r\u00e9cente \u00c9valuation du Syst\u00e8me Environnemental et Social (ESES) d\u00e9voile les d\u00e9fis majeurs \u00e0 surmonter pour atteindre cet objectif.\",\"breadcrumb\":{\"@id\":\"https:\\\/\\\/lamarinabj.com\\\/index.php\\\/2024\\\/09\\\/06\\\/proser-mr-benin-ce-que-levaluation-ses-revele-sur-les-defis-pour-garantir-lacces-a-leau-potable-dici-2026\\\/#breadcrumb\"},\"inLanguage\":\"fr-FR\",\"potentialAction\":[{\"@type\":\"ReadAction\",\"target\":[\"https:\\\/\\\/lamarinabj.com\\\/index.php\\\/2024\\\/09\\\/06\\\/proser-mr-benin-ce-que-levaluation-ses-revele-sur-les-defis-pour-garantir-lacces-a-leau-potable-dici-2026\\\/\"]}]},{\"@type\":\"ImageObject\",\"inLanguage\":\"fr-FR\",\"@id\":\"https:\\\/\\\/lamarinabj.com\\\/index.php\\\/2024\\\/09\\\/06\\\/proser-mr-benin-ce-que-levaluation-ses-revele-sur-les-defis-pour-garantir-lacces-a-leau-potable-dici-2026\\\/#primaryimage\",\"url\":\"https:\\\/\\\/lamarinabj.com\\\/wp-content\\\/uploads\\\/2024\\\/09\\\/IMG_20240906_141913.jpg\",\"contentUrl\":\"https:\\\/\\\/lamarinabj.com\\\/wp-content\\\/uploads\\\/2024\\\/09\\\/IMG_20240906_141913.jpg\",\"width\":926,\"height\":1361},{\"@type\":\"BreadcrumbList\",\"@id\":\"https:\\\/\\\/lamarinabj.com\\\/index.php\\\/2024\\\/09\\\/06\\\/proser-mr-benin-ce-que-levaluation-ses-revele-sur-les-defis-pour-garantir-lacces-a-leau-potable-dici-2026\\\/#breadcrumb\",\"itemListElement\":[{\"@type\":\"ListItem\",\"position\":1,\"name\":\"Accueil\",\"item\":\"https:\\\/\\\/lamarinabj.com\\\/\"},{\"@type\":\"ListItem\",\"position\":2,\"name\":\"PROSER-MR\\\/ B\u00e9nin : Ce que l&#8217;\u00e9valuation SES r\u00e9v\u00e8le sur les d\u00e9fis pour garantir l&#8217;acc\u00e8s \u00e0 l&#8217;eau potable d&#8217;ici 2026\"}]},{\"@type\":\"WebSite\",\"@id\":\"https:\\\/\\\/lamarinabj.com\\\/#website\",\"url\":\"https:\\\/\\\/lamarinabj.com\\\/\",\"name\":\"LA MARINA BJ\",\"description\":\"Votre portail vers l&#039;information strat\u00e9gique au B\u00e9nin, en Afrique et au-del\u00e0\",\"potentialAction\":[{\"@type\":\"SearchAction\",\"target\":{\"@type\":\"EntryPoint\",\"urlTemplate\":\"https:\\\/\\\/lamarinabj.com\\\/?s={search_term_string}\"},\"query-input\":{\"@type\":\"PropertyValueSpecification\",\"valueRequired\":true,\"valueName\":\"search_term_string\"}}],\"inLanguage\":\"fr-FR\"},{\"@type\":\"Person\",\"@id\":\"https:\\\/\\\/lamarinabj.com\\\/#\\\/schema\\\/person\\\/70c372a4c3c86bd4844a0382357a0f2d\",\"name\":\"La Marina BJ - Team Veille &amp; Projets publics\",\"image\":{\"@type\":\"ImageObject\",\"inLanguage\":\"fr-FR\",\"@id\":\"https:\\\/\\\/secure.gravatar.com\\\/avatar\\\/b56740eda81210101c8acebdd7c5c7db1bd0ab57f63df607996683fa153ff0d0?s=96&d=mm&r=g\",\"url\":\"https:\\\/\\\/secure.gravatar.com\\\/avatar\\\/b56740eda81210101c8acebdd7c5c7db1bd0ab57f63df607996683fa153ff0d0?s=96&d=mm&r=g\",\"contentUrl\":\"https:\\\/\\\/secure.gravatar.com\\\/avatar\\\/b56740eda81210101c8acebdd7c5c7db1bd0ab57f63df607996683fa153ff0d0?s=96&d=mm&r=g\",\"caption\":\"La Marina BJ - Team Veille &amp; Projets publics\"},\"description\":\"La Team Veille &amp; Projets publics de La Marina BJ est d\u00e9di\u00e9e \u00e0 la surveillance proactive des dynamiques institutionnelles impuls\u00e9es par l\u2019\u00c9tat, les agences publiques, les collectivit\u00e9s territoriales ainsi que les partenaires techniques et financiers. Gr\u00e2ce \u00e0 une veille strat\u00e9gique permanente, cette \u00e9quipe identifie et suit les projets de d\u00e9veloppement, les \u00e9tudes pr\u00e9alables et les investissements publics majeurs. Elle documente les politiques sectorielles, analyse les enjeux techniques, \u00e9conomiques, sociaux et environnementaux, et produit des contenus exclusifs pour \u00e9clairer les mutations structurelles.\",\"url\":\"https:\\\/\\\/lamarinabj.com\\\/index.php\\\/author\\\/simahou\\\/\"}]}<\/script>\n<!-- \/ Yoast SEO plugin. -->","yoast_head_json":{"title":"PROSER-MR\/ B\u00e9nin : Ce que l'\u00e9valuation SES r\u00e9v\u00e8le sur les d\u00e9fis pour garantir l'acc\u00e8s \u00e0 l'eau potable d'ici 2026 - LA MARINA BJ","description":"Le Programme de S\u00e9curisation de l\u2019Eau Potable pour la R\u00e9silience en Milieu Rural (PROSER MR) repr\u00e9sente une r\u00e9ponse directe \u00e0 cet enjeu crucial. Cependant, une r\u00e9cente \u00c9valuation du Syst\u00e8me Environnemental et Social (ESES) d\u00e9voile les d\u00e9fis majeurs \u00e0 surmonter pour atteindre cet objectif.","robots":{"index":"index","follow":"follow","max-snippet":"max-snippet:-1","max-image-preview":"max-image-preview:large","max-video-preview":"max-video-preview:-1"},"canonical":"https:\/\/lamarinabj.com\/index.php\/2024\/09\/06\/proser-mr-benin-ce-que-levaluation-ses-revele-sur-les-defis-pour-garantir-lacces-a-leau-potable-dici-2026\/","og_locale":"fr_FR","og_type":"article","og_title":"PROSER-MR\/ B\u00e9nin : Ce que l'\u00e9valuation SES r\u00e9v\u00e8le sur les d\u00e9fis pour garantir l'acc\u00e8s \u00e0 l'eau potable d'ici 2026 - LA MARINA BJ","og_description":"Le Programme de S\u00e9curisation de l\u2019Eau Potable pour la R\u00e9silience en Milieu Rural (PROSER MR) repr\u00e9sente une r\u00e9ponse directe \u00e0 cet enjeu crucial. Cependant, une r\u00e9cente \u00c9valuation du Syst\u00e8me Environnemental et Social (ESES) d\u00e9voile les d\u00e9fis majeurs \u00e0 surmonter pour atteindre cet objectif.","og_url":"https:\/\/lamarinabj.com\/index.php\/2024\/09\/06\/proser-mr-benin-ce-que-levaluation-ses-revele-sur-les-defis-pour-garantir-lacces-a-leau-potable-dici-2026\/","og_site_name":"LA MARINA BJ","article_published_time":"2024-09-06T13:52:12+00:00","article_modified_time":"2024-09-06T13:52:13+00:00","og_image":[{"width":926,"height":1361,"url":"https:\/\/lamarinabj.com\/wp-content\/uploads\/2024\/09\/IMG_20240906_141913.jpg","type":"image\/jpeg"}],"author":"La Marina BJ - Team Veille &amp; Projets publics","twitter_card":"summary_large_image","twitter_misc":{"\u00c9crit par":"La Marina BJ - Team Veille &amp; Projets publics","Dur\u00e9e de lecture estim\u00e9e":"5 minutes"},"schema":{"@context":"https:\/\/schema.org","@graph":[{"@type":"NewsArticle","@id":"https:\/\/lamarinabj.com\/index.php\/2024\/09\/06\/proser-mr-benin-ce-que-levaluation-ses-revele-sur-les-defis-pour-garantir-lacces-a-leau-potable-dici-2026\/#article","isPartOf":{"@id":"https:\/\/lamarinabj.com\/index.php\/2024\/09\/06\/proser-mr-benin-ce-que-levaluation-ses-revele-sur-les-defis-pour-garantir-lacces-a-leau-potable-dici-2026\/"},"author":{"name":"La Marina BJ - Team Veille &amp; Projets publics","@id":"https:\/\/lamarinabj.com\/#\/schema\/person\/70c372a4c3c86bd4844a0382357a0f2d"},"headline":"PROSER-MR\/ B\u00e9nin : Ce que l&rsquo;\u00e9valuation SES r\u00e9v\u00e8le sur les d\u00e9fis pour garantir l&rsquo;acc\u00e8s \u00e0 l&rsquo;eau potable d&rsquo;ici 2026","datePublished":"2024-09-06T13:52:12+00:00","dateModified":"2024-09-06T13:52:13+00:00","mainEntityOfPage":{"@id":"https:\/\/lamarinabj.com\/index.php\/2024\/09\/06\/proser-mr-benin-ce-que-levaluation-ses-revele-sur-les-defis-pour-garantir-lacces-a-leau-potable-dici-2026\/"},"wordCount":914,"commentCount":0,"image":{"@id":"https:\/\/lamarinabj.com\/index.php\/2024\/09\/06\/proser-mr-benin-ce-que-levaluation-ses-revele-sur-les-defis-pour-garantir-lacces-a-leau-potable-dici-2026\/#primaryimage"},"thumbnailUrl":"https:\/\/lamarinabj.com\/wp-content\/uploads\/2024\/09\/IMG_20240906_141913.jpg","keywords":["B\u00e9nin","Eau pour tous","PROSER MR"],"articleSection":["GOUVERNANCE"],"inLanguage":"fr-FR","potentialAction":[{"@type":"CommentAction","name":"Comment","target":["https:\/\/lamarinabj.com\/index.php\/2024\/09\/06\/proser-mr-benin-ce-que-levaluation-ses-revele-sur-les-defis-pour-garantir-lacces-a-leau-potable-dici-2026\/#respond"]}]},{"@type":["WebPage","SearchResultsPage"],"@id":"https:\/\/lamarinabj.com\/index.php\/2024\/09\/06\/proser-mr-benin-ce-que-levaluation-ses-revele-sur-les-defis-pour-garantir-lacces-a-leau-potable-dici-2026\/","url":"https:\/\/lamarinabj.com\/index.php\/2024\/09\/06\/proser-mr-benin-ce-que-levaluation-ses-revele-sur-les-defis-pour-garantir-lacces-a-leau-potable-dici-2026\/","name":"PROSER-MR\/ B\u00e9nin : Ce que l'\u00e9valuation SES r\u00e9v\u00e8le sur les d\u00e9fis pour garantir l'acc\u00e8s \u00e0 l'eau potable d'ici 2026 - LA MARINA BJ","isPartOf":{"@id":"https:\/\/lamarinabj.com\/#website"},"primaryImageOfPage":{"@id":"https:\/\/lamarinabj.com\/index.php\/2024\/09\/06\/proser-mr-benin-ce-que-levaluation-ses-revele-sur-les-defis-pour-garantir-lacces-a-leau-potable-dici-2026\/#primaryimage"},"image":{"@id":"https:\/\/lamarinabj.com\/index.php\/2024\/09\/06\/proser-mr-benin-ce-que-levaluation-ses-revele-sur-les-defis-pour-garantir-lacces-a-leau-potable-dici-2026\/#primaryimage"},"thumbnailUrl":"https:\/\/lamarinabj.com\/wp-content\/uploads\/2024\/09\/IMG_20240906_141913.jpg","datePublished":"2024-09-06T13:52:12+00:00","dateModified":"2024-09-06T13:52:13+00:00","author":{"@id":"https:\/\/lamarinabj.com\/#\/schema\/person\/70c372a4c3c86bd4844a0382357a0f2d"},"description":"Le Programme de S\u00e9curisation de l\u2019Eau Potable pour la R\u00e9silience en Milieu Rural (PROSER MR) repr\u00e9sente une r\u00e9ponse directe \u00e0 cet enjeu crucial. Cependant, une r\u00e9cente \u00c9valuation du Syst\u00e8me Environnemental et Social (ESES) d\u00e9voile les d\u00e9fis majeurs \u00e0 surmonter pour atteindre cet objectif.","breadcrumb":{"@id":"https:\/\/lamarinabj.com\/index.php\/2024\/09\/06\/proser-mr-benin-ce-que-levaluation-ses-revele-sur-les-defis-pour-garantir-lacces-a-leau-potable-dici-2026\/#breadcrumb"},"inLanguage":"fr-FR","potentialAction":[{"@type":"ReadAction","target":["https:\/\/lamarinabj.com\/index.php\/2024\/09\/06\/proser-mr-benin-ce-que-levaluation-ses-revele-sur-les-defis-pour-garantir-lacces-a-leau-potable-dici-2026\/"]}]},{"@type":"ImageObject","inLanguage":"fr-FR","@id":"https:\/\/lamarinabj.com\/index.php\/2024\/09\/06\/proser-mr-benin-ce-que-levaluation-ses-revele-sur-les-defis-pour-garantir-lacces-a-leau-potable-dici-2026\/#primaryimage","url":"https:\/\/lamarinabj.com\/wp-content\/uploads\/2024\/09\/IMG_20240906_141913.jpg","contentUrl":"https:\/\/lamarinabj.com\/wp-content\/uploads\/2024\/09\/IMG_20240906_141913.jpg","width":926,"height":1361},{"@type":"BreadcrumbList","@id":"https:\/\/lamarinabj.com\/index.php\/2024\/09\/06\/proser-mr-benin-ce-que-levaluation-ses-revele-sur-les-defis-pour-garantir-lacces-a-leau-potable-dici-2026\/#breadcrumb","itemListElement":[{"@type":"ListItem","position":1,"name":"Accueil","item":"https:\/\/lamarinabj.com\/"},{"@type":"ListItem","position":2,"name":"PROSER-MR\/ B\u00e9nin : Ce que l&#8217;\u00e9valuation SES r\u00e9v\u00e8le sur les d\u00e9fis pour garantir l&#8217;acc\u00e8s \u00e0 l&#8217;eau potable d&#8217;ici 2026"}]},{"@type":"WebSite","@id":"https:\/\/lamarinabj.com\/#website","url":"https:\/\/lamarinabj.com\/","name":"LA MARINA BJ","description":"Votre portail vers l&#039;information strat\u00e9gique au B\u00e9nin, en Afrique et au-del\u00e0","potentialAction":[{"@type":"SearchAction","target":{"@type":"EntryPoint","urlTemplate":"https:\/\/lamarinabj.com\/?s={search_term_string}"},"query-input":{"@type":"PropertyValueSpecification","valueRequired":true,"valueName":"search_term_string"}}],"inLanguage":"fr-FR"},{"@type":"Person","@id":"https:\/\/lamarinabj.com\/#\/schema\/person\/70c372a4c3c86bd4844a0382357a0f2d","name":"La Marina BJ - Team Veille &amp; Projets publics","image":{"@type":"ImageObject","inLanguage":"fr-FR","@id":"https:\/\/secure.gravatar.com\/avatar\/b56740eda81210101c8acebdd7c5c7db1bd0ab57f63df607996683fa153ff0d0?s=96&d=mm&r=g","url":"https:\/\/secure.gravatar.com\/avatar\/b56740eda81210101c8acebdd7c5c7db1bd0ab57f63df607996683fa153ff0d0?s=96&d=mm&r=g","contentUrl":"https:\/\/secure.gravatar.com\/avatar\/b56740eda81210101c8acebdd7c5c7db1bd0ab57f63df607996683fa153ff0d0?s=96&d=mm&r=g","caption":"La Marina BJ - Team Veille &amp; Projets publics"},"description":"La Team Veille &amp; Projets publics de La Marina BJ est d\u00e9di\u00e9e \u00e0 la surveillance proactive des dynamiques institutionnelles impuls\u00e9es par l\u2019\u00c9tat, les agences publiques, les collectivit\u00e9s territoriales ainsi que les partenaires techniques et financiers. Gr\u00e2ce \u00e0 une veille strat\u00e9gique permanente, cette \u00e9quipe identifie et suit les projets de d\u00e9veloppement, les \u00e9tudes pr\u00e9alables et les investissements publics majeurs. Elle documente les politiques sectorielles, analyse les enjeux techniques, \u00e9conomiques, sociaux et environnementaux, et produit des contenus exclusifs pour \u00e9clairer les mutations structurelles.","url":"https:\/\/lamarinabj.com\/index.php\/author\/simahou\/"}]}},"_links":{"self":[{"href":"https:\/\/lamarinabj.com\/index.php\/wp-json\/wp\/v2\/posts\/7911","targetHints":{"allow":["GET"]}}],"collection":[{"href":"https:\/\/lamarinabj.com\/index.php\/wp-json\/wp\/v2\/posts"}],"about":[{"href":"https:\/\/lamarinabj.com\/index.php\/wp-json\/wp\/v2\/types\/post"}],"author":[{"embeddable":true,"href":"https:\/\/lamarinabj.com\/index.php\/wp-json\/wp\/v2\/users\/3"}],"replies":[{"embeddable":true,"href":"https:\/\/lamarinabj.com\/index.php\/wp-json\/wp\/v2\/comments?post=7911"}],"version-history":[{"count":1,"href":"https:\/\/lamarinabj.com\/index.php\/wp-json\/wp\/v2\/posts\/7911\/revisions"}],"predecessor-version":[{"id":7913,"href":"https:\/\/lamarinabj.com\/index.php\/wp-json\/wp\/v2\/posts\/7911\/revisions\/7913"}],"wp:featuredmedia":[{"embeddable":true,"href":"https:\/\/lamarinabj.com\/index.php\/wp-json\/wp\/v2\/media\/7912"}],"wp:attachment":[{"href":"https:\/\/lamarinabj.com\/index.php\/wp-json\/wp\/v2\/media?parent=7911"}],"wp:term":[{"taxonomy":"category","embeddable":true,"href":"https:\/\/lamarinabj.com\/index.php\/wp-json\/wp\/v2\/categories?post=7911"},{"taxonomy":"post_tag","embeddable":true,"href":"https:\/\/lamarinabj.com\/index.php\/wp-json\/wp\/v2\/tags?post=7911"}],"curies":[{"name":"wp","href":"https:\/\/api.w.org\/{rel}","templated":true}]}}