{"id":7917,"date":"2024-09-09T10:36:57","date_gmt":"2024-09-09T09:36:57","guid":{"rendered":"https:\/\/lamarinabj.com\/?p=7917"},"modified":"2024-09-09T10:36:58","modified_gmt":"2024-09-09T09:36:58","slug":"pourquoi-la-rdc-refuse-de-signer-le-memorandum-de-securite-avec-la-chine-et-lafrique-de-lest","status":"publish","type":"post","link":"https:\/\/lamarinabj.com\/index.php\/2024\/09\/09\/pourquoi-la-rdc-refuse-de-signer-le-memorandum-de-securite-avec-la-chine-et-lafrique-de-lest\/","title":{"rendered":"Pourquoi la RDC refuse de signer le m\u00e9morandum de s\u00e9curit\u00e9 avec la Chine et l&rsquo;Afrique de l&rsquo;Est ?"},"content":{"rendered":"\n<p><strong><mark style=\"background-color:rgba(0, 0, 0, 0)\" class=\"has-inline-color has-red-color\">Diplomatie, RDC, Chine<\/mark><\/strong> &#8211; <strong><em>Le 7 septembre 2024, la R\u00e9publique D\u00e9mocratique du Congo (RDC), repr\u00e9sent\u00e9e par son vice-premier ministre de l\u2019Int\u00e9rieur et S\u00e9curit\u00e9, Jacquemain Shabani, a pris part au premier dialogue minist\u00e9riel sur la coop\u00e9ration internationale en mati\u00e8re de s\u00e9curit\u00e9 \u00e0 Beijing, en Chine. <\/em><\/strong><\/p>\n\n\n\n<p>Si cette rencontre visait \u00e0 renforcer les partenariats s\u00e9curitaires entre la Chine et les pays de l\u2019Afrique de l\u2019Est, la RDC a choisi de ne pas apposer sa signature sur le m\u00e9morandum d&rsquo;entente propos\u00e9, confirmant ainsi la position claire de F\u00e9lix Tshisekedi face aux tensions r\u00e9gionales persistantes. Pourquoi ce refus ?<\/p>\n\n\n\n<h3 id=\"une-reserve-motivee-par-le-conflit-avec-le-rwanda\" class=\"wp-block-heading\"><mark style=\"background-color:rgba(0, 0, 0, 0)\" class=\"has-inline-color has-red-color\">Une r\u00e9serve motiv\u00e9e par le conflit avec le Rwanda<\/mark><\/h3>\n\n\n\n<p>La d\u00e9cision de la RDC de ne pas signer ce m\u00e9morandum est intimement li\u00e9e \u00e0 la situation s\u00e9curitaire dans sa partie est, o\u00f9 le pays est r\u00e9guli\u00e8rement confront\u00e9 \u00e0 des incursions et agressions qu\u2019il attribue \u00e0 son voisin, le Rwanda. Selon Jacquemain Shabani, cette agression n\u2019a jamais \u00e9t\u00e9 condamn\u00e9e par la Communaut\u00e9 d&rsquo;Afrique de l&rsquo;Est (EAC), dont la RDC est membre depuis 2022. En l&rsquo;absence de cette condamnation, la signature d\u2019un accord r\u00e9gional sur la s\u00e9curit\u00e9 aurait \u00e9t\u00e9 per\u00e7ue comme une acceptation tacite du statu quo, ce que Kinshasa refuse fermement.<\/p>\n\n\n\n<p>Selon notre source locale \u00e0 Kinshasa, le gouvernement congolais consid\u00e8re que les principes de respect de l&rsquo;int\u00e9grit\u00e9 territoriale et de l&rsquo;intangibilit\u00e9 des fronti\u00e8res, essentiels au sein de l\u2019EAC, ont \u00e9t\u00e9 viol\u00e9s \u00e0 son encontre sans r\u00e9action de la part de ses partenaires r\u00e9gionaux. Cette inaction a renforc\u00e9 la m\u00e9fiance de la RDC vis-\u00e0-vis de l&rsquo;organisation, et explique en partie son retrait de la signature du document.<\/p>\n\n\n\n<h3 id=\"un-choix-diplomatique-strategique\" class=\"wp-block-heading\"><mark style=\"background-color:rgba(0, 0, 0, 0)\" class=\"has-inline-color has-red-color\">Un choix diplomatique strat\u00e9gique<\/mark><\/h3>\n\n\n\n<p>Malgr\u00e9 cette r\u00e9serve, Jacquemain Shabani a exprim\u00e9 le souhait de voir la coop\u00e9ration entre la RDC et la Chine se renforcer sur une base bilat\u00e9rale. Le dialogue entre les deux nations reste, selon lui, une priorit\u00e9 pour le gouvernement congolais, notamment dans la lutte contre l&rsquo;ins\u00e9curit\u00e9 et pour le d\u00e9veloppement \u00e9conomique. Il s\u2019agit ici d\u2019un message clair,  la RDC est ouverte \u00e0 une collaboration avec des partenaires ext\u00e9rieurs, mais celle-ci doit se faire en respectant ses int\u00e9r\u00eats souverains et sa s\u00e9curit\u00e9 nationale.<\/p>\n\n\n\n<p>Pour la RDC, signer un accord r\u00e9gional sans garantie de soutien face \u00e0 l\u2019agression qu\u2019elle subit constituerait un manque de coh\u00e9rence avec ses engagements nationaux. En privil\u00e9giant la voie bilat\u00e9rale avec la Chine, Kinshasa peut ainsi garder un contr\u00f4le plus direct sur ses partenariats tout en \u00e9vitant de se lier \u00e0 des engagements r\u00e9gionaux per\u00e7us comme potentiellement contre-productifs.<\/p>\n\n\n\n<h3 id=\"un-cadre-regional-qui-perd-de-son-attrait\" class=\"wp-block-heading\"><mark style=\"background-color:rgba(0, 0, 0, 0)\" class=\"has-inline-color has-red-color\">Un cadre r\u00e9gional qui perd de son attrait<\/mark><\/h3>\n\n\n\n<p>Cette position de la RDC met en lumi\u00e8re une difficult\u00e9 plus large pour l\u2019EAC et ses membres, qui peinent \u00e0 afficher une unit\u00e9 face aux crises internes. La signature de ce m\u00e9morandum, qui devait symboliser un renforcement de la coop\u00e9ration s\u00e9curitaire entre l\u2019Afrique de l\u2019Est et la Chine, est ainsi \u00e9clips\u00e9e par le refus de Kinshasa de se joindre \u00e0 l\u2019initiative, soulignant l\u2019importance des enjeux politiques et s\u00e9curitaires individuels des pays membres.<\/p>\n\n\n\n<p>La d\u00e9cision de la RDC marque \u00e9galement un tournant dans sa strat\u00e9gie r\u00e9gionale. Depuis son adh\u00e9sion \u00e0 l&rsquo;EAC, Kinshasa cherche \u00e0 renforcer son r\u00f4le dans la r\u00e9gion tout en d\u00e9fendant fermement ses int\u00e9r\u00eats. Cependant, tant que la question de l\u2019agression rwandaise restera non r\u00e9solue et sans condamnation officielle, il est probable que la RDC continuera \u00e0 privil\u00e9gier des relations bilat\u00e9rales solides, \u00e0 l\u2019instar de celle qu\u2019elle entretient avec P\u00e9kin.<\/p>\n","protected":false},"excerpt":{"rendered":"Diplomatie, RDC, Chine &#8211; Le 7 septembre 2024, la R\u00e9publique D\u00e9mocratique du Congo (RDC), repr\u00e9sent\u00e9e par son vice-premier&hellip;\n","protected":false},"author":9,"featured_media":7919,"comment_status":"open","ping_status":"open","sticky":false,"template":"elementor_theme","format":"standard","meta":{"csco_singular_sidebar":"","csco_page_header_type":"standard","csco_appearance_masonry":"","csco_page_load_nextpost":"","csco_post_video_location":[],"csco_post_video_location_hash":"","csco_post_video_url":"","csco_post_video_bg_start_time":0,"csco_post_video_bg_end_time":0,"footnotes":""},"categories":[85,71],"tags":[82,93,803],"class_list":{"0":"post-7917","1":"post","2":"type-post","3":"status-publish","4":"format-standard","5":"has-post-thumbnail","7":"category-diplomatie","8":"category-international","9":"tag-chine","10":"tag-rdc","11":"tag-rwanda","12":"cs-entry","13":"cs-video-wrap"},"yoast_head":"<!-- This site is optimized with the Yoast SEO plugin v27.4 - https:\/\/yoast.com\/product\/yoast-seo-wordpress\/ -->\n<title>Pourquoi la RDC refuse de signer le m\u00e9morandum de s\u00e9curit\u00e9 avec la Chine et l&#039;Afrique de l&#039;Est ? - LA MARINA BJ<\/title>\n<meta name=\"description\" content=\"Si cette rencontre visait \u00e0 renforcer les partenariats s\u00e9curitaires entre la Chine et les pays de l\u2019Afrique de l\u2019Est, la RDC a choisi de ne pas apposer sa signature sur le m\u00e9morandum d&#039;entente propos\u00e9, confirmant ainsi la position claire de F\u00e9lix Tshisekedi face aux tensions r\u00e9gionales persistantes. Pourquoi ce refus ?\" \/>\n<meta name=\"robots\" content=\"index, follow, max-snippet:-1, max-image-preview:large, max-video-preview:-1\" \/>\n<link rel=\"canonical\" href=\"https:\/\/lamarinabj.com\/index.php\/2024\/09\/09\/pourquoi-la-rdc-refuse-de-signer-le-memorandum-de-securite-avec-la-chine-et-lafrique-de-lest\/\" \/>\n<meta property=\"og:locale\" content=\"fr_FR\" \/>\n<meta property=\"og:type\" content=\"article\" \/>\n<meta property=\"og:title\" content=\"Pourquoi la RDC refuse de signer le m\u00e9morandum de s\u00e9curit\u00e9 avec la Chine et l&#039;Afrique de l&#039;Est ? - LA MARINA BJ\" \/>\n<meta property=\"og:description\" content=\"Si cette rencontre visait \u00e0 renforcer les partenariats s\u00e9curitaires entre la Chine et les pays de l\u2019Afrique de l\u2019Est, la RDC a choisi de ne pas apposer sa signature sur le m\u00e9morandum d&#039;entente propos\u00e9, confirmant ainsi la position claire de F\u00e9lix Tshisekedi face aux tensions r\u00e9gionales persistantes. Pourquoi ce refus ?\" \/>\n<meta property=\"og:url\" content=\"https:\/\/lamarinabj.com\/index.php\/2024\/09\/09\/pourquoi-la-rdc-refuse-de-signer-le-memorandum-de-securite-avec-la-chine-et-lafrique-de-lest\/\" \/>\n<meta property=\"og:site_name\" content=\"LA MARINA BJ\" \/>\n<meta property=\"article:published_time\" content=\"2024-09-09T09:36:57+00:00\" \/>\n<meta property=\"article:modified_time\" content=\"2024-09-09T09:36:58+00:00\" \/>\n<meta property=\"og:image\" content=\"https:\/\/lamarinabj.com\/wp-content\/uploads\/2024\/09\/bitmap_1200_nocrop_1_1_20240902085826088668_GWcd07LWMAAz1ST-1.jpg\" \/>\n\t<meta property=\"og:image:width\" content=\"1200\" \/>\n\t<meta property=\"og:image:height\" content=\"1577\" \/>\n\t<meta property=\"og:image:type\" content=\"image\/jpeg\" \/>\n<meta name=\"author\" content=\"La Marina BJ - Team Politique &amp; Gouvernance\" \/>\n<meta name=\"twitter:card\" content=\"summary_large_image\" \/>\n<meta name=\"twitter:label1\" content=\"\u00c9crit par\" \/>\n\t<meta name=\"twitter:data1\" content=\"La Marina BJ - Team Politique &amp; Gouvernance\" \/>\n\t<meta name=\"twitter:label2\" content=\"Dur\u00e9e de lecture estim\u00e9e\" \/>\n\t<meta name=\"twitter:data2\" content=\"4 minutes\" \/>\n<script type=\"application\/ld+json\" class=\"yoast-schema-graph\">{\"@context\":\"https:\\\/\\\/schema.org\",\"@graph\":[{\"@type\":\"NewsArticle\",\"@id\":\"https:\\\/\\\/lamarinabj.com\\\/index.php\\\/2024\\\/09\\\/09\\\/pourquoi-la-rdc-refuse-de-signer-le-memorandum-de-securite-avec-la-chine-et-lafrique-de-lest\\\/#article\",\"isPartOf\":{\"@id\":\"https:\\\/\\\/lamarinabj.com\\\/index.php\\\/2024\\\/09\\\/09\\\/pourquoi-la-rdc-refuse-de-signer-le-memorandum-de-securite-avec-la-chine-et-lafrique-de-lest\\\/\"},\"author\":{\"name\":\"La Marina BJ - Team Politique &amp; Gouvernance\",\"@id\":\"https:\\\/\\\/lamarinabj.com\\\/#\\\/schema\\\/person\\\/402e6a9448a09031724da97f9dae67e8\"},\"headline\":\"Pourquoi la RDC refuse de signer le m\u00e9morandum de s\u00e9curit\u00e9 avec la Chine et l&rsquo;Afrique de l&rsquo;Est ?\",\"datePublished\":\"2024-09-09T09:36:57+00:00\",\"dateModified\":\"2024-09-09T09:36:58+00:00\",\"mainEntityOfPage\":{\"@id\":\"https:\\\/\\\/lamarinabj.com\\\/index.php\\\/2024\\\/09\\\/09\\\/pourquoi-la-rdc-refuse-de-signer-le-memorandum-de-securite-avec-la-chine-et-lafrique-de-lest\\\/\"},\"wordCount\":654,\"commentCount\":0,\"image\":{\"@id\":\"https:\\\/\\\/lamarinabj.com\\\/index.php\\\/2024\\\/09\\\/09\\\/pourquoi-la-rdc-refuse-de-signer-le-memorandum-de-securite-avec-la-chine-et-lafrique-de-lest\\\/#primaryimage\"},\"thumbnailUrl\":\"https:\\\/\\\/lamarinabj.com\\\/wp-content\\\/uploads\\\/2024\\\/09\\\/bitmap_1200_nocrop_1_1_20240902085826088668_GWcd07LWMAAz1ST-1.jpg\",\"keywords\":[\"CHINE\",\"RDC\",\"Rwanda\"],\"articleSection\":[\"DIPLOMATIE\",\"INTERNATIONAL\"],\"inLanguage\":\"fr-FR\",\"potentialAction\":[{\"@type\":\"CommentAction\",\"name\":\"Comment\",\"target\":[\"https:\\\/\\\/lamarinabj.com\\\/index.php\\\/2024\\\/09\\\/09\\\/pourquoi-la-rdc-refuse-de-signer-le-memorandum-de-securite-avec-la-chine-et-lafrique-de-lest\\\/#respond\"]}]},{\"@type\":[\"WebPage\",\"SearchResultsPage\"],\"@id\":\"https:\\\/\\\/lamarinabj.com\\\/index.php\\\/2024\\\/09\\\/09\\\/pourquoi-la-rdc-refuse-de-signer-le-memorandum-de-securite-avec-la-chine-et-lafrique-de-lest\\\/\",\"url\":\"https:\\\/\\\/lamarinabj.com\\\/index.php\\\/2024\\\/09\\\/09\\\/pourquoi-la-rdc-refuse-de-signer-le-memorandum-de-securite-avec-la-chine-et-lafrique-de-lest\\\/\",\"name\":\"Pourquoi la RDC refuse de signer le m\u00e9morandum de s\u00e9curit\u00e9 avec la Chine et l'Afrique de l'Est ? - LA MARINA BJ\",\"isPartOf\":{\"@id\":\"https:\\\/\\\/lamarinabj.com\\\/#website\"},\"primaryImageOfPage\":{\"@id\":\"https:\\\/\\\/lamarinabj.com\\\/index.php\\\/2024\\\/09\\\/09\\\/pourquoi-la-rdc-refuse-de-signer-le-memorandum-de-securite-avec-la-chine-et-lafrique-de-lest\\\/#primaryimage\"},\"image\":{\"@id\":\"https:\\\/\\\/lamarinabj.com\\\/index.php\\\/2024\\\/09\\\/09\\\/pourquoi-la-rdc-refuse-de-signer-le-memorandum-de-securite-avec-la-chine-et-lafrique-de-lest\\\/#primaryimage\"},\"thumbnailUrl\":\"https:\\\/\\\/lamarinabj.com\\\/wp-content\\\/uploads\\\/2024\\\/09\\\/bitmap_1200_nocrop_1_1_20240902085826088668_GWcd07LWMAAz1ST-1.jpg\",\"datePublished\":\"2024-09-09T09:36:57+00:00\",\"dateModified\":\"2024-09-09T09:36:58+00:00\",\"author\":{\"@id\":\"https:\\\/\\\/lamarinabj.com\\\/#\\\/schema\\\/person\\\/402e6a9448a09031724da97f9dae67e8\"},\"description\":\"Si cette rencontre visait \u00e0 renforcer les partenariats s\u00e9curitaires entre la Chine et les pays de l\u2019Afrique de l\u2019Est, la RDC a choisi de ne pas apposer sa signature sur le m\u00e9morandum d'entente propos\u00e9, confirmant ainsi la position claire de F\u00e9lix Tshisekedi face aux tensions r\u00e9gionales persistantes. Pourquoi ce refus ?\",\"breadcrumb\":{\"@id\":\"https:\\\/\\\/lamarinabj.com\\\/index.php\\\/2024\\\/09\\\/09\\\/pourquoi-la-rdc-refuse-de-signer-le-memorandum-de-securite-avec-la-chine-et-lafrique-de-lest\\\/#breadcrumb\"},\"inLanguage\":\"fr-FR\",\"potentialAction\":[{\"@type\":\"ReadAction\",\"target\":[\"https:\\\/\\\/lamarinabj.com\\\/index.php\\\/2024\\\/09\\\/09\\\/pourquoi-la-rdc-refuse-de-signer-le-memorandum-de-securite-avec-la-chine-et-lafrique-de-lest\\\/\"]}]},{\"@type\":\"ImageObject\",\"inLanguage\":\"fr-FR\",\"@id\":\"https:\\\/\\\/lamarinabj.com\\\/index.php\\\/2024\\\/09\\\/09\\\/pourquoi-la-rdc-refuse-de-signer-le-memorandum-de-securite-avec-la-chine-et-lafrique-de-lest\\\/#primaryimage\",\"url\":\"https:\\\/\\\/lamarinabj.com\\\/wp-content\\\/uploads\\\/2024\\\/09\\\/bitmap_1200_nocrop_1_1_20240902085826088668_GWcd07LWMAAz1ST-1.jpg\",\"contentUrl\":\"https:\\\/\\\/lamarinabj.com\\\/wp-content\\\/uploads\\\/2024\\\/09\\\/bitmap_1200_nocrop_1_1_20240902085826088668_GWcd07LWMAAz1ST-1.jpg\",\"width\":1200,\"height\":1577},{\"@type\":\"BreadcrumbList\",\"@id\":\"https:\\\/\\\/lamarinabj.com\\\/index.php\\\/2024\\\/09\\\/09\\\/pourquoi-la-rdc-refuse-de-signer-le-memorandum-de-securite-avec-la-chine-et-lafrique-de-lest\\\/#breadcrumb\",\"itemListElement\":[{\"@type\":\"ListItem\",\"position\":1,\"name\":\"Accueil\",\"item\":\"https:\\\/\\\/lamarinabj.com\\\/\"},{\"@type\":\"ListItem\",\"position\":2,\"name\":\"Pourquoi la RDC refuse de signer le m\u00e9morandum de s\u00e9curit\u00e9 avec la Chine et l&#8217;Afrique de l&#8217;Est ?\"}]},{\"@type\":\"WebSite\",\"@id\":\"https:\\\/\\\/lamarinabj.com\\\/#website\",\"url\":\"https:\\\/\\\/lamarinabj.com\\\/\",\"name\":\"LA MARINA BJ\",\"description\":\"Votre portail vers l&#039;information strat\u00e9gique au B\u00e9nin, en Afrique et au-del\u00e0\",\"potentialAction\":[{\"@type\":\"SearchAction\",\"target\":{\"@type\":\"EntryPoint\",\"urlTemplate\":\"https:\\\/\\\/lamarinabj.com\\\/?s={search_term_string}\"},\"query-input\":{\"@type\":\"PropertyValueSpecification\",\"valueRequired\":true,\"valueName\":\"search_term_string\"}}],\"inLanguage\":\"fr-FR\"},{\"@type\":\"Person\",\"@id\":\"https:\\\/\\\/lamarinabj.com\\\/#\\\/schema\\\/person\\\/402e6a9448a09031724da97f9dae67e8\",\"name\":\"La Marina BJ - Team Politique &amp; Gouvernance\",\"image\":{\"@type\":\"ImageObject\",\"inLanguage\":\"fr-FR\",\"@id\":\"https:\\\/\\\/secure.gravatar.com\\\/avatar\\\/fd9545dd7863c2f40d7696b9bb5d085e4615baa276d5cd3e6a5a3bbc53bfae6e?s=96&d=mm&r=g\",\"url\":\"https:\\\/\\\/secure.gravatar.com\\\/avatar\\\/fd9545dd7863c2f40d7696b9bb5d085e4615baa276d5cd3e6a5a3bbc53bfae6e?s=96&d=mm&r=g\",\"contentUrl\":\"https:\\\/\\\/secure.gravatar.com\\\/avatar\\\/fd9545dd7863c2f40d7696b9bb5d085e4615baa276d5cd3e6a5a3bbc53bfae6e?s=96&d=mm&r=g\",\"caption\":\"La Marina BJ - Team Politique &amp; Gouvernance\"},\"description\":\"La Team Politique &amp; Gouvernance de La Marina BJ est au c\u0153ur de l\u2019analyse des enjeux politiques, institutionnels et de gouvernance au B\u00e9nin et en Afrique. Compos\u00e9e de journalistes sp\u00e9cialis\u00e9s en affaires publiques et en politique, cette \u00e9quipe s\u2019attache \u00e0 d\u00e9crypter les d\u00e9cisions politiques, \u00e0 suivre l\u2019\u00e9volution des r\u00e9formes institutionnelles, et \u00e0 analyser les dynamiques de pouvoir au sein des institutions nationales et internationales.\",\"url\":\"https:\\\/\\\/lamarinabj.com\\\/index.php\\\/author\\\/adimi\\\/\"}]}<\/script>\n<!-- \/ Yoast SEO plugin. -->","yoast_head_json":{"title":"Pourquoi la RDC refuse de signer le m\u00e9morandum de s\u00e9curit\u00e9 avec la Chine et l'Afrique de l'Est ? - LA MARINA BJ","description":"Si cette rencontre visait \u00e0 renforcer les partenariats s\u00e9curitaires entre la Chine et les pays de l\u2019Afrique de l\u2019Est, la RDC a choisi de ne pas apposer sa signature sur le m\u00e9morandum d'entente propos\u00e9, confirmant ainsi la position claire de F\u00e9lix Tshisekedi face aux tensions r\u00e9gionales persistantes. Pourquoi ce refus ?","robots":{"index":"index","follow":"follow","max-snippet":"max-snippet:-1","max-image-preview":"max-image-preview:large","max-video-preview":"max-video-preview:-1"},"canonical":"https:\/\/lamarinabj.com\/index.php\/2024\/09\/09\/pourquoi-la-rdc-refuse-de-signer-le-memorandum-de-securite-avec-la-chine-et-lafrique-de-lest\/","og_locale":"fr_FR","og_type":"article","og_title":"Pourquoi la RDC refuse de signer le m\u00e9morandum de s\u00e9curit\u00e9 avec la Chine et l'Afrique de l'Est ? - LA MARINA BJ","og_description":"Si cette rencontre visait \u00e0 renforcer les partenariats s\u00e9curitaires entre la Chine et les pays de l\u2019Afrique de l\u2019Est, la RDC a choisi de ne pas apposer sa signature sur le m\u00e9morandum d'entente propos\u00e9, confirmant ainsi la position claire de F\u00e9lix Tshisekedi face aux tensions r\u00e9gionales persistantes. Pourquoi ce refus ?","og_url":"https:\/\/lamarinabj.com\/index.php\/2024\/09\/09\/pourquoi-la-rdc-refuse-de-signer-le-memorandum-de-securite-avec-la-chine-et-lafrique-de-lest\/","og_site_name":"LA MARINA BJ","article_published_time":"2024-09-09T09:36:57+00:00","article_modified_time":"2024-09-09T09:36:58+00:00","og_image":[{"width":1200,"height":1577,"url":"https:\/\/lamarinabj.com\/wp-content\/uploads\/2024\/09\/bitmap_1200_nocrop_1_1_20240902085826088668_GWcd07LWMAAz1ST-1.jpg","type":"image\/jpeg"}],"author":"La Marina BJ - Team Politique &amp; Gouvernance","twitter_card":"summary_large_image","twitter_misc":{"\u00c9crit par":"La Marina BJ - Team Politique &amp; Gouvernance","Dur\u00e9e de lecture estim\u00e9e":"4 minutes"},"schema":{"@context":"https:\/\/schema.org","@graph":[{"@type":"NewsArticle","@id":"https:\/\/lamarinabj.com\/index.php\/2024\/09\/09\/pourquoi-la-rdc-refuse-de-signer-le-memorandum-de-securite-avec-la-chine-et-lafrique-de-lest\/#article","isPartOf":{"@id":"https:\/\/lamarinabj.com\/index.php\/2024\/09\/09\/pourquoi-la-rdc-refuse-de-signer-le-memorandum-de-securite-avec-la-chine-et-lafrique-de-lest\/"},"author":{"name":"La Marina BJ - Team Politique &amp; Gouvernance","@id":"https:\/\/lamarinabj.com\/#\/schema\/person\/402e6a9448a09031724da97f9dae67e8"},"headline":"Pourquoi la RDC refuse de signer le m\u00e9morandum de s\u00e9curit\u00e9 avec la Chine et l&rsquo;Afrique de l&rsquo;Est ?","datePublished":"2024-09-09T09:36:57+00:00","dateModified":"2024-09-09T09:36:58+00:00","mainEntityOfPage":{"@id":"https:\/\/lamarinabj.com\/index.php\/2024\/09\/09\/pourquoi-la-rdc-refuse-de-signer-le-memorandum-de-securite-avec-la-chine-et-lafrique-de-lest\/"},"wordCount":654,"commentCount":0,"image":{"@id":"https:\/\/lamarinabj.com\/index.php\/2024\/09\/09\/pourquoi-la-rdc-refuse-de-signer-le-memorandum-de-securite-avec-la-chine-et-lafrique-de-lest\/#primaryimage"},"thumbnailUrl":"https:\/\/lamarinabj.com\/wp-content\/uploads\/2024\/09\/bitmap_1200_nocrop_1_1_20240902085826088668_GWcd07LWMAAz1ST-1.jpg","keywords":["CHINE","RDC","Rwanda"],"articleSection":["DIPLOMATIE","INTERNATIONAL"],"inLanguage":"fr-FR","potentialAction":[{"@type":"CommentAction","name":"Comment","target":["https:\/\/lamarinabj.com\/index.php\/2024\/09\/09\/pourquoi-la-rdc-refuse-de-signer-le-memorandum-de-securite-avec-la-chine-et-lafrique-de-lest\/#respond"]}]},{"@type":["WebPage","SearchResultsPage"],"@id":"https:\/\/lamarinabj.com\/index.php\/2024\/09\/09\/pourquoi-la-rdc-refuse-de-signer-le-memorandum-de-securite-avec-la-chine-et-lafrique-de-lest\/","url":"https:\/\/lamarinabj.com\/index.php\/2024\/09\/09\/pourquoi-la-rdc-refuse-de-signer-le-memorandum-de-securite-avec-la-chine-et-lafrique-de-lest\/","name":"Pourquoi la RDC refuse de signer le m\u00e9morandum de s\u00e9curit\u00e9 avec la Chine et l'Afrique de l'Est ? - LA MARINA BJ","isPartOf":{"@id":"https:\/\/lamarinabj.com\/#website"},"primaryImageOfPage":{"@id":"https:\/\/lamarinabj.com\/index.php\/2024\/09\/09\/pourquoi-la-rdc-refuse-de-signer-le-memorandum-de-securite-avec-la-chine-et-lafrique-de-lest\/#primaryimage"},"image":{"@id":"https:\/\/lamarinabj.com\/index.php\/2024\/09\/09\/pourquoi-la-rdc-refuse-de-signer-le-memorandum-de-securite-avec-la-chine-et-lafrique-de-lest\/#primaryimage"},"thumbnailUrl":"https:\/\/lamarinabj.com\/wp-content\/uploads\/2024\/09\/bitmap_1200_nocrop_1_1_20240902085826088668_GWcd07LWMAAz1ST-1.jpg","datePublished":"2024-09-09T09:36:57+00:00","dateModified":"2024-09-09T09:36:58+00:00","author":{"@id":"https:\/\/lamarinabj.com\/#\/schema\/person\/402e6a9448a09031724da97f9dae67e8"},"description":"Si cette rencontre visait \u00e0 renforcer les partenariats s\u00e9curitaires entre la Chine et les pays de l\u2019Afrique de l\u2019Est, la RDC a choisi de ne pas apposer sa signature sur le m\u00e9morandum d'entente propos\u00e9, confirmant ainsi la position claire de F\u00e9lix Tshisekedi face aux tensions r\u00e9gionales persistantes. Pourquoi ce refus ?","breadcrumb":{"@id":"https:\/\/lamarinabj.com\/index.php\/2024\/09\/09\/pourquoi-la-rdc-refuse-de-signer-le-memorandum-de-securite-avec-la-chine-et-lafrique-de-lest\/#breadcrumb"},"inLanguage":"fr-FR","potentialAction":[{"@type":"ReadAction","target":["https:\/\/lamarinabj.com\/index.php\/2024\/09\/09\/pourquoi-la-rdc-refuse-de-signer-le-memorandum-de-securite-avec-la-chine-et-lafrique-de-lest\/"]}]},{"@type":"ImageObject","inLanguage":"fr-FR","@id":"https:\/\/lamarinabj.com\/index.php\/2024\/09\/09\/pourquoi-la-rdc-refuse-de-signer-le-memorandum-de-securite-avec-la-chine-et-lafrique-de-lest\/#primaryimage","url":"https:\/\/lamarinabj.com\/wp-content\/uploads\/2024\/09\/bitmap_1200_nocrop_1_1_20240902085826088668_GWcd07LWMAAz1ST-1.jpg","contentUrl":"https:\/\/lamarinabj.com\/wp-content\/uploads\/2024\/09\/bitmap_1200_nocrop_1_1_20240902085826088668_GWcd07LWMAAz1ST-1.jpg","width":1200,"height":1577},{"@type":"BreadcrumbList","@id":"https:\/\/lamarinabj.com\/index.php\/2024\/09\/09\/pourquoi-la-rdc-refuse-de-signer-le-memorandum-de-securite-avec-la-chine-et-lafrique-de-lest\/#breadcrumb","itemListElement":[{"@type":"ListItem","position":1,"name":"Accueil","item":"https:\/\/lamarinabj.com\/"},{"@type":"ListItem","position":2,"name":"Pourquoi la RDC refuse de signer le m\u00e9morandum de s\u00e9curit\u00e9 avec la Chine et l&#8217;Afrique de l&#8217;Est ?"}]},{"@type":"WebSite","@id":"https:\/\/lamarinabj.com\/#website","url":"https:\/\/lamarinabj.com\/","name":"LA MARINA BJ","description":"Votre portail vers l&#039;information strat\u00e9gique au B\u00e9nin, en Afrique et au-del\u00e0","potentialAction":[{"@type":"SearchAction","target":{"@type":"EntryPoint","urlTemplate":"https:\/\/lamarinabj.com\/?s={search_term_string}"},"query-input":{"@type":"PropertyValueSpecification","valueRequired":true,"valueName":"search_term_string"}}],"inLanguage":"fr-FR"},{"@type":"Person","@id":"https:\/\/lamarinabj.com\/#\/schema\/person\/402e6a9448a09031724da97f9dae67e8","name":"La Marina BJ - Team Politique &amp; Gouvernance","image":{"@type":"ImageObject","inLanguage":"fr-FR","@id":"https:\/\/secure.gravatar.com\/avatar\/fd9545dd7863c2f40d7696b9bb5d085e4615baa276d5cd3e6a5a3bbc53bfae6e?s=96&d=mm&r=g","url":"https:\/\/secure.gravatar.com\/avatar\/fd9545dd7863c2f40d7696b9bb5d085e4615baa276d5cd3e6a5a3bbc53bfae6e?s=96&d=mm&r=g","contentUrl":"https:\/\/secure.gravatar.com\/avatar\/fd9545dd7863c2f40d7696b9bb5d085e4615baa276d5cd3e6a5a3bbc53bfae6e?s=96&d=mm&r=g","caption":"La Marina BJ - Team Politique &amp; Gouvernance"},"description":"La Team Politique &amp; Gouvernance de La Marina BJ est au c\u0153ur de l\u2019analyse des enjeux politiques, institutionnels et de gouvernance au B\u00e9nin et en Afrique. Compos\u00e9e de journalistes sp\u00e9cialis\u00e9s en affaires publiques et en politique, cette \u00e9quipe s\u2019attache \u00e0 d\u00e9crypter les d\u00e9cisions politiques, \u00e0 suivre l\u2019\u00e9volution des r\u00e9formes institutionnelles, et \u00e0 analyser les dynamiques de pouvoir au sein des institutions nationales et internationales.","url":"https:\/\/lamarinabj.com\/index.php\/author\/adimi\/"}]}},"_links":{"self":[{"href":"https:\/\/lamarinabj.com\/index.php\/wp-json\/wp\/v2\/posts\/7917","targetHints":{"allow":["GET"]}}],"collection":[{"href":"https:\/\/lamarinabj.com\/index.php\/wp-json\/wp\/v2\/posts"}],"about":[{"href":"https:\/\/lamarinabj.com\/index.php\/wp-json\/wp\/v2\/types\/post"}],"author":[{"embeddable":true,"href":"https:\/\/lamarinabj.com\/index.php\/wp-json\/wp\/v2\/users\/9"}],"replies":[{"embeddable":true,"href":"https:\/\/lamarinabj.com\/index.php\/wp-json\/wp\/v2\/comments?post=7917"}],"version-history":[{"count":1,"href":"https:\/\/lamarinabj.com\/index.php\/wp-json\/wp\/v2\/posts\/7917\/revisions"}],"predecessor-version":[{"id":7920,"href":"https:\/\/lamarinabj.com\/index.php\/wp-json\/wp\/v2\/posts\/7917\/revisions\/7920"}],"wp:featuredmedia":[{"embeddable":true,"href":"https:\/\/lamarinabj.com\/index.php\/wp-json\/wp\/v2\/media\/7919"}],"wp:attachment":[{"href":"https:\/\/lamarinabj.com\/index.php\/wp-json\/wp\/v2\/media?parent=7917"}],"wp:term":[{"taxonomy":"category","embeddable":true,"href":"https:\/\/lamarinabj.com\/index.php\/wp-json\/wp\/v2\/categories?post=7917"},{"taxonomy":"post_tag","embeddable":true,"href":"https:\/\/lamarinabj.com\/index.php\/wp-json\/wp\/v2\/tags?post=7917"}],"curies":[{"name":"wp","href":"https:\/\/api.w.org\/{rel}","templated":true}]}}