{"id":7984,"date":"2024-09-11T10:36:00","date_gmt":"2024-09-11T09:36:00","guid":{"rendered":"https:\/\/lamarinabj.com\/?p=7984"},"modified":"2024-09-11T11:09:25","modified_gmt":"2024-09-11T10:09:25","slug":"avec-stephane-mund-le-benin-souhaite-impliquer-tous-les-ambassadeurs-europeens-residents-ou-non-residents-dans-son-developpement","status":"publish","type":"post","link":"https:\/\/lamarinabj.com\/index.php\/2024\/09\/11\/avec-stephane-mund-le-benin-souhaite-impliquer-tous-les-ambassadeurs-europeens-residents-ou-non-residents-dans-son-developpement\/","title":{"rendered":"Avec St\u00e9phane Mund, le B\u00e9nin souhaite impliquer tous les ambassadeurs europ\u00e9ens, r\u00e9sidents ou non, pour son d\u00e9veloppement"},"content":{"rendered":"\n<p><mark style=\"background-color:rgba(0, 0, 0, 0)\" class=\"has-inline-color has-red-color\"><strong>Diplomatie, B\u00e9nin, Union Europ\u00e9enne<\/strong><\/mark> &#8211; <strong><em>Arriv\u00e9 au B\u00e9nin le 1er septembre 2024, St\u00e9phane Mund, nouveau ambassadeur de l&rsquo;Union Europ\u00e9enne(UE), a eu son premier entretien officiel avec le ministre b\u00e9ninois des Affaires \u00e9trang\u00e8res, Olushegun Bakari, le mardi 10 septembre. <\/em><\/strong><\/p>\n\n\n\n<p>Au cours de cette rencontre, le ministre b\u00e9ninois des Affaires \u00e9trang\u00e8res a formul\u00e9 une demande diplomatique strat\u00e9gique visant \u00e0 renforcer l&rsquo;implication europ\u00e9enne dans les initiatives de d\u00e9veloppement au B\u00e9nin, en sollicitant une participation accrue des ambassadeurs, qu&rsquo;ils soient r\u00e9sidents ou non-r\u00e9sidents, des \u00c9tats membres de l&rsquo;Union europ\u00e9enne.<\/p>\n\n\n\n<h3 id=\"une-demande-strategique-du-benin-pour-une-europe-plus-presente\" class=\"wp-block-heading\"><mark style=\"background-color:rgba(0, 0, 0, 0)\" class=\"has-inline-color has-red-color\">Une demande strat\u00e9gique du B\u00e9nin pour une Europe plus pr\u00e9sente<\/mark><\/h3>\n\n\n\n<p>Le ministre Olushegun Bakari a mis l&rsquo;accent sur l\u2019implication des \u00c9tats membres de l&rsquo;UE, notamment ceux dont les ambassadeurs ne r\u00e9sident pas au B\u00e9nin. Actuellement, plusieurs pays europ\u00e9ens g\u00e8rent leurs relations diplomatiques avec le B\u00e9nin depuis d&rsquo;autres capitales, comme Abuja au Nigeria. Ce mod\u00e8le, bien qu\u2019efficace pour certains, limite selon le ministre b\u00e9ninois l&rsquo;impact des projets de d\u00e9veloppement sur place.<\/p>\n\n\n\n<p>\u00c0 travers cette demande du ministre Olushegun Bakari, le gouvernement b\u00e9ninois souhaite donc une implication plus active des ambassadeurs non r\u00e9sidents, afin de maximiser l\u2019efficacit\u00e9 des actions europ\u00e9ennes. Cette strat\u00e9gie vise \u00e0 am\u00e9liorer la coordination entre la repr\u00e9sentation de l&rsquo;UE au B\u00e9nin, les diplomates des \u00c9tats membres bas\u00e9s \u00e0 Cotonou et ceux op\u00e9rant dans les capitales des pays voisins, dans le but d\u2019accro\u00eetre la port\u00e9e des projets de d\u00e9veloppement.<\/p>\n\n\n\n<h3 id=\"une-reponse-positive-de-lambassadeur-stephane-mund\" class=\"wp-block-heading\"><mark style=\"background-color:rgba(0, 0, 0, 0)\" class=\"has-inline-color has-red-color\">Une r\u00e9ponse positive de l\u2019ambassadeur St\u00e9phane Mund<\/mark><\/h3>\n\n\n\n<p>St\u00e9phane Mund, conscient des enjeux soulev\u00e9s par le ministre, a imm\u00e9diatement r\u00e9pondu \u00e0 cette demande en soulignant l&rsquo;importance de renforcer l&rsquo;unit\u00e9 europ\u00e9enne autour du d\u00e9veloppement. Il a d\u00e9clar\u00e9 \u00e0 sa sortie d&rsquo;audience qu&rsquo;\u00ab Il est essentiel que tous les \u00c9tats membres, qu&rsquo;ils soient physiquement pr\u00e9sents \u00e0 Cotonou ou non, jouent un r\u00f4le actif dans les initiatives de d\u00e9veloppement au B\u00e9nin.\u00bb<\/p>\n\n\n\n<p>Cette approche ambitieuse vise \u00e0 renforcer la coop\u00e9ration entre les 27 \u00c9tats membres de l&rsquo;UE, qu&rsquo;ils aient une ambassade \u00e0 Cotonou ou qu&rsquo;ils g\u00e8rent leurs relations depuis d&rsquo;autres capitales. St\u00e9phane Mund s&rsquo;est engag\u00e9 \u00e0 coordonner ces efforts pour maximiser l\u2019impact des projets europ\u00e9ens au B\u00e9nin.<\/p>\n\n\n\n<h3 id=\"les-priorites-du-benin-education-et-formation-professionnelle\" class=\"wp-block-heading\"><mark style=\"background-color:rgba(0, 0, 0, 0)\" class=\"has-inline-color has-red-color\">Les priorit\u00e9s du B\u00e9nin : \u00e9ducation et formation professionnelle<\/mark><\/h3>\n\n\n\n<p>Au-del\u00e0 de la question diplomatique, Olushegun Bakari a r\u00e9it\u00e9r\u00e9 l\u2019importance des enjeux li\u00e9s \u00e0 l\u2019\u00e9ducation et \u00e0 la formation professionnelle. Le ministre Olushegun Bakari a rappel\u00e9 que ces deux secteurs sont essentiels pour l\u2019avenir du pays, notamment pour offrir aux jeunes b\u00e9ninois des perspectives d\u2019emploi concr\u00e8tes. Avec une population jeune et dynamique, le B\u00e9nin mise sur des programmes de formation adapt\u00e9s aux besoins du march\u00e9 du travail, tant local qu\u2019international.<\/p>\n\n\n\n<p>St\u00e9phane Mund a assur\u00e9 que l\u2019UE soutiendra activement ces priorit\u00e9s, en collaboration avec le gouvernement b\u00e9ninois. Il a soulign\u00e9 l\u2019importance de projets visant \u00e0 renforcer le syst\u00e8me \u00e9ducatif et \u00e0 promouvoir l\u2019employabilit\u00e9 des jeunes, deux leviers indispensables pour r\u00e9pondre aux d\u00e9fis socio-\u00e9conomiques du pays.<\/p>\n\n\n\n<h3 id=\"vers-une-cooperation-plus-dynamique-entre-le-benin-et-lue\" class=\"wp-block-heading\"><mark style=\"background-color:rgba(0, 0, 0, 0)\" class=\"has-inline-color has-red-color\">Vers une coop\u00e9ration plus dynamique entre le B\u00e9nin et l&rsquo;UE<\/mark><\/h3>\n\n\n\n<p>La volont\u00e9 du B\u00e9nin de voir une implication accrue des ambassadeurs non-r\u00e9sidents va au-del\u00e0 des simples questions logistiques. Elle traduit l&rsquo;ambition d&rsquo;\u00e9tablir un partenariat plus dynamique et diversifi\u00e9 avec l\u2019Union europ\u00e9enne. En \u00e9largissant la participation des \u00c9tats membres, le B\u00e9nin esp\u00e8re renforcer le soutien aux projets de d\u00e9veloppement dans des domaines cl\u00e9s comme l\u2019\u00e9ducation, l\u2019agriculture et les infrastructures.<\/p>\n\n\n\n<p>En tant que nouveau repr\u00e9sentant de l&rsquo;UE, St\u00e9phane Mund jouera un r\u00f4le crucial dans cette nouvelle phase de coop\u00e9ration. Son mandat, qui commence sous de grandes attentes, sera d\u00e9terminant pour fa\u00e7onner l&rsquo;avenir des relations entre le B\u00e9nin et l&rsquo;Union europ\u00e9enne. En coordonnant les efforts des diplomates europ\u00e9ens r\u00e9sidents et non-r\u00e9sidents, il veillera \u00e0 ce que l\u2019UE soit un partenaire solide et engag\u00e9 dans le d\u00e9veloppement du B\u00e9nin.<\/p>\n\n\n\n<hr class=\"wp-block-separator has-alpha-channel-opacity\"\/>\n\n\n\n<p><mark style=\"background-color:rgba(0, 0, 0, 0)\" class=\"has-inline-color has-red-color\">Propos\u00e9 par <strong>FVS<\/strong> (Collaborateur ext\u00e9rieur)<\/mark><\/p>\n\n\n\n<hr class=\"wp-block-separator has-alpha-channel-opacity\"\/>\n\n\n\n<p><\/p>\n\n\n\n<p><\/p>\n\n\n\n<p><\/p>\n","protected":false},"excerpt":{"rendered":"Diplomatie, B\u00e9nin, Union Europ\u00e9enne &#8211; Arriv\u00e9 au B\u00e9nin le 1er septembre 2024, St\u00e9phane Mund, nouveau ambassadeur de l&rsquo;Union&hellip;\n","protected":false},"author":10,"featured_media":7987,"comment_status":"open","ping_status":"open","sticky":false,"template":"elementor_theme","format":"standard","meta":{"csco_singular_sidebar":"","csco_page_header_type":"standard","csco_appearance_masonry":"","csco_page_load_nextpost":"","csco_post_video_location":[],"csco_post_video_location_hash":"","csco_post_video_url":"","csco_post_video_bg_start_time":0,"csco_post_video_bg_end_time":0,"footnotes":""},"categories":[85],"tags":[41,826,437,422],"class_list":{"0":"post-7984","1":"post","2":"type-post","3":"status-publish","4":"format-standard","5":"has-post-thumbnail","7":"category-diplomatie","8":"tag-benin","9":"tag-olushegun-bakari","10":"tag-stephane-mund","11":"tag-union-europeenne","12":"cs-entry","13":"cs-video-wrap"},"yoast_head":"<!-- This site is optimized with the Yoast SEO plugin v27.4 - https:\/\/yoast.com\/product\/yoast-seo-wordpress\/ -->\n<title>Avec St\u00e9phane Mund, le B\u00e9nin souhaite impliquer tous les ambassadeurs europ\u00e9ens, r\u00e9sidents ou non, pour son d\u00e9veloppement - LA MARINA BJ<\/title>\n<meta name=\"description\" content=\"Lors de cette rencontre, le ministre b\u00e9ninois des affaires \u00e9trang\u00e8res a exprim\u00e9 une demande diplomatique strat\u00e9gique qui est celle de renforcer la pr\u00e9sence europ\u00e9enne dans les actions de d\u00e9veloppement au B\u00e9nin en impliquant davantage les ambassadeurs r\u00e9sidents et non-r\u00e9sidents des \u00c9tats membres de l&#039;UE.\" \/>\n<meta name=\"robots\" content=\"index, follow, max-snippet:-1, max-image-preview:large, max-video-preview:-1\" \/>\n<link rel=\"canonical\" href=\"https:\/\/lamarinabj.com\/index.php\/2024\/09\/11\/avec-stephane-mund-le-benin-souhaite-impliquer-tous-les-ambassadeurs-europeens-residents-ou-non-residents-dans-son-developpement\/\" \/>\n<meta property=\"og:locale\" content=\"fr_FR\" \/>\n<meta property=\"og:type\" content=\"article\" \/>\n<meta property=\"og:title\" content=\"Avec St\u00e9phane Mund, le B\u00e9nin souhaite impliquer tous les ambassadeurs europ\u00e9ens, r\u00e9sidents ou non, pour son d\u00e9veloppement - LA MARINA BJ\" \/>\n<meta property=\"og:description\" content=\"Lors de cette rencontre, le ministre b\u00e9ninois des affaires \u00e9trang\u00e8res a exprim\u00e9 une demande diplomatique strat\u00e9gique qui est celle de renforcer la pr\u00e9sence europ\u00e9enne dans les actions de d\u00e9veloppement au B\u00e9nin en impliquant davantage les ambassadeurs r\u00e9sidents et non-r\u00e9sidents des \u00c9tats membres de l&#039;UE.\" \/>\n<meta property=\"og:url\" content=\"https:\/\/lamarinabj.com\/index.php\/2024\/09\/11\/avec-stephane-mund-le-benin-souhaite-impliquer-tous-les-ambassadeurs-europeens-residents-ou-non-residents-dans-son-developpement\/\" \/>\n<meta property=\"og:site_name\" content=\"LA MARINA BJ\" \/>\n<meta property=\"article:published_time\" content=\"2024-09-11T09:36:00+00:00\" \/>\n<meta property=\"article:modified_time\" content=\"2024-09-11T10:09:25+00:00\" \/>\n<meta property=\"og:image\" content=\"https:\/\/lamarinabj.com\/wp-content\/uploads\/2024\/09\/SAVE_20240911_101212-1-scaled.jpg\" \/>\n\t<meta property=\"og:image:width\" content=\"2560\" \/>\n\t<meta property=\"og:image:height\" content=\"1344\" \/>\n\t<meta property=\"og:image:type\" content=\"image\/jpeg\" \/>\n<meta name=\"author\" content=\"La Marina BJ - Team Rapports &amp; Insights\" \/>\n<meta name=\"twitter:card\" content=\"summary_large_image\" \/>\n<meta name=\"twitter:label1\" content=\"\u00c9crit par\" \/>\n\t<meta name=\"twitter:data1\" content=\"La Marina BJ - Team Rapports &amp; Insights\" \/>\n\t<meta name=\"twitter:label2\" content=\"Dur\u00e9e de lecture estim\u00e9e\" \/>\n\t<meta name=\"twitter:data2\" content=\"4 minutes\" \/>\n<script type=\"application\/ld+json\" class=\"yoast-schema-graph\">{\"@context\":\"https:\\\/\\\/schema.org\",\"@graph\":[{\"@type\":\"NewsArticle\",\"@id\":\"https:\\\/\\\/lamarinabj.com\\\/index.php\\\/2024\\\/09\\\/11\\\/avec-stephane-mund-le-benin-souhaite-impliquer-tous-les-ambassadeurs-europeens-residents-ou-non-residents-dans-son-developpement\\\/#article\",\"isPartOf\":{\"@id\":\"https:\\\/\\\/lamarinabj.com\\\/index.php\\\/2024\\\/09\\\/11\\\/avec-stephane-mund-le-benin-souhaite-impliquer-tous-les-ambassadeurs-europeens-residents-ou-non-residents-dans-son-developpement\\\/\"},\"author\":{\"name\":\"La Marina BJ - Team Rapports &amp; Insights\",\"@id\":\"https:\\\/\\\/lamarinabj.com\\\/#\\\/schema\\\/person\\\/57a2768eedff6f88c693baf7a8200a4b\"},\"headline\":\"Avec St\u00e9phane Mund, le B\u00e9nin souhaite impliquer tous les ambassadeurs europ\u00e9ens, r\u00e9sidents ou non, pour son d\u00e9veloppement\",\"datePublished\":\"2024-09-11T09:36:00+00:00\",\"dateModified\":\"2024-09-11T10:09:25+00:00\",\"mainEntityOfPage\":{\"@id\":\"https:\\\/\\\/lamarinabj.com\\\/index.php\\\/2024\\\/09\\\/11\\\/avec-stephane-mund-le-benin-souhaite-impliquer-tous-les-ambassadeurs-europeens-residents-ou-non-residents-dans-son-developpement\\\/\"},\"wordCount\":741,\"commentCount\":0,\"image\":{\"@id\":\"https:\\\/\\\/lamarinabj.com\\\/index.php\\\/2024\\\/09\\\/11\\\/avec-stephane-mund-le-benin-souhaite-impliquer-tous-les-ambassadeurs-europeens-residents-ou-non-residents-dans-son-developpement\\\/#primaryimage\"},\"thumbnailUrl\":\"https:\\\/\\\/lamarinabj.com\\\/wp-content\\\/uploads\\\/2024\\\/09\\\/SAVE_20240911_101212-1-scaled.jpg\",\"keywords\":[\"B\u00e9nin\",\"Olushegun Bakari\",\"St\u00e9phane Mund\",\"Union Europ\u00e9enne\"],\"articleSection\":[\"DIPLOMATIE\"],\"inLanguage\":\"fr-FR\",\"potentialAction\":[{\"@type\":\"CommentAction\",\"name\":\"Comment\",\"target\":[\"https:\\\/\\\/lamarinabj.com\\\/index.php\\\/2024\\\/09\\\/11\\\/avec-stephane-mund-le-benin-souhaite-impliquer-tous-les-ambassadeurs-europeens-residents-ou-non-residents-dans-son-developpement\\\/#respond\"]}]},{\"@type\":[\"WebPage\",\"SearchResultsPage\"],\"@id\":\"https:\\\/\\\/lamarinabj.com\\\/index.php\\\/2024\\\/09\\\/11\\\/avec-stephane-mund-le-benin-souhaite-impliquer-tous-les-ambassadeurs-europeens-residents-ou-non-residents-dans-son-developpement\\\/\",\"url\":\"https:\\\/\\\/lamarinabj.com\\\/index.php\\\/2024\\\/09\\\/11\\\/avec-stephane-mund-le-benin-souhaite-impliquer-tous-les-ambassadeurs-europeens-residents-ou-non-residents-dans-son-developpement\\\/\",\"name\":\"Avec St\u00e9phane Mund, le B\u00e9nin souhaite impliquer tous les ambassadeurs europ\u00e9ens, r\u00e9sidents ou non, pour son d\u00e9veloppement - LA MARINA BJ\",\"isPartOf\":{\"@id\":\"https:\\\/\\\/lamarinabj.com\\\/#website\"},\"primaryImageOfPage\":{\"@id\":\"https:\\\/\\\/lamarinabj.com\\\/index.php\\\/2024\\\/09\\\/11\\\/avec-stephane-mund-le-benin-souhaite-impliquer-tous-les-ambassadeurs-europeens-residents-ou-non-residents-dans-son-developpement\\\/#primaryimage\"},\"image\":{\"@id\":\"https:\\\/\\\/lamarinabj.com\\\/index.php\\\/2024\\\/09\\\/11\\\/avec-stephane-mund-le-benin-souhaite-impliquer-tous-les-ambassadeurs-europeens-residents-ou-non-residents-dans-son-developpement\\\/#primaryimage\"},\"thumbnailUrl\":\"https:\\\/\\\/lamarinabj.com\\\/wp-content\\\/uploads\\\/2024\\\/09\\\/SAVE_20240911_101212-1-scaled.jpg\",\"datePublished\":\"2024-09-11T09:36:00+00:00\",\"dateModified\":\"2024-09-11T10:09:25+00:00\",\"author\":{\"@id\":\"https:\\\/\\\/lamarinabj.com\\\/#\\\/schema\\\/person\\\/57a2768eedff6f88c693baf7a8200a4b\"},\"description\":\"Lors de cette rencontre, le ministre b\u00e9ninois des affaires \u00e9trang\u00e8res a exprim\u00e9 une demande diplomatique strat\u00e9gique qui est celle de renforcer la pr\u00e9sence europ\u00e9enne dans les actions de d\u00e9veloppement au B\u00e9nin en impliquant davantage les ambassadeurs r\u00e9sidents et non-r\u00e9sidents des \u00c9tats membres de l'UE.\",\"breadcrumb\":{\"@id\":\"https:\\\/\\\/lamarinabj.com\\\/index.php\\\/2024\\\/09\\\/11\\\/avec-stephane-mund-le-benin-souhaite-impliquer-tous-les-ambassadeurs-europeens-residents-ou-non-residents-dans-son-developpement\\\/#breadcrumb\"},\"inLanguage\":\"fr-FR\",\"potentialAction\":[{\"@type\":\"ReadAction\",\"target\":[\"https:\\\/\\\/lamarinabj.com\\\/index.php\\\/2024\\\/09\\\/11\\\/avec-stephane-mund-le-benin-souhaite-impliquer-tous-les-ambassadeurs-europeens-residents-ou-non-residents-dans-son-developpement\\\/\"]}]},{\"@type\":\"ImageObject\",\"inLanguage\":\"fr-FR\",\"@id\":\"https:\\\/\\\/lamarinabj.com\\\/index.php\\\/2024\\\/09\\\/11\\\/avec-stephane-mund-le-benin-souhaite-impliquer-tous-les-ambassadeurs-europeens-residents-ou-non-residents-dans-son-developpement\\\/#primaryimage\",\"url\":\"https:\\\/\\\/lamarinabj.com\\\/wp-content\\\/uploads\\\/2024\\\/09\\\/SAVE_20240911_101212-1-scaled.jpg\",\"contentUrl\":\"https:\\\/\\\/lamarinabj.com\\\/wp-content\\\/uploads\\\/2024\\\/09\\\/SAVE_20240911_101212-1-scaled.jpg\",\"width\":2560,\"height\":1344},{\"@type\":\"BreadcrumbList\",\"@id\":\"https:\\\/\\\/lamarinabj.com\\\/index.php\\\/2024\\\/09\\\/11\\\/avec-stephane-mund-le-benin-souhaite-impliquer-tous-les-ambassadeurs-europeens-residents-ou-non-residents-dans-son-developpement\\\/#breadcrumb\",\"itemListElement\":[{\"@type\":\"ListItem\",\"position\":1,\"name\":\"Accueil\",\"item\":\"https:\\\/\\\/lamarinabj.com\\\/\"},{\"@type\":\"ListItem\",\"position\":2,\"name\":\"Avec St\u00e9phane Mund, le B\u00e9nin souhaite impliquer tous les ambassadeurs europ\u00e9ens, r\u00e9sidents ou non, pour son d\u00e9veloppement\"}]},{\"@type\":\"WebSite\",\"@id\":\"https:\\\/\\\/lamarinabj.com\\\/#website\",\"url\":\"https:\\\/\\\/lamarinabj.com\\\/\",\"name\":\"LA MARINA BJ\",\"description\":\"Votre portail vers l&#039;information strat\u00e9gique au B\u00e9nin, en Afrique et au-del\u00e0\",\"potentialAction\":[{\"@type\":\"SearchAction\",\"target\":{\"@type\":\"EntryPoint\",\"urlTemplate\":\"https:\\\/\\\/lamarinabj.com\\\/?s={search_term_string}\"},\"query-input\":{\"@type\":\"PropertyValueSpecification\",\"valueRequired\":true,\"valueName\":\"search_term_string\"}}],\"inLanguage\":\"fr-FR\"},{\"@type\":\"Person\",\"@id\":\"https:\\\/\\\/lamarinabj.com\\\/#\\\/schema\\\/person\\\/57a2768eedff6f88c693baf7a8200a4b\",\"name\":\"La Marina BJ - Team Rapports &amp; Insights\",\"image\":{\"@type\":\"ImageObject\",\"inLanguage\":\"fr-FR\",\"@id\":\"https:\\\/\\\/secure.gravatar.com\\\/avatar\\\/7f629cae83d766ca42b18d3caba2afb53eb3427171bdefc6894ad966f50d8340?s=96&d=mm&r=g\",\"url\":\"https:\\\/\\\/secure.gravatar.com\\\/avatar\\\/7f629cae83d766ca42b18d3caba2afb53eb3427171bdefc6894ad966f50d8340?s=96&d=mm&r=g\",\"contentUrl\":\"https:\\\/\\\/secure.gravatar.com\\\/avatar\\\/7f629cae83d766ca42b18d3caba2afb53eb3427171bdefc6894ad966f50d8340?s=96&d=mm&r=g\",\"caption\":\"La Marina BJ - Team Rapports &amp; Insights\"},\"description\":\"La Team Rapports &amp; Insights de La Marina BJ est d\u00e9di\u00e9e \u00e0 la production, \u00e0 l\u2019analyse et \u00e0 la diffusion des \u00e9tudes, rapports, statistiques et autres qui fa\u00e7onnent la compr\u00e9hension des enjeux \u00e9conomiques, sociaux, politiques etc.\",\"url\":\"https:\\\/\\\/lamarinabj.com\\\/index.php\\\/author\\\/collaboration\\\/\"}]}<\/script>\n<!-- \/ Yoast SEO plugin. -->","yoast_head_json":{"title":"Avec St\u00e9phane Mund, le B\u00e9nin souhaite impliquer tous les ambassadeurs europ\u00e9ens, r\u00e9sidents ou non, pour son d\u00e9veloppement - LA MARINA BJ","description":"Lors de cette rencontre, le ministre b\u00e9ninois des affaires \u00e9trang\u00e8res a exprim\u00e9 une demande diplomatique strat\u00e9gique qui est celle de renforcer la pr\u00e9sence europ\u00e9enne dans les actions de d\u00e9veloppement au B\u00e9nin en impliquant davantage les ambassadeurs r\u00e9sidents et non-r\u00e9sidents des \u00c9tats membres de l'UE.","robots":{"index":"index","follow":"follow","max-snippet":"max-snippet:-1","max-image-preview":"max-image-preview:large","max-video-preview":"max-video-preview:-1"},"canonical":"https:\/\/lamarinabj.com\/index.php\/2024\/09\/11\/avec-stephane-mund-le-benin-souhaite-impliquer-tous-les-ambassadeurs-europeens-residents-ou-non-residents-dans-son-developpement\/","og_locale":"fr_FR","og_type":"article","og_title":"Avec St\u00e9phane Mund, le B\u00e9nin souhaite impliquer tous les ambassadeurs europ\u00e9ens, r\u00e9sidents ou non, pour son d\u00e9veloppement - LA MARINA BJ","og_description":"Lors de cette rencontre, le ministre b\u00e9ninois des affaires \u00e9trang\u00e8res a exprim\u00e9 une demande diplomatique strat\u00e9gique qui est celle de renforcer la pr\u00e9sence europ\u00e9enne dans les actions de d\u00e9veloppement au B\u00e9nin en impliquant davantage les ambassadeurs r\u00e9sidents et non-r\u00e9sidents des \u00c9tats membres de l'UE.","og_url":"https:\/\/lamarinabj.com\/index.php\/2024\/09\/11\/avec-stephane-mund-le-benin-souhaite-impliquer-tous-les-ambassadeurs-europeens-residents-ou-non-residents-dans-son-developpement\/","og_site_name":"LA MARINA BJ","article_published_time":"2024-09-11T09:36:00+00:00","article_modified_time":"2024-09-11T10:09:25+00:00","og_image":[{"width":2560,"height":1344,"url":"https:\/\/lamarinabj.com\/wp-content\/uploads\/2024\/09\/SAVE_20240911_101212-1-scaled.jpg","type":"image\/jpeg"}],"author":"La Marina BJ - Team Rapports &amp; Insights","twitter_card":"summary_large_image","twitter_misc":{"\u00c9crit par":"La Marina BJ - Team Rapports &amp; Insights","Dur\u00e9e de lecture estim\u00e9e":"4 minutes"},"schema":{"@context":"https:\/\/schema.org","@graph":[{"@type":"NewsArticle","@id":"https:\/\/lamarinabj.com\/index.php\/2024\/09\/11\/avec-stephane-mund-le-benin-souhaite-impliquer-tous-les-ambassadeurs-europeens-residents-ou-non-residents-dans-son-developpement\/#article","isPartOf":{"@id":"https:\/\/lamarinabj.com\/index.php\/2024\/09\/11\/avec-stephane-mund-le-benin-souhaite-impliquer-tous-les-ambassadeurs-europeens-residents-ou-non-residents-dans-son-developpement\/"},"author":{"name":"La Marina BJ - Team Rapports &amp; Insights","@id":"https:\/\/lamarinabj.com\/#\/schema\/person\/57a2768eedff6f88c693baf7a8200a4b"},"headline":"Avec St\u00e9phane Mund, le B\u00e9nin souhaite impliquer tous les ambassadeurs europ\u00e9ens, r\u00e9sidents ou non, pour son d\u00e9veloppement","datePublished":"2024-09-11T09:36:00+00:00","dateModified":"2024-09-11T10:09:25+00:00","mainEntityOfPage":{"@id":"https:\/\/lamarinabj.com\/index.php\/2024\/09\/11\/avec-stephane-mund-le-benin-souhaite-impliquer-tous-les-ambassadeurs-europeens-residents-ou-non-residents-dans-son-developpement\/"},"wordCount":741,"commentCount":0,"image":{"@id":"https:\/\/lamarinabj.com\/index.php\/2024\/09\/11\/avec-stephane-mund-le-benin-souhaite-impliquer-tous-les-ambassadeurs-europeens-residents-ou-non-residents-dans-son-developpement\/#primaryimage"},"thumbnailUrl":"https:\/\/lamarinabj.com\/wp-content\/uploads\/2024\/09\/SAVE_20240911_101212-1-scaled.jpg","keywords":["B\u00e9nin","Olushegun Bakari","St\u00e9phane Mund","Union Europ\u00e9enne"],"articleSection":["DIPLOMATIE"],"inLanguage":"fr-FR","potentialAction":[{"@type":"CommentAction","name":"Comment","target":["https:\/\/lamarinabj.com\/index.php\/2024\/09\/11\/avec-stephane-mund-le-benin-souhaite-impliquer-tous-les-ambassadeurs-europeens-residents-ou-non-residents-dans-son-developpement\/#respond"]}]},{"@type":["WebPage","SearchResultsPage"],"@id":"https:\/\/lamarinabj.com\/index.php\/2024\/09\/11\/avec-stephane-mund-le-benin-souhaite-impliquer-tous-les-ambassadeurs-europeens-residents-ou-non-residents-dans-son-developpement\/","url":"https:\/\/lamarinabj.com\/index.php\/2024\/09\/11\/avec-stephane-mund-le-benin-souhaite-impliquer-tous-les-ambassadeurs-europeens-residents-ou-non-residents-dans-son-developpement\/","name":"Avec St\u00e9phane Mund, le B\u00e9nin souhaite impliquer tous les ambassadeurs europ\u00e9ens, r\u00e9sidents ou non, pour son d\u00e9veloppement - LA MARINA BJ","isPartOf":{"@id":"https:\/\/lamarinabj.com\/#website"},"primaryImageOfPage":{"@id":"https:\/\/lamarinabj.com\/index.php\/2024\/09\/11\/avec-stephane-mund-le-benin-souhaite-impliquer-tous-les-ambassadeurs-europeens-residents-ou-non-residents-dans-son-developpement\/#primaryimage"},"image":{"@id":"https:\/\/lamarinabj.com\/index.php\/2024\/09\/11\/avec-stephane-mund-le-benin-souhaite-impliquer-tous-les-ambassadeurs-europeens-residents-ou-non-residents-dans-son-developpement\/#primaryimage"},"thumbnailUrl":"https:\/\/lamarinabj.com\/wp-content\/uploads\/2024\/09\/SAVE_20240911_101212-1-scaled.jpg","datePublished":"2024-09-11T09:36:00+00:00","dateModified":"2024-09-11T10:09:25+00:00","author":{"@id":"https:\/\/lamarinabj.com\/#\/schema\/person\/57a2768eedff6f88c693baf7a8200a4b"},"description":"Lors de cette rencontre, le ministre b\u00e9ninois des affaires \u00e9trang\u00e8res a exprim\u00e9 une demande diplomatique strat\u00e9gique qui est celle de renforcer la pr\u00e9sence europ\u00e9enne dans les actions de d\u00e9veloppement au B\u00e9nin en impliquant davantage les ambassadeurs r\u00e9sidents et non-r\u00e9sidents des \u00c9tats membres de l'UE.","breadcrumb":{"@id":"https:\/\/lamarinabj.com\/index.php\/2024\/09\/11\/avec-stephane-mund-le-benin-souhaite-impliquer-tous-les-ambassadeurs-europeens-residents-ou-non-residents-dans-son-developpement\/#breadcrumb"},"inLanguage":"fr-FR","potentialAction":[{"@type":"ReadAction","target":["https:\/\/lamarinabj.com\/index.php\/2024\/09\/11\/avec-stephane-mund-le-benin-souhaite-impliquer-tous-les-ambassadeurs-europeens-residents-ou-non-residents-dans-son-developpement\/"]}]},{"@type":"ImageObject","inLanguage":"fr-FR","@id":"https:\/\/lamarinabj.com\/index.php\/2024\/09\/11\/avec-stephane-mund-le-benin-souhaite-impliquer-tous-les-ambassadeurs-europeens-residents-ou-non-residents-dans-son-developpement\/#primaryimage","url":"https:\/\/lamarinabj.com\/wp-content\/uploads\/2024\/09\/SAVE_20240911_101212-1-scaled.jpg","contentUrl":"https:\/\/lamarinabj.com\/wp-content\/uploads\/2024\/09\/SAVE_20240911_101212-1-scaled.jpg","width":2560,"height":1344},{"@type":"BreadcrumbList","@id":"https:\/\/lamarinabj.com\/index.php\/2024\/09\/11\/avec-stephane-mund-le-benin-souhaite-impliquer-tous-les-ambassadeurs-europeens-residents-ou-non-residents-dans-son-developpement\/#breadcrumb","itemListElement":[{"@type":"ListItem","position":1,"name":"Accueil","item":"https:\/\/lamarinabj.com\/"},{"@type":"ListItem","position":2,"name":"Avec St\u00e9phane Mund, le B\u00e9nin souhaite impliquer tous les ambassadeurs europ\u00e9ens, r\u00e9sidents ou non, pour son d\u00e9veloppement"}]},{"@type":"WebSite","@id":"https:\/\/lamarinabj.com\/#website","url":"https:\/\/lamarinabj.com\/","name":"LA MARINA BJ","description":"Votre portail vers l&#039;information strat\u00e9gique au B\u00e9nin, en Afrique et au-del\u00e0","potentialAction":[{"@type":"SearchAction","target":{"@type":"EntryPoint","urlTemplate":"https:\/\/lamarinabj.com\/?s={search_term_string}"},"query-input":{"@type":"PropertyValueSpecification","valueRequired":true,"valueName":"search_term_string"}}],"inLanguage":"fr-FR"},{"@type":"Person","@id":"https:\/\/lamarinabj.com\/#\/schema\/person\/57a2768eedff6f88c693baf7a8200a4b","name":"La Marina BJ - Team Rapports &amp; Insights","image":{"@type":"ImageObject","inLanguage":"fr-FR","@id":"https:\/\/secure.gravatar.com\/avatar\/7f629cae83d766ca42b18d3caba2afb53eb3427171bdefc6894ad966f50d8340?s=96&d=mm&r=g","url":"https:\/\/secure.gravatar.com\/avatar\/7f629cae83d766ca42b18d3caba2afb53eb3427171bdefc6894ad966f50d8340?s=96&d=mm&r=g","contentUrl":"https:\/\/secure.gravatar.com\/avatar\/7f629cae83d766ca42b18d3caba2afb53eb3427171bdefc6894ad966f50d8340?s=96&d=mm&r=g","caption":"La Marina BJ - Team Rapports &amp; Insights"},"description":"La Team Rapports &amp; Insights de La Marina BJ est d\u00e9di\u00e9e \u00e0 la production, \u00e0 l\u2019analyse et \u00e0 la diffusion des \u00e9tudes, rapports, statistiques et autres qui fa\u00e7onnent la compr\u00e9hension des enjeux \u00e9conomiques, sociaux, politiques etc.","url":"https:\/\/lamarinabj.com\/index.php\/author\/collaboration\/"}]}},"_links":{"self":[{"href":"https:\/\/lamarinabj.com\/index.php\/wp-json\/wp\/v2\/posts\/7984","targetHints":{"allow":["GET"]}}],"collection":[{"href":"https:\/\/lamarinabj.com\/index.php\/wp-json\/wp\/v2\/posts"}],"about":[{"href":"https:\/\/lamarinabj.com\/index.php\/wp-json\/wp\/v2\/types\/post"}],"author":[{"embeddable":true,"href":"https:\/\/lamarinabj.com\/index.php\/wp-json\/wp\/v2\/users\/10"}],"replies":[{"embeddable":true,"href":"https:\/\/lamarinabj.com\/index.php\/wp-json\/wp\/v2\/comments?post=7984"}],"version-history":[{"count":6,"href":"https:\/\/lamarinabj.com\/index.php\/wp-json\/wp\/v2\/posts\/7984\/revisions"}],"predecessor-version":[{"id":7994,"href":"https:\/\/lamarinabj.com\/index.php\/wp-json\/wp\/v2\/posts\/7984\/revisions\/7994"}],"wp:featuredmedia":[{"embeddable":true,"href":"https:\/\/lamarinabj.com\/index.php\/wp-json\/wp\/v2\/media\/7987"}],"wp:attachment":[{"href":"https:\/\/lamarinabj.com\/index.php\/wp-json\/wp\/v2\/media?parent=7984"}],"wp:term":[{"taxonomy":"category","embeddable":true,"href":"https:\/\/lamarinabj.com\/index.php\/wp-json\/wp\/v2\/categories?post=7984"},{"taxonomy":"post_tag","embeddable":true,"href":"https:\/\/lamarinabj.com\/index.php\/wp-json\/wp\/v2\/tags?post=7984"}],"curies":[{"name":"wp","href":"https:\/\/api.w.org\/{rel}","templated":true}]}}