{"id":8134,"date":"2024-09-18T08:51:15","date_gmt":"2024-09-18T07:51:15","guid":{"rendered":"https:\/\/lamarinabj.com\/?p=8134"},"modified":"2024-09-19T07:37:30","modified_gmt":"2024-09-19T06:37:30","slug":"pavicc-benin-renforcement-des-capacites-des-acteurs-communaux-pour-le-suivi-des-pdc","status":"publish","type":"post","link":"https:\/\/lamarinabj.com\/index.php\/2024\/09\/18\/pavicc-benin-renforcement-des-capacites-des-acteurs-communaux-pour-le-suivi-des-pdc\/","title":{"rendered":"PAVICC\/B\u00e9nin : Renforcement des capacit\u00e9s des acteurs communaux pour le suivi des PDC"},"content":{"rendered":"\n<hr class=\"wp-block-separator has-alpha-channel-opacity\"\/>\n\n\n\n<p><strong><mark style=\"background-color:rgba(0, 0, 0, 0)\" class=\"has-inline-color has-red-color\">D\u00e9centralisation, B\u00e9nin<\/mark><\/strong> &#8211; <strong><em>Le gouvernement b\u00e9ninois intensifie ses efforts pour am\u00e9liorer la gestion des communes \u00e0 travers une formation sur le suivi des Plans de D\u00e9veloppement Communal (PDC). Plusieurs acteurs communaux ont r\u00e9cemment b\u00e9n\u00e9fici\u00e9 d&rsquo;une formation organis\u00e9e par le Programme d&rsquo;Adaptation des Villes au Changement Climatique (PAVICC) en collaboration avec le Centre de Formation de l&rsquo;Administration Locale (CeFAL). <\/em><\/strong><\/p>\n\n\n\n<p>Parmi les participants venus des communes de Bohicon, Com\u00e9, Cotonou et S\u00e8m\u00e8-Podji, se trouvaient des directeurs du d\u00e9veloppement local, des services techniques, des syst\u00e8mes d&rsquo;information, ainsi que des directeurs des affaires financi\u00e8res. Ces acteurs occupent une place centrale dans la gestion des communes, \u00e9tant responsables de la planification, de la mise en \u0153uvre et du suivi des Plans de D\u00e9veloppement Communal (PDC), qui sont des outils essentiels pour organiser et orienter efficacement le d\u00e9veloppement local.<\/p>\n\n\n\n<h3 id=\"un-programme-en-deux-unites-distinctes\" class=\"wp-block-heading\"><mark style=\"background-color:rgba(0, 0, 0, 0)\" class=\"has-inline-color has-red-color\">Un programme en deux unit\u00e9s distinctes<\/mark><\/h3>\n\n\n\n<p>Le programme de formation s&rsquo;est divis\u00e9 en deux parties principales. La premi\u00e8re partie a permis aux participants de comprendre les concepts de base du plan de d\u00e9veloppement communal, ainsi que les enjeux li\u00e9s \u00e0 la planification du d\u00e9veloppement local. La deuxi\u00e8me partie s\u2019est concentr\u00e9e sur les strat\u00e9gies de mise en \u0153uvre et de suivi des PDC. Elle a aussi abord\u00e9 les questions de financement et de r\u00e9partition des r\u00f4les entre les diff\u00e9rents acteurs locaux.<\/p>\n\n\n\n<p>Gr\u00e2ce \u00e0 ces enseignements, les participants ont pu acqu\u00e9rir des comp\u00e9tences pratiques. Ils sont d\u00e9sormais capables d\u2019utiliser des outils adapt\u00e9s pour piloter et \u00e9valuer efficacement les projets de d\u00e9veloppement dans leurs communes. En outre, des discussions ont permis d&rsquo;identifier les d\u00e9fis rencontr\u00e9s dans la gestion quotidienne des projets.<\/p>\n\n\n\n<h3 id=\"des-resultats-concrets-attendus\" class=\"wp-block-heading\"><mark style=\"background-color:rgba(0, 0, 0, 0)\" class=\"has-inline-color has-red-color\">Des r\u00e9sultats concrets attendus<\/mark><\/h3>\n\n\n\n<p>\u00c0 la fin de la formation, les acteurs communaux des quatre communes se pr\u00e9parent activement \u00e0 superviser les PDC. Ils ont d\u00e9sormais les comp\u00e9tences pour suivre de pr\u00e8s les progr\u00e8s des projets locaux et ajuster les strat\u00e9gies en fonction des besoins des communaut\u00e9s. De plus, la ma\u00eetrise des outils de suivi-\u00e9valuation leur permettra d\u2019optimiser l\u2019utilisation des ressources disponibles et d\u2019accro\u00eetre l\u2019impact des projets sur le terrain.<\/p>\n\n\n\n<p>En renfor\u00e7ant leurs capacit\u00e9s, les responsables locaux pourront non seulement mieux organiser les projets mais aussi contribuer \u00e0 l\u2019am\u00e9lioration des conditions de vie des habitants. Cette d\u00e9marche repr\u00e9sente un pas d\u00e9cisif vers un d\u00e9veloppement local plus efficace et durable au B\u00e9nin.<\/p>\n\n\n\n<hr class=\"wp-block-separator has-alpha-channel-opacity\"\/>\n\n\n\n<p><\/p>\n","protected":false},"excerpt":{"rendered":"D\u00e9centralisation, B\u00e9nin &#8211; Le gouvernement b\u00e9ninois intensifie ses efforts pour am\u00e9liorer la gestion des communes \u00e0 travers une&hellip;\n","protected":false},"author":4,"featured_media":8135,"comment_status":"open","ping_status":"open","sticky":false,"template":"elementor_theme","format":"standard","meta":{"csco_singular_sidebar":"","csco_page_header_type":"standard","csco_appearance_masonry":"","csco_page_load_nextpost":"","csco_post_video_location":[],"csco_post_video_location_hash":"","csco_post_video_url":"","csco_post_video_bg_start_time":0,"csco_post_video_bg_end_time":0,"footnotes":""},"categories":[239],"tags":[41,867,868],"class_list":{"0":"post-8134","1":"post","2":"type-post","3":"status-publish","4":"format-standard","5":"has-post-thumbnail","7":"category-levenement-2","8":"tag-benin","9":"tag-plans-de-developpement-communal-pdc","10":"tag-programme-dadaptation-des-villes-au-changement-climatique-pavicc","11":"cs-entry","12":"cs-video-wrap"},"yoast_head":"<!-- This site is optimized with the Yoast SEO plugin v27.4 - https:\/\/yoast.com\/product\/yoast-seo-wordpress\/ -->\n<title>PAVICC\/B\u00e9nin : Renforcement des capacit\u00e9s des acteurs communaux pour le suivi des PDC - LA MARINA BJ<\/title>\n<meta name=\"description\" content=\"Plusieurs acteurs communaux ont r\u00e9cemment b\u00e9n\u00e9fici\u00e9 d&#039;une formation organis\u00e9e par le Programme d&#039;Adaptation des Villes au Changement Climatique (PAVICC) en collaboration avec le Centre de Formation de l&#039;Administration Locale (CeFAL).\" \/>\n<meta name=\"robots\" content=\"index, follow, max-snippet:-1, max-image-preview:large, max-video-preview:-1\" \/>\n<link rel=\"canonical\" href=\"https:\/\/lamarinabj.com\/index.php\/2024\/09\/18\/pavicc-benin-renforcement-des-capacites-des-acteurs-communaux-pour-le-suivi-des-pdc\/\" \/>\n<meta property=\"og:locale\" content=\"fr_FR\" \/>\n<meta property=\"og:type\" content=\"article\" \/>\n<meta property=\"og:title\" content=\"PAVICC\/B\u00e9nin : Renforcement des capacit\u00e9s des acteurs communaux pour le suivi des PDC - LA MARINA BJ\" \/>\n<meta property=\"og:description\" content=\"Plusieurs acteurs communaux ont r\u00e9cemment b\u00e9n\u00e9fici\u00e9 d&#039;une formation organis\u00e9e par le Programme d&#039;Adaptation des Villes au Changement Climatique (PAVICC) en collaboration avec le Centre de Formation de l&#039;Administration Locale (CeFAL).\" \/>\n<meta property=\"og:url\" content=\"https:\/\/lamarinabj.com\/index.php\/2024\/09\/18\/pavicc-benin-renforcement-des-capacites-des-acteurs-communaux-pour-le-suivi-des-pdc\/\" \/>\n<meta property=\"og:site_name\" content=\"LA MARINA BJ\" \/>\n<meta property=\"article:published_time\" content=\"2024-09-18T07:51:15+00:00\" \/>\n<meta property=\"article:modified_time\" content=\"2024-09-19T06:37:30+00:00\" \/>\n<meta property=\"og:image\" content=\"https:\/\/lamarinabj.com\/wp-content\/uploads\/2024\/09\/804270098656001726459995.jpg\" \/>\n\t<meta property=\"og:image:width\" content=\"1520\" \/>\n\t<meta property=\"og:image:height\" content=\"719\" \/>\n\t<meta property=\"og:image:type\" content=\"image\/jpeg\" \/>\n<meta name=\"author\" content=\"La Marina BJ - Team Affaires Judiciaires\" \/>\n<meta name=\"twitter:card\" content=\"summary_large_image\" \/>\n<meta name=\"twitter:label1\" content=\"\u00c9crit par\" \/>\n\t<meta name=\"twitter:data1\" content=\"La Marina BJ - Team Affaires Judiciaires\" \/>\n\t<meta name=\"twitter:label2\" content=\"Dur\u00e9e de lecture estim\u00e9e\" \/>\n\t<meta name=\"twitter:data2\" content=\"3 minutes\" \/>\n<script type=\"application\/ld+json\" class=\"yoast-schema-graph\">{\"@context\":\"https:\\\/\\\/schema.org\",\"@graph\":[{\"@type\":\"NewsArticle\",\"@id\":\"https:\\\/\\\/lamarinabj.com\\\/index.php\\\/2024\\\/09\\\/18\\\/pavicc-benin-renforcement-des-capacites-des-acteurs-communaux-pour-le-suivi-des-pdc\\\/#article\",\"isPartOf\":{\"@id\":\"https:\\\/\\\/lamarinabj.com\\\/index.php\\\/2024\\\/09\\\/18\\\/pavicc-benin-renforcement-des-capacites-des-acteurs-communaux-pour-le-suivi-des-pdc\\\/\"},\"author\":{\"name\":\"La Marina BJ - Team Affaires Judiciaires\",\"@id\":\"https:\\\/\\\/lamarinabj.com\\\/#\\\/schema\\\/person\\\/e64c6145b3fb25d98218ef3bafce37de\"},\"headline\":\"PAVICC\\\/B\u00e9nin : Renforcement des capacit\u00e9s des acteurs communaux pour le suivi des PDC\",\"datePublished\":\"2024-09-18T07:51:15+00:00\",\"dateModified\":\"2024-09-19T06:37:30+00:00\",\"mainEntityOfPage\":{\"@id\":\"https:\\\/\\\/lamarinabj.com\\\/index.php\\\/2024\\\/09\\\/18\\\/pavicc-benin-renforcement-des-capacites-des-acteurs-communaux-pour-le-suivi-des-pdc\\\/\"},\"wordCount\":448,\"commentCount\":0,\"image\":{\"@id\":\"https:\\\/\\\/lamarinabj.com\\\/index.php\\\/2024\\\/09\\\/18\\\/pavicc-benin-renforcement-des-capacites-des-acteurs-communaux-pour-le-suivi-des-pdc\\\/#primaryimage\"},\"thumbnailUrl\":\"https:\\\/\\\/lamarinabj.com\\\/wp-content\\\/uploads\\\/2024\\\/09\\\/804270098656001726459995.jpg\",\"keywords\":[\"B\u00e9nin\",\"Plans de D\u00e9veloppement Communal (PDC)\",\"Programme d'Adaptation des Villes au Changement Climatique (PAVICC)\"],\"articleSection\":[\"L'\u00c9V\u00c9NEMENT\"],\"inLanguage\":\"fr-FR\",\"potentialAction\":[{\"@type\":\"CommentAction\",\"name\":\"Comment\",\"target\":[\"https:\\\/\\\/lamarinabj.com\\\/index.php\\\/2024\\\/09\\\/18\\\/pavicc-benin-renforcement-des-capacites-des-acteurs-communaux-pour-le-suivi-des-pdc\\\/#respond\"]}]},{\"@type\":[\"WebPage\",\"SearchResultsPage\"],\"@id\":\"https:\\\/\\\/lamarinabj.com\\\/index.php\\\/2024\\\/09\\\/18\\\/pavicc-benin-renforcement-des-capacites-des-acteurs-communaux-pour-le-suivi-des-pdc\\\/\",\"url\":\"https:\\\/\\\/lamarinabj.com\\\/index.php\\\/2024\\\/09\\\/18\\\/pavicc-benin-renforcement-des-capacites-des-acteurs-communaux-pour-le-suivi-des-pdc\\\/\",\"name\":\"PAVICC\\\/B\u00e9nin : Renforcement des capacit\u00e9s des acteurs communaux pour le suivi des PDC - LA MARINA BJ\",\"isPartOf\":{\"@id\":\"https:\\\/\\\/lamarinabj.com\\\/#website\"},\"primaryImageOfPage\":{\"@id\":\"https:\\\/\\\/lamarinabj.com\\\/index.php\\\/2024\\\/09\\\/18\\\/pavicc-benin-renforcement-des-capacites-des-acteurs-communaux-pour-le-suivi-des-pdc\\\/#primaryimage\"},\"image\":{\"@id\":\"https:\\\/\\\/lamarinabj.com\\\/index.php\\\/2024\\\/09\\\/18\\\/pavicc-benin-renforcement-des-capacites-des-acteurs-communaux-pour-le-suivi-des-pdc\\\/#primaryimage\"},\"thumbnailUrl\":\"https:\\\/\\\/lamarinabj.com\\\/wp-content\\\/uploads\\\/2024\\\/09\\\/804270098656001726459995.jpg\",\"datePublished\":\"2024-09-18T07:51:15+00:00\",\"dateModified\":\"2024-09-19T06:37:30+00:00\",\"author\":{\"@id\":\"https:\\\/\\\/lamarinabj.com\\\/#\\\/schema\\\/person\\\/e64c6145b3fb25d98218ef3bafce37de\"},\"description\":\"Plusieurs acteurs communaux ont r\u00e9cemment b\u00e9n\u00e9fici\u00e9 d'une formation organis\u00e9e par le Programme d'Adaptation des Villes au Changement Climatique (PAVICC) en collaboration avec le Centre de Formation de l'Administration Locale (CeFAL).\",\"breadcrumb\":{\"@id\":\"https:\\\/\\\/lamarinabj.com\\\/index.php\\\/2024\\\/09\\\/18\\\/pavicc-benin-renforcement-des-capacites-des-acteurs-communaux-pour-le-suivi-des-pdc\\\/#breadcrumb\"},\"inLanguage\":\"fr-FR\",\"potentialAction\":[{\"@type\":\"ReadAction\",\"target\":[\"https:\\\/\\\/lamarinabj.com\\\/index.php\\\/2024\\\/09\\\/18\\\/pavicc-benin-renforcement-des-capacites-des-acteurs-communaux-pour-le-suivi-des-pdc\\\/\"]}]},{\"@type\":\"ImageObject\",\"inLanguage\":\"fr-FR\",\"@id\":\"https:\\\/\\\/lamarinabj.com\\\/index.php\\\/2024\\\/09\\\/18\\\/pavicc-benin-renforcement-des-capacites-des-acteurs-communaux-pour-le-suivi-des-pdc\\\/#primaryimage\",\"url\":\"https:\\\/\\\/lamarinabj.com\\\/wp-content\\\/uploads\\\/2024\\\/09\\\/804270098656001726459995.jpg\",\"contentUrl\":\"https:\\\/\\\/lamarinabj.com\\\/wp-content\\\/uploads\\\/2024\\\/09\\\/804270098656001726459995.jpg\",\"width\":1520,\"height\":719},{\"@type\":\"BreadcrumbList\",\"@id\":\"https:\\\/\\\/lamarinabj.com\\\/index.php\\\/2024\\\/09\\\/18\\\/pavicc-benin-renforcement-des-capacites-des-acteurs-communaux-pour-le-suivi-des-pdc\\\/#breadcrumb\",\"itemListElement\":[{\"@type\":\"ListItem\",\"position\":1,\"name\":\"Accueil\",\"item\":\"https:\\\/\\\/lamarinabj.com\\\/\"},{\"@type\":\"ListItem\",\"position\":2,\"name\":\"PAVICC\\\/B\u00e9nin : Renforcement des capacit\u00e9s des acteurs communaux pour le suivi des PDC\"}]},{\"@type\":\"WebSite\",\"@id\":\"https:\\\/\\\/lamarinabj.com\\\/#website\",\"url\":\"https:\\\/\\\/lamarinabj.com\\\/\",\"name\":\"LA MARINA BJ\",\"description\":\"Votre portail vers l&#039;information strat\u00e9gique au B\u00e9nin, en Afrique et au-del\u00e0\",\"potentialAction\":[{\"@type\":\"SearchAction\",\"target\":{\"@type\":\"EntryPoint\",\"urlTemplate\":\"https:\\\/\\\/lamarinabj.com\\\/?s={search_term_string}\"},\"query-input\":{\"@type\":\"PropertyValueSpecification\",\"valueRequired\":true,\"valueName\":\"search_term_string\"}}],\"inLanguage\":\"fr-FR\"},{\"@type\":\"Person\",\"@id\":\"https:\\\/\\\/lamarinabj.com\\\/#\\\/schema\\\/person\\\/e64c6145b3fb25d98218ef3bafce37de\",\"name\":\"La Marina BJ - Team Affaires Judiciaires\",\"image\":{\"@type\":\"ImageObject\",\"inLanguage\":\"fr-FR\",\"@id\":\"https:\\\/\\\/secure.gravatar.com\\\/avatar\\\/dcd47faa85727203c51c1a84009b684b305ba179e4848c26009abb855df90961?s=96&d=mm&r=g\",\"url\":\"https:\\\/\\\/secure.gravatar.com\\\/avatar\\\/dcd47faa85727203c51c1a84009b684b305ba179e4848c26009abb855df90961?s=96&d=mm&r=g\",\"contentUrl\":\"https:\\\/\\\/secure.gravatar.com\\\/avatar\\\/dcd47faa85727203c51c1a84009b684b305ba179e4848c26009abb855df90961?s=96&d=mm&r=g\",\"caption\":\"La Marina BJ - Team Affaires Judiciaires\"},\"description\":\"Au c\u0153ur de l\u2019actualit\u00e9 juridico-\u00e9conomique, la Team Justice &amp; Affaires judiciaires de La Marina BJ s'affirme comme un p\u00f4le de r\u00e9f\u00e9rence dans la couverture des proc\u00e9dures judiciaires, des contentieux commerciaux et des d\u00e9cisions de justice \u00e0 fort impact strat\u00e9gique.\",\"url\":\"https:\\\/\\\/lamarinabj.com\\\/index.php\\\/author\\\/marc\\\/\"}]}<\/script>\n<!-- \/ Yoast SEO plugin. -->","yoast_head_json":{"title":"PAVICC\/B\u00e9nin : Renforcement des capacit\u00e9s des acteurs communaux pour le suivi des PDC - LA MARINA BJ","description":"Plusieurs acteurs communaux ont r\u00e9cemment b\u00e9n\u00e9fici\u00e9 d'une formation organis\u00e9e par le Programme d'Adaptation des Villes au Changement Climatique (PAVICC) en collaboration avec le Centre de Formation de l'Administration Locale (CeFAL).","robots":{"index":"index","follow":"follow","max-snippet":"max-snippet:-1","max-image-preview":"max-image-preview:large","max-video-preview":"max-video-preview:-1"},"canonical":"https:\/\/lamarinabj.com\/index.php\/2024\/09\/18\/pavicc-benin-renforcement-des-capacites-des-acteurs-communaux-pour-le-suivi-des-pdc\/","og_locale":"fr_FR","og_type":"article","og_title":"PAVICC\/B\u00e9nin : Renforcement des capacit\u00e9s des acteurs communaux pour le suivi des PDC - LA MARINA BJ","og_description":"Plusieurs acteurs communaux ont r\u00e9cemment b\u00e9n\u00e9fici\u00e9 d'une formation organis\u00e9e par le Programme d'Adaptation des Villes au Changement Climatique (PAVICC) en collaboration avec le Centre de Formation de l'Administration Locale (CeFAL).","og_url":"https:\/\/lamarinabj.com\/index.php\/2024\/09\/18\/pavicc-benin-renforcement-des-capacites-des-acteurs-communaux-pour-le-suivi-des-pdc\/","og_site_name":"LA MARINA BJ","article_published_time":"2024-09-18T07:51:15+00:00","article_modified_time":"2024-09-19T06:37:30+00:00","og_image":[{"width":1520,"height":719,"url":"https:\/\/lamarinabj.com\/wp-content\/uploads\/2024\/09\/804270098656001726459995.jpg","type":"image\/jpeg"}],"author":"La Marina BJ - Team Affaires Judiciaires","twitter_card":"summary_large_image","twitter_misc":{"\u00c9crit par":"La Marina BJ - Team Affaires Judiciaires","Dur\u00e9e de lecture estim\u00e9e":"3 minutes"},"schema":{"@context":"https:\/\/schema.org","@graph":[{"@type":"NewsArticle","@id":"https:\/\/lamarinabj.com\/index.php\/2024\/09\/18\/pavicc-benin-renforcement-des-capacites-des-acteurs-communaux-pour-le-suivi-des-pdc\/#article","isPartOf":{"@id":"https:\/\/lamarinabj.com\/index.php\/2024\/09\/18\/pavicc-benin-renforcement-des-capacites-des-acteurs-communaux-pour-le-suivi-des-pdc\/"},"author":{"name":"La Marina BJ - Team Affaires Judiciaires","@id":"https:\/\/lamarinabj.com\/#\/schema\/person\/e64c6145b3fb25d98218ef3bafce37de"},"headline":"PAVICC\/B\u00e9nin : Renforcement des capacit\u00e9s des acteurs communaux pour le suivi des PDC","datePublished":"2024-09-18T07:51:15+00:00","dateModified":"2024-09-19T06:37:30+00:00","mainEntityOfPage":{"@id":"https:\/\/lamarinabj.com\/index.php\/2024\/09\/18\/pavicc-benin-renforcement-des-capacites-des-acteurs-communaux-pour-le-suivi-des-pdc\/"},"wordCount":448,"commentCount":0,"image":{"@id":"https:\/\/lamarinabj.com\/index.php\/2024\/09\/18\/pavicc-benin-renforcement-des-capacites-des-acteurs-communaux-pour-le-suivi-des-pdc\/#primaryimage"},"thumbnailUrl":"https:\/\/lamarinabj.com\/wp-content\/uploads\/2024\/09\/804270098656001726459995.jpg","keywords":["B\u00e9nin","Plans de D\u00e9veloppement Communal (PDC)","Programme d'Adaptation des Villes au Changement Climatique (PAVICC)"],"articleSection":["L'\u00c9V\u00c9NEMENT"],"inLanguage":"fr-FR","potentialAction":[{"@type":"CommentAction","name":"Comment","target":["https:\/\/lamarinabj.com\/index.php\/2024\/09\/18\/pavicc-benin-renforcement-des-capacites-des-acteurs-communaux-pour-le-suivi-des-pdc\/#respond"]}]},{"@type":["WebPage","SearchResultsPage"],"@id":"https:\/\/lamarinabj.com\/index.php\/2024\/09\/18\/pavicc-benin-renforcement-des-capacites-des-acteurs-communaux-pour-le-suivi-des-pdc\/","url":"https:\/\/lamarinabj.com\/index.php\/2024\/09\/18\/pavicc-benin-renforcement-des-capacites-des-acteurs-communaux-pour-le-suivi-des-pdc\/","name":"PAVICC\/B\u00e9nin : Renforcement des capacit\u00e9s des acteurs communaux pour le suivi des PDC - LA MARINA BJ","isPartOf":{"@id":"https:\/\/lamarinabj.com\/#website"},"primaryImageOfPage":{"@id":"https:\/\/lamarinabj.com\/index.php\/2024\/09\/18\/pavicc-benin-renforcement-des-capacites-des-acteurs-communaux-pour-le-suivi-des-pdc\/#primaryimage"},"image":{"@id":"https:\/\/lamarinabj.com\/index.php\/2024\/09\/18\/pavicc-benin-renforcement-des-capacites-des-acteurs-communaux-pour-le-suivi-des-pdc\/#primaryimage"},"thumbnailUrl":"https:\/\/lamarinabj.com\/wp-content\/uploads\/2024\/09\/804270098656001726459995.jpg","datePublished":"2024-09-18T07:51:15+00:00","dateModified":"2024-09-19T06:37:30+00:00","author":{"@id":"https:\/\/lamarinabj.com\/#\/schema\/person\/e64c6145b3fb25d98218ef3bafce37de"},"description":"Plusieurs acteurs communaux ont r\u00e9cemment b\u00e9n\u00e9fici\u00e9 d'une formation organis\u00e9e par le Programme d'Adaptation des Villes au Changement Climatique (PAVICC) en collaboration avec le Centre de Formation de l'Administration Locale (CeFAL).","breadcrumb":{"@id":"https:\/\/lamarinabj.com\/index.php\/2024\/09\/18\/pavicc-benin-renforcement-des-capacites-des-acteurs-communaux-pour-le-suivi-des-pdc\/#breadcrumb"},"inLanguage":"fr-FR","potentialAction":[{"@type":"ReadAction","target":["https:\/\/lamarinabj.com\/index.php\/2024\/09\/18\/pavicc-benin-renforcement-des-capacites-des-acteurs-communaux-pour-le-suivi-des-pdc\/"]}]},{"@type":"ImageObject","inLanguage":"fr-FR","@id":"https:\/\/lamarinabj.com\/index.php\/2024\/09\/18\/pavicc-benin-renforcement-des-capacites-des-acteurs-communaux-pour-le-suivi-des-pdc\/#primaryimage","url":"https:\/\/lamarinabj.com\/wp-content\/uploads\/2024\/09\/804270098656001726459995.jpg","contentUrl":"https:\/\/lamarinabj.com\/wp-content\/uploads\/2024\/09\/804270098656001726459995.jpg","width":1520,"height":719},{"@type":"BreadcrumbList","@id":"https:\/\/lamarinabj.com\/index.php\/2024\/09\/18\/pavicc-benin-renforcement-des-capacites-des-acteurs-communaux-pour-le-suivi-des-pdc\/#breadcrumb","itemListElement":[{"@type":"ListItem","position":1,"name":"Accueil","item":"https:\/\/lamarinabj.com\/"},{"@type":"ListItem","position":2,"name":"PAVICC\/B\u00e9nin : Renforcement des capacit\u00e9s des acteurs communaux pour le suivi des PDC"}]},{"@type":"WebSite","@id":"https:\/\/lamarinabj.com\/#website","url":"https:\/\/lamarinabj.com\/","name":"LA MARINA BJ","description":"Votre portail vers l&#039;information strat\u00e9gique au B\u00e9nin, en Afrique et au-del\u00e0","potentialAction":[{"@type":"SearchAction","target":{"@type":"EntryPoint","urlTemplate":"https:\/\/lamarinabj.com\/?s={search_term_string}"},"query-input":{"@type":"PropertyValueSpecification","valueRequired":true,"valueName":"search_term_string"}}],"inLanguage":"fr-FR"},{"@type":"Person","@id":"https:\/\/lamarinabj.com\/#\/schema\/person\/e64c6145b3fb25d98218ef3bafce37de","name":"La Marina BJ - Team Affaires Judiciaires","image":{"@type":"ImageObject","inLanguage":"fr-FR","@id":"https:\/\/secure.gravatar.com\/avatar\/dcd47faa85727203c51c1a84009b684b305ba179e4848c26009abb855df90961?s=96&d=mm&r=g","url":"https:\/\/secure.gravatar.com\/avatar\/dcd47faa85727203c51c1a84009b684b305ba179e4848c26009abb855df90961?s=96&d=mm&r=g","contentUrl":"https:\/\/secure.gravatar.com\/avatar\/dcd47faa85727203c51c1a84009b684b305ba179e4848c26009abb855df90961?s=96&d=mm&r=g","caption":"La Marina BJ - Team Affaires Judiciaires"},"description":"Au c\u0153ur de l\u2019actualit\u00e9 juridico-\u00e9conomique, la Team Justice &amp; Affaires judiciaires de La Marina BJ s'affirme comme un p\u00f4le de r\u00e9f\u00e9rence dans la couverture des proc\u00e9dures judiciaires, des contentieux commerciaux et des d\u00e9cisions de justice \u00e0 fort impact strat\u00e9gique.","url":"https:\/\/lamarinabj.com\/index.php\/author\/marc\/"}]}},"_links":{"self":[{"href":"https:\/\/lamarinabj.com\/index.php\/wp-json\/wp\/v2\/posts\/8134","targetHints":{"allow":["GET"]}}],"collection":[{"href":"https:\/\/lamarinabj.com\/index.php\/wp-json\/wp\/v2\/posts"}],"about":[{"href":"https:\/\/lamarinabj.com\/index.php\/wp-json\/wp\/v2\/types\/post"}],"author":[{"embeddable":true,"href":"https:\/\/lamarinabj.com\/index.php\/wp-json\/wp\/v2\/users\/4"}],"replies":[{"embeddable":true,"href":"https:\/\/lamarinabj.com\/index.php\/wp-json\/wp\/v2\/comments?post=8134"}],"version-history":[{"count":4,"href":"https:\/\/lamarinabj.com\/index.php\/wp-json\/wp\/v2\/posts\/8134\/revisions"}],"predecessor-version":[{"id":8140,"href":"https:\/\/lamarinabj.com\/index.php\/wp-json\/wp\/v2\/posts\/8134\/revisions\/8140"}],"wp:featuredmedia":[{"embeddable":true,"href":"https:\/\/lamarinabj.com\/index.php\/wp-json\/wp\/v2\/media\/8135"}],"wp:attachment":[{"href":"https:\/\/lamarinabj.com\/index.php\/wp-json\/wp\/v2\/media?parent=8134"}],"wp:term":[{"taxonomy":"category","embeddable":true,"href":"https:\/\/lamarinabj.com\/index.php\/wp-json\/wp\/v2\/categories?post=8134"},{"taxonomy":"post_tag","embeddable":true,"href":"https:\/\/lamarinabj.com\/index.php\/wp-json\/wp\/v2\/tags?post=8134"}],"curies":[{"name":"wp","href":"https:\/\/api.w.org\/{rel}","templated":true}]}}