{"id":8187,"date":"2024-09-20T10:46:57","date_gmt":"2024-09-20T09:46:57","guid":{"rendered":"https:\/\/lamarinabj.com\/?p=8187"},"modified":"2024-09-20T10:52:12","modified_gmt":"2024-09-20T09:52:12","slug":"finance-climat-la-declaration-de-cotonou-ouvrira-t-elle-la-voie-aux-financements-climatiques-mondiaux-pour-luemoa","status":"publish","type":"post","link":"https:\/\/lamarinabj.com\/index.php\/2024\/09\/20\/finance-climat-la-declaration-de-cotonou-ouvrira-t-elle-la-voie-aux-financements-climatiques-mondiaux-pour-luemoa\/","title":{"rendered":"Finance climat : La d\u00e9claration de Cotonou ouvrira-t-elle la voie aux financements climatiques mondiaux pour L&rsquo;UEMOA ?"},"content":{"rendered":"\n<p><strong><mark style=\"background-color:rgba(0, 0, 0, 0)\" class=\"has-inline-color has-red-color\">Changement climatique, B\u00e9nin, Uemoa<\/mark><\/strong> &#8211; <strong><em>L\u2019Afrique de l\u2019Ouest est de plus en plus confront\u00e9e aux cons\u00e9quences du changement climatique, et les besoins pour financer des projets d\u2019adaptation et de protection de l\u2019environnement ne cessent de cro\u00eetre. Cependant, acc\u00e9der \u00e0 des fonds internationaux reste un d\u00e9fi majeur pour les pays de la r\u00e9gion. Pour tenter de r\u00e9pondre \u00e0 ce besoin, la d\u00e9claration de Cotonou a \u00e9t\u00e9 adopt\u00e9e lors d\u2019un s\u00e9minaire organis\u00e9 par la Banque ouest-africaine de d\u00e9veloppement (BOAD) les 18 et 19 septembre 2024.<\/em><\/strong><\/p>\n\n\n\n<p>Au c\u0153ur de ce texte, une ambition : rendre les pays de l\u2019Uemoa plus comp\u00e9titifs dans la course aux financements climatiques internationaux. Mais la d\u00e9claration de Cotonou sera-t-elle vraiment le levier capable de d\u00e9bloquer ces fonds vitaux pour l\u2019avenir climatique de la r\u00e9gion ?<\/p>\n\n\n\n<h3 id=\"une-nouvelle-nomenclature-une-approche-regionale-coherente\" class=\"wp-block-heading\"><mark style=\"background-color:rgba(0, 0, 0, 0)\" class=\"has-inline-color has-red-color\">Une nouvelle nomenclature, une approche r\u00e9gionale coh\u00e9rente<\/mark><\/h3>\n\n\n\n<p>L\u2019une des principales innovations introduites par la d\u00e9claration de Cotonou est la cr\u00e9ation d\u2019une nomenclature harmonis\u00e9e pour les \u00e9tudes de faisabilit\u00e9 des projets climat. En alignant leurs m\u00e9thodologies et en adoptant des standards communs, les pays de l\u2019Uemoa esp\u00e8rent proposer des projets plus solides, mieux structur\u00e9s et conformes aux exigences des bailleurs de fonds internationaux.<\/p>\n\n\n\n<p>Aujourd\u2019hui, l&rsquo;un des principaux obstacles rencontr\u00e9s par les \u00c9tats africains r\u00e9side dans la complexit\u00e9 des dossiers \u00e0 soumettre pour acc\u00e9der aux financements mondiaux. La fragmentation des approches et le manque de coordination entre les \u00c9tats affaiblissent leur capacit\u00e9 \u00e0 faire valoir leurs projets. \u00c0 travers cette nouvelle nomenclature, les experts esp\u00e8rent renforcer l\u2019attractivit\u00e9 des projets ouest-africains aux yeux des bailleurs de fonds.<\/p>\n\n\n\n<p>Mais cela sera-t-il suffisant pour convaincre les organismes internationaux comme le Fonds vert pour le climat ? Sandra Amichia, cheffe de Mission r\u00e9sidente de la BOAD au B\u00e9nin, ne cache pas son optimisme. Selon elle, cette nomenclature pourrait bien marquer un tournant. D&rsquo;apr\u00e8s elle les Etats membres de l&rsquo;Uemoa sont d\u00e9sormais en mesure de pr\u00e9senter des projets beaucoup plus lisibles et conformes aux crit\u00e8res internationaux, ce qui augmentera consid\u00e9rablement leurs chances de mobiliser des ressources.<\/p>\n\n\n\n<h3 id=\"un-fonds-detudes-climat-a-la-hauteur-des-ambitions\" class=\"wp-block-heading\"><mark style=\"background-color:rgba(0, 0, 0, 0)\" class=\"has-inline-color has-red-color\">Un Fonds d\u2019\u00c9tudes Climat \u00e0 la hauteur des ambitions ?<\/mark><\/h3>\n\n\n\n<p>Toutefois, pour qu\u2019une nomenclature aussi ambitieuse puisse porter ses fruits, il faut des ressources. C\u2019est ici qu\u2019entre en jeu le Fonds d\u2019\u00c9tudes Climat de la BOAD, un m\u00e9canisme de financement d\u00e9di\u00e9 \u00e0 la pr\u00e9paration des projets climatiques dans la r\u00e9gion Uemoa. Si la d\u00e9claration de Cotonou appelle \u00e0 son abondement, la question demeure : ce fonds sera-t-il suffisant pour financer les \u00e9tudes n\u00e9cessaires \u00e0 la validation des projets ?<\/p>\n\n\n\n<p>Le d\u00e9fi est de taille. Les projets d\u2019adaptation et d\u2019att\u00e9nuation des effets du changement climatique n\u00e9cessitent des \u00e9tudes techniques pouss\u00e9es, souvent co\u00fbteuses. Ces \u00e9tudes repr\u00e9sentent la premi\u00e8re \u00e9tape indispensable avant toute demande de financement international. Sans une augmentation substantielle des ressources du Fonds d\u2019\u00c9tudes Climat, les ambitions port\u00e9es par la d\u00e9claration risquent de rester lettre morte. Sandra Amichia l\u2019a bien compris et appelle de ses v\u0153ux \u00e0 une mobilisation accrue des ressources nationales et internationales pour alimenter ce fonds.<\/p>\n\n\n\n<h3 id=\"une-volonte-politique-condition-sine-qua-non\" class=\"wp-block-heading\"><mark style=\"background-color:rgba(0, 0, 0, 0)\" class=\"has-inline-color has-red-color\">Une volont\u00e9 politique, condition sine qua non<\/mark><\/h3>\n\n\n\n<p>Outre les d\u00e9fis financiers, l\u2019une des cl\u00e9s du succ\u00e8s de la d\u00e9claration de Cotonou r\u00e9side dans la volont\u00e9 politique des gouvernements ouest-africains. Le texte adopt\u00e9 a beau poser des bases solides pour un acc\u00e8s aux financements climatiques internationaux, il n\u2019aura aucun effet sans un engagement ferme des \u00c9tats membres.<\/p>\n\n\n\n<p>La feuille de route trac\u00e9e \u00e0 l\u2019issue du s\u00e9minaire de Cotonou repose sur une dynamique de plaidoyer actif, que chaque pays de l\u2019Uemoa devra porter au sein de ses instances gouvernementales. L\u2019enjeu est d&rsquo;obtenir l\u2019adh\u00e9sion du conseil des ministres pour faire de la d\u00e9claration de Cotonou un document de r\u00e9f\u00e9rence dans les n\u00e9gociations climatiques internationales.<\/p>\n\n\n\n<p>Cependant, l\u2019histoire r\u00e9cente nous montre que les engagements politiques, bien qu\u2019essentiels, peinent parfois \u00e0 se concr\u00e9tiser en actions. Il faudra donc aux gouvernements des Etats membres de l&rsquo;Uemoa bien plus qu\u2019un simple soutien de principe. Ils devront d\u00e9montrer une r\u00e9elle capacit\u00e9 \u00e0 mobiliser leurs appareils institutionnels, \u00e0 prioriser les projets climatiques, et \u00e0 mettre en \u0153uvre des r\u00e9formes structurelles pour r\u00e9pondre aux exigences des bailleurs de fonds.<\/p>\n\n\n\n<h3 id=\"un-pari-a-concretiser\" class=\"wp-block-heading\"><mark style=\"background-color:rgba(0, 0, 0, 0)\" class=\"has-inline-color has-red-color\">Un pari \u00e0 concr\u00e9tiser<\/mark><\/h3>\n\n\n\n<p>Ce qui distingue la D\u00e9claration de Cotonou des pr\u00e9c\u00e9dentes initiatives, c\u2019est sans doute la volont\u00e9 d\u2019adopter une approche r\u00e9gionale int\u00e9gr\u00e9e. Effectivement, \u00e0 l\u2019heure o\u00f9 les financements climatiques internationaux privil\u00e9gient les initiatives collaboratives et d\u2019envergure, l\u2019Uemoa a compris l\u2019importance de parler d\u2019une seule voix.<\/p>\n\n\n\n<p>En unissant leurs efforts, les pays de la r\u00e9gion esp\u00e8rent non seulement accro\u00eetre leur visibilit\u00e9 sur la sc\u00e8ne internationale, mais aussi mutualiser leurs comp\u00e9tences et leurs ressources. Cette dynamique r\u00e9gionale est essentielle pour faire face aux d\u00e9fis globaux du changement climatique. Plus que jamais, la coop\u00e9ration r\u00e9gionale appara\u00eet comme un moteur cl\u00e9 de la mobilisation des financements internationaux.<\/p>\n\n\n\n<p>Si la d\u00e9claration de Cotonou repr\u00e9sente une avanc\u00e9e importante pour la finance climat en Afrique de l\u2019Ouest, elle ne sera efficace que si elle est suivie d\u2019actes concrets. Les mois \u00e0 venir seront d\u00e9terminants pour savoir si les \u00c9tats membres de l\u2019Uemoa r\u00e9ussiront \u00e0 traduire cet engagement en r\u00e9sultats tangibles.<\/p>\n\n\n\n<hr class=\"wp-block-separator has-alpha-channel-opacity\"\/>\n\n\n\n<p><\/p>\n","protected":false},"excerpt":{"rendered":"Changement climatique, B\u00e9nin, Uemoa &#8211; L\u2019Afrique de l\u2019Ouest est de plus en plus confront\u00e9e aux cons\u00e9quences du changement&hellip;\n","protected":false},"author":8,"featured_media":8188,"comment_status":"open","ping_status":"open","sticky":false,"template":"elementor_theme","format":"standard","meta":{"csco_singular_sidebar":"","csco_page_header_type":"standard","csco_appearance_masonry":"","csco_page_load_nextpost":"","csco_post_video_location":[],"csco_post_video_location_hash":"","csco_post_video_url":"","csco_post_video_bg_start_time":0,"csco_post_video_bg_end_time":0,"footnotes":""},"categories":[45,239],"tags":[41,311,889,653],"class_list":{"0":"post-8187","1":"post","2":"type-post","3":"status-publish","4":"format-standard","5":"has-post-thumbnail","7":"category-gouvernance","8":"category-levenement-2","9":"tag-benin","10":"tag-boad","11":"tag-finance-climat","12":"tag-uemoa","13":"cs-entry","14":"cs-video-wrap"},"yoast_head":"<!-- This site is optimized with the Yoast SEO plugin v27.4 - https:\/\/yoast.com\/product\/yoast-seo-wordpress\/ -->\n<title>Finance climat : La d\u00e9claration de Cotonou ouvrira-t-elle la voie aux financements climatiques mondiaux pour L&#039;UEMOA ? - LA MARINA BJ<\/title>\n<meta name=\"description\" content=\"comment la D\u00e9claration de Cotonou pourrait faciliter l&#039;acc\u00e8s des pays de l&#039;Afrique de l&#039;Ouest aux financements climatiques internationaux, un enjeu majeur pour la lutte contre le changement climatique.\" \/>\n<meta name=\"robots\" content=\"index, follow, max-snippet:-1, max-image-preview:large, max-video-preview:-1\" \/>\n<link rel=\"canonical\" href=\"https:\/\/lamarinabj.com\/index.php\/2024\/09\/20\/finance-climat-la-declaration-de-cotonou-ouvrira-t-elle-la-voie-aux-financements-climatiques-mondiaux-pour-luemoa\/\" \/>\n<meta property=\"og:locale\" content=\"fr_FR\" \/>\n<meta property=\"og:type\" content=\"article\" \/>\n<meta property=\"og:title\" content=\"Finance climat : La d\u00e9claration de Cotonou ouvrira-t-elle la voie aux financements climatiques mondiaux pour L&#039;UEMOA ? - LA MARINA BJ\" \/>\n<meta property=\"og:description\" content=\"comment la D\u00e9claration de Cotonou pourrait faciliter l&#039;acc\u00e8s des pays de l&#039;Afrique de l&#039;Ouest aux financements climatiques internationaux, un enjeu majeur pour la lutte contre le changement climatique.\" \/>\n<meta property=\"og:url\" content=\"https:\/\/lamarinabj.com\/index.php\/2024\/09\/20\/finance-climat-la-declaration-de-cotonou-ouvrira-t-elle-la-voie-aux-financements-climatiques-mondiaux-pour-luemoa\/\" \/>\n<meta property=\"og:site_name\" content=\"LA MARINA BJ\" \/>\n<meta property=\"article:published_time\" content=\"2024-09-20T09:46:57+00:00\" \/>\n<meta property=\"article:modified_time\" content=\"2024-09-20T09:52:12+00:00\" \/>\n<meta property=\"og:image\" content=\"https:\/\/lamarinabj.com\/wp-content\/uploads\/2024\/09\/FORUMMM-1.jpg\" \/>\n\t<meta property=\"og:image:width\" content=\"655\" \/>\n\t<meta property=\"og:image:height\" content=\"437\" \/>\n\t<meta property=\"og:image:type\" content=\"image\/jpeg\" \/>\n<meta name=\"author\" content=\"La Marina BJ - Team Business &amp; \u00c9conomie &amp; Finances\" \/>\n<meta name=\"twitter:card\" content=\"summary_large_image\" \/>\n<meta name=\"twitter:label1\" content=\"\u00c9crit par\" \/>\n\t<meta name=\"twitter:data1\" content=\"La Marina BJ - Team Business &amp; \u00c9conomie &amp; Finances\" \/>\n\t<meta name=\"twitter:label2\" content=\"Dur\u00e9e de lecture estim\u00e9e\" \/>\n\t<meta name=\"twitter:data2\" content=\"5 minutes\" \/>\n<script type=\"application\/ld+json\" class=\"yoast-schema-graph\">{\"@context\":\"https:\\\/\\\/schema.org\",\"@graph\":[{\"@type\":\"NewsArticle\",\"@id\":\"https:\\\/\\\/lamarinabj.com\\\/index.php\\\/2024\\\/09\\\/20\\\/finance-climat-la-declaration-de-cotonou-ouvrira-t-elle-la-voie-aux-financements-climatiques-mondiaux-pour-luemoa\\\/#article\",\"isPartOf\":{\"@id\":\"https:\\\/\\\/lamarinabj.com\\\/index.php\\\/2024\\\/09\\\/20\\\/finance-climat-la-declaration-de-cotonou-ouvrira-t-elle-la-voie-aux-financements-climatiques-mondiaux-pour-luemoa\\\/\"},\"author\":{\"name\":\"La Marina BJ - Team Business &amp; \u00c9conomie &amp; Finances\",\"@id\":\"https:\\\/\\\/lamarinabj.com\\\/#\\\/schema\\\/person\\\/daecc7fb1eea21418f92763d06a3f4b4\"},\"headline\":\"Finance climat : La d\u00e9claration de Cotonou ouvrira-t-elle la voie aux financements climatiques mondiaux pour L&rsquo;UEMOA ?\",\"datePublished\":\"2024-09-20T09:46:57+00:00\",\"dateModified\":\"2024-09-20T09:52:12+00:00\",\"mainEntityOfPage\":{\"@id\":\"https:\\\/\\\/lamarinabj.com\\\/index.php\\\/2024\\\/09\\\/20\\\/finance-climat-la-declaration-de-cotonou-ouvrira-t-elle-la-voie-aux-financements-climatiques-mondiaux-pour-luemoa\\\/\"},\"wordCount\":946,\"commentCount\":0,\"image\":{\"@id\":\"https:\\\/\\\/lamarinabj.com\\\/index.php\\\/2024\\\/09\\\/20\\\/finance-climat-la-declaration-de-cotonou-ouvrira-t-elle-la-voie-aux-financements-climatiques-mondiaux-pour-luemoa\\\/#primaryimage\"},\"thumbnailUrl\":\"https:\\\/\\\/lamarinabj.com\\\/wp-content\\\/uploads\\\/2024\\\/09\\\/FORUMMM-1.jpg\",\"keywords\":[\"B\u00e9nin\",\"Boad\",\"Finance climat\",\"UEMOA\"],\"articleSection\":[\"GOUVERNANCE\",\"L'\u00c9V\u00c9NEMENT\"],\"inLanguage\":\"fr-FR\",\"potentialAction\":[{\"@type\":\"CommentAction\",\"name\":\"Comment\",\"target\":[\"https:\\\/\\\/lamarinabj.com\\\/index.php\\\/2024\\\/09\\\/20\\\/finance-climat-la-declaration-de-cotonou-ouvrira-t-elle-la-voie-aux-financements-climatiques-mondiaux-pour-luemoa\\\/#respond\"]}]},{\"@type\":[\"WebPage\",\"SearchResultsPage\"],\"@id\":\"https:\\\/\\\/lamarinabj.com\\\/index.php\\\/2024\\\/09\\\/20\\\/finance-climat-la-declaration-de-cotonou-ouvrira-t-elle-la-voie-aux-financements-climatiques-mondiaux-pour-luemoa\\\/\",\"url\":\"https:\\\/\\\/lamarinabj.com\\\/index.php\\\/2024\\\/09\\\/20\\\/finance-climat-la-declaration-de-cotonou-ouvrira-t-elle-la-voie-aux-financements-climatiques-mondiaux-pour-luemoa\\\/\",\"name\":\"Finance climat : La d\u00e9claration de Cotonou ouvrira-t-elle la voie aux financements climatiques mondiaux pour L'UEMOA ? - LA MARINA BJ\",\"isPartOf\":{\"@id\":\"https:\\\/\\\/lamarinabj.com\\\/#website\"},\"primaryImageOfPage\":{\"@id\":\"https:\\\/\\\/lamarinabj.com\\\/index.php\\\/2024\\\/09\\\/20\\\/finance-climat-la-declaration-de-cotonou-ouvrira-t-elle-la-voie-aux-financements-climatiques-mondiaux-pour-luemoa\\\/#primaryimage\"},\"image\":{\"@id\":\"https:\\\/\\\/lamarinabj.com\\\/index.php\\\/2024\\\/09\\\/20\\\/finance-climat-la-declaration-de-cotonou-ouvrira-t-elle-la-voie-aux-financements-climatiques-mondiaux-pour-luemoa\\\/#primaryimage\"},\"thumbnailUrl\":\"https:\\\/\\\/lamarinabj.com\\\/wp-content\\\/uploads\\\/2024\\\/09\\\/FORUMMM-1.jpg\",\"datePublished\":\"2024-09-20T09:46:57+00:00\",\"dateModified\":\"2024-09-20T09:52:12+00:00\",\"author\":{\"@id\":\"https:\\\/\\\/lamarinabj.com\\\/#\\\/schema\\\/person\\\/daecc7fb1eea21418f92763d06a3f4b4\"},\"description\":\"comment la D\u00e9claration de Cotonou pourrait faciliter l'acc\u00e8s des pays de l'Afrique de l'Ouest aux financements climatiques internationaux, un enjeu majeur pour la lutte contre le changement climatique.\",\"breadcrumb\":{\"@id\":\"https:\\\/\\\/lamarinabj.com\\\/index.php\\\/2024\\\/09\\\/20\\\/finance-climat-la-declaration-de-cotonou-ouvrira-t-elle-la-voie-aux-financements-climatiques-mondiaux-pour-luemoa\\\/#breadcrumb\"},\"inLanguage\":\"fr-FR\",\"potentialAction\":[{\"@type\":\"ReadAction\",\"target\":[\"https:\\\/\\\/lamarinabj.com\\\/index.php\\\/2024\\\/09\\\/20\\\/finance-climat-la-declaration-de-cotonou-ouvrira-t-elle-la-voie-aux-financements-climatiques-mondiaux-pour-luemoa\\\/\"]}]},{\"@type\":\"ImageObject\",\"inLanguage\":\"fr-FR\",\"@id\":\"https:\\\/\\\/lamarinabj.com\\\/index.php\\\/2024\\\/09\\\/20\\\/finance-climat-la-declaration-de-cotonou-ouvrira-t-elle-la-voie-aux-financements-climatiques-mondiaux-pour-luemoa\\\/#primaryimage\",\"url\":\"https:\\\/\\\/lamarinabj.com\\\/wp-content\\\/uploads\\\/2024\\\/09\\\/FORUMMM-1.jpg\",\"contentUrl\":\"https:\\\/\\\/lamarinabj.com\\\/wp-content\\\/uploads\\\/2024\\\/09\\\/FORUMMM-1.jpg\",\"width\":655,\"height\":437},{\"@type\":\"BreadcrumbList\",\"@id\":\"https:\\\/\\\/lamarinabj.com\\\/index.php\\\/2024\\\/09\\\/20\\\/finance-climat-la-declaration-de-cotonou-ouvrira-t-elle-la-voie-aux-financements-climatiques-mondiaux-pour-luemoa\\\/#breadcrumb\",\"itemListElement\":[{\"@type\":\"ListItem\",\"position\":1,\"name\":\"Accueil\",\"item\":\"https:\\\/\\\/lamarinabj.com\\\/\"},{\"@type\":\"ListItem\",\"position\":2,\"name\":\"Finance climat : La d\u00e9claration de Cotonou ouvrira-t-elle la voie aux financements climatiques mondiaux pour L&#8217;UEMOA ?\"}]},{\"@type\":\"WebSite\",\"@id\":\"https:\\\/\\\/lamarinabj.com\\\/#website\",\"url\":\"https:\\\/\\\/lamarinabj.com\\\/\",\"name\":\"LA MARINA BJ\",\"description\":\"Votre portail vers l&#039;information strat\u00e9gique au B\u00e9nin, en Afrique et au-del\u00e0\",\"potentialAction\":[{\"@type\":\"SearchAction\",\"target\":{\"@type\":\"EntryPoint\",\"urlTemplate\":\"https:\\\/\\\/lamarinabj.com\\\/?s={search_term_string}\"},\"query-input\":{\"@type\":\"PropertyValueSpecification\",\"valueRequired\":true,\"valueName\":\"search_term_string\"}}],\"inLanguage\":\"fr-FR\"},{\"@type\":\"Person\",\"@id\":\"https:\\\/\\\/lamarinabj.com\\\/#\\\/schema\\\/person\\\/daecc7fb1eea21418f92763d06a3f4b4\",\"name\":\"La Marina BJ - Team Business &amp; \u00c9conomie &amp; Finances\",\"image\":{\"@type\":\"ImageObject\",\"inLanguage\":\"fr-FR\",\"@id\":\"https:\\\/\\\/secure.gravatar.com\\\/avatar\\\/007be62133093bb48d247a392503beff272bc6a9503872d32895035e0e72b4f7?s=96&d=mm&r=g\",\"url\":\"https:\\\/\\\/secure.gravatar.com\\\/avatar\\\/007be62133093bb48d247a392503beff272bc6a9503872d32895035e0e72b4f7?s=96&d=mm&r=g\",\"contentUrl\":\"https:\\\/\\\/secure.gravatar.com\\\/avatar\\\/007be62133093bb48d247a392503beff272bc6a9503872d32895035e0e72b4f7?s=96&d=mm&r=g\",\"caption\":\"La Marina BJ - Team Business &amp; \u00c9conomie &amp; Finances\"},\"description\":\"La Team \u00c9conomie &amp; Finances de La Marina BJ d\u00e9crypte les dynamiques \u00e9conomiques qui fa\u00e7onnent le B\u00e9nin, l\u2019Afrique et le monde. Compos\u00e9e de journalistes \u00e9conomiques, d\u2019analystes sectoriels et de veilleurs sp\u00e9cialis\u00e9s, elle s\u2019attache \u00e0 rendre lisibles les m\u00e9canismes financiers, les politiques budg\u00e9taires, les r\u00e9formes fiscales et les grandes orientations macro\u00e9conomiques. Son ambition : \u00e9clairer les choix, anticiper les tendances et outiller les d\u00e9cideurs \u2014 publics comme priv\u00e9s \u2014 dans un environnement \u00e9conomique en constante mutation.\",\"url\":\"https:\\\/\\\/lamarinabj.com\\\/index.php\\\/author\\\/ernestine\\\/\"}]}<\/script>\n<!-- \/ Yoast SEO plugin. -->","yoast_head_json":{"title":"Finance climat : La d\u00e9claration de Cotonou ouvrira-t-elle la voie aux financements climatiques mondiaux pour L'UEMOA ? - LA MARINA BJ","description":"comment la D\u00e9claration de Cotonou pourrait faciliter l'acc\u00e8s des pays de l'Afrique de l'Ouest aux financements climatiques internationaux, un enjeu majeur pour la lutte contre le changement climatique.","robots":{"index":"index","follow":"follow","max-snippet":"max-snippet:-1","max-image-preview":"max-image-preview:large","max-video-preview":"max-video-preview:-1"},"canonical":"https:\/\/lamarinabj.com\/index.php\/2024\/09\/20\/finance-climat-la-declaration-de-cotonou-ouvrira-t-elle-la-voie-aux-financements-climatiques-mondiaux-pour-luemoa\/","og_locale":"fr_FR","og_type":"article","og_title":"Finance climat : La d\u00e9claration de Cotonou ouvrira-t-elle la voie aux financements climatiques mondiaux pour L'UEMOA ? - LA MARINA BJ","og_description":"comment la D\u00e9claration de Cotonou pourrait faciliter l'acc\u00e8s des pays de l'Afrique de l'Ouest aux financements climatiques internationaux, un enjeu majeur pour la lutte contre le changement climatique.","og_url":"https:\/\/lamarinabj.com\/index.php\/2024\/09\/20\/finance-climat-la-declaration-de-cotonou-ouvrira-t-elle-la-voie-aux-financements-climatiques-mondiaux-pour-luemoa\/","og_site_name":"LA MARINA BJ","article_published_time":"2024-09-20T09:46:57+00:00","article_modified_time":"2024-09-20T09:52:12+00:00","og_image":[{"width":655,"height":437,"url":"https:\/\/lamarinabj.com\/wp-content\/uploads\/2024\/09\/FORUMMM-1.jpg","type":"image\/jpeg"}],"author":"La Marina BJ - Team Business &amp; \u00c9conomie &amp; Finances","twitter_card":"summary_large_image","twitter_misc":{"\u00c9crit par":"La Marina BJ - Team Business &amp; \u00c9conomie &amp; Finances","Dur\u00e9e de lecture estim\u00e9e":"5 minutes"},"schema":{"@context":"https:\/\/schema.org","@graph":[{"@type":"NewsArticle","@id":"https:\/\/lamarinabj.com\/index.php\/2024\/09\/20\/finance-climat-la-declaration-de-cotonou-ouvrira-t-elle-la-voie-aux-financements-climatiques-mondiaux-pour-luemoa\/#article","isPartOf":{"@id":"https:\/\/lamarinabj.com\/index.php\/2024\/09\/20\/finance-climat-la-declaration-de-cotonou-ouvrira-t-elle-la-voie-aux-financements-climatiques-mondiaux-pour-luemoa\/"},"author":{"name":"La Marina BJ - Team Business &amp; \u00c9conomie &amp; Finances","@id":"https:\/\/lamarinabj.com\/#\/schema\/person\/daecc7fb1eea21418f92763d06a3f4b4"},"headline":"Finance climat : La d\u00e9claration de Cotonou ouvrira-t-elle la voie aux financements climatiques mondiaux pour L&rsquo;UEMOA ?","datePublished":"2024-09-20T09:46:57+00:00","dateModified":"2024-09-20T09:52:12+00:00","mainEntityOfPage":{"@id":"https:\/\/lamarinabj.com\/index.php\/2024\/09\/20\/finance-climat-la-declaration-de-cotonou-ouvrira-t-elle-la-voie-aux-financements-climatiques-mondiaux-pour-luemoa\/"},"wordCount":946,"commentCount":0,"image":{"@id":"https:\/\/lamarinabj.com\/index.php\/2024\/09\/20\/finance-climat-la-declaration-de-cotonou-ouvrira-t-elle-la-voie-aux-financements-climatiques-mondiaux-pour-luemoa\/#primaryimage"},"thumbnailUrl":"https:\/\/lamarinabj.com\/wp-content\/uploads\/2024\/09\/FORUMMM-1.jpg","keywords":["B\u00e9nin","Boad","Finance climat","UEMOA"],"articleSection":["GOUVERNANCE","L'\u00c9V\u00c9NEMENT"],"inLanguage":"fr-FR","potentialAction":[{"@type":"CommentAction","name":"Comment","target":["https:\/\/lamarinabj.com\/index.php\/2024\/09\/20\/finance-climat-la-declaration-de-cotonou-ouvrira-t-elle-la-voie-aux-financements-climatiques-mondiaux-pour-luemoa\/#respond"]}]},{"@type":["WebPage","SearchResultsPage"],"@id":"https:\/\/lamarinabj.com\/index.php\/2024\/09\/20\/finance-climat-la-declaration-de-cotonou-ouvrira-t-elle-la-voie-aux-financements-climatiques-mondiaux-pour-luemoa\/","url":"https:\/\/lamarinabj.com\/index.php\/2024\/09\/20\/finance-climat-la-declaration-de-cotonou-ouvrira-t-elle-la-voie-aux-financements-climatiques-mondiaux-pour-luemoa\/","name":"Finance climat : La d\u00e9claration de Cotonou ouvrira-t-elle la voie aux financements climatiques mondiaux pour L'UEMOA ? - LA MARINA BJ","isPartOf":{"@id":"https:\/\/lamarinabj.com\/#website"},"primaryImageOfPage":{"@id":"https:\/\/lamarinabj.com\/index.php\/2024\/09\/20\/finance-climat-la-declaration-de-cotonou-ouvrira-t-elle-la-voie-aux-financements-climatiques-mondiaux-pour-luemoa\/#primaryimage"},"image":{"@id":"https:\/\/lamarinabj.com\/index.php\/2024\/09\/20\/finance-climat-la-declaration-de-cotonou-ouvrira-t-elle-la-voie-aux-financements-climatiques-mondiaux-pour-luemoa\/#primaryimage"},"thumbnailUrl":"https:\/\/lamarinabj.com\/wp-content\/uploads\/2024\/09\/FORUMMM-1.jpg","datePublished":"2024-09-20T09:46:57+00:00","dateModified":"2024-09-20T09:52:12+00:00","author":{"@id":"https:\/\/lamarinabj.com\/#\/schema\/person\/daecc7fb1eea21418f92763d06a3f4b4"},"description":"comment la D\u00e9claration de Cotonou pourrait faciliter l'acc\u00e8s des pays de l'Afrique de l'Ouest aux financements climatiques internationaux, un enjeu majeur pour la lutte contre le changement climatique.","breadcrumb":{"@id":"https:\/\/lamarinabj.com\/index.php\/2024\/09\/20\/finance-climat-la-declaration-de-cotonou-ouvrira-t-elle-la-voie-aux-financements-climatiques-mondiaux-pour-luemoa\/#breadcrumb"},"inLanguage":"fr-FR","potentialAction":[{"@type":"ReadAction","target":["https:\/\/lamarinabj.com\/index.php\/2024\/09\/20\/finance-climat-la-declaration-de-cotonou-ouvrira-t-elle-la-voie-aux-financements-climatiques-mondiaux-pour-luemoa\/"]}]},{"@type":"ImageObject","inLanguage":"fr-FR","@id":"https:\/\/lamarinabj.com\/index.php\/2024\/09\/20\/finance-climat-la-declaration-de-cotonou-ouvrira-t-elle-la-voie-aux-financements-climatiques-mondiaux-pour-luemoa\/#primaryimage","url":"https:\/\/lamarinabj.com\/wp-content\/uploads\/2024\/09\/FORUMMM-1.jpg","contentUrl":"https:\/\/lamarinabj.com\/wp-content\/uploads\/2024\/09\/FORUMMM-1.jpg","width":655,"height":437},{"@type":"BreadcrumbList","@id":"https:\/\/lamarinabj.com\/index.php\/2024\/09\/20\/finance-climat-la-declaration-de-cotonou-ouvrira-t-elle-la-voie-aux-financements-climatiques-mondiaux-pour-luemoa\/#breadcrumb","itemListElement":[{"@type":"ListItem","position":1,"name":"Accueil","item":"https:\/\/lamarinabj.com\/"},{"@type":"ListItem","position":2,"name":"Finance climat : La d\u00e9claration de Cotonou ouvrira-t-elle la voie aux financements climatiques mondiaux pour L&#8217;UEMOA ?"}]},{"@type":"WebSite","@id":"https:\/\/lamarinabj.com\/#website","url":"https:\/\/lamarinabj.com\/","name":"LA MARINA BJ","description":"Votre portail vers l&#039;information strat\u00e9gique au B\u00e9nin, en Afrique et au-del\u00e0","potentialAction":[{"@type":"SearchAction","target":{"@type":"EntryPoint","urlTemplate":"https:\/\/lamarinabj.com\/?s={search_term_string}"},"query-input":{"@type":"PropertyValueSpecification","valueRequired":true,"valueName":"search_term_string"}}],"inLanguage":"fr-FR"},{"@type":"Person","@id":"https:\/\/lamarinabj.com\/#\/schema\/person\/daecc7fb1eea21418f92763d06a3f4b4","name":"La Marina BJ - Team Business &amp; \u00c9conomie &amp; Finances","image":{"@type":"ImageObject","inLanguage":"fr-FR","@id":"https:\/\/secure.gravatar.com\/avatar\/007be62133093bb48d247a392503beff272bc6a9503872d32895035e0e72b4f7?s=96&d=mm&r=g","url":"https:\/\/secure.gravatar.com\/avatar\/007be62133093bb48d247a392503beff272bc6a9503872d32895035e0e72b4f7?s=96&d=mm&r=g","contentUrl":"https:\/\/secure.gravatar.com\/avatar\/007be62133093bb48d247a392503beff272bc6a9503872d32895035e0e72b4f7?s=96&d=mm&r=g","caption":"La Marina BJ - Team Business &amp; \u00c9conomie &amp; Finances"},"description":"La Team \u00c9conomie &amp; Finances de La Marina BJ d\u00e9crypte les dynamiques \u00e9conomiques qui fa\u00e7onnent le B\u00e9nin, l\u2019Afrique et le monde. Compos\u00e9e de journalistes \u00e9conomiques, d\u2019analystes sectoriels et de veilleurs sp\u00e9cialis\u00e9s, elle s\u2019attache \u00e0 rendre lisibles les m\u00e9canismes financiers, les politiques budg\u00e9taires, les r\u00e9formes fiscales et les grandes orientations macro\u00e9conomiques. Son ambition : \u00e9clairer les choix, anticiper les tendances et outiller les d\u00e9cideurs \u2014 publics comme priv\u00e9s \u2014 dans un environnement \u00e9conomique en constante mutation.","url":"https:\/\/lamarinabj.com\/index.php\/author\/ernestine\/"}]}},"_links":{"self":[{"href":"https:\/\/lamarinabj.com\/index.php\/wp-json\/wp\/v2\/posts\/8187","targetHints":{"allow":["GET"]}}],"collection":[{"href":"https:\/\/lamarinabj.com\/index.php\/wp-json\/wp\/v2\/posts"}],"about":[{"href":"https:\/\/lamarinabj.com\/index.php\/wp-json\/wp\/v2\/types\/post"}],"author":[{"embeddable":true,"href":"https:\/\/lamarinabj.com\/index.php\/wp-json\/wp\/v2\/users\/8"}],"replies":[{"embeddable":true,"href":"https:\/\/lamarinabj.com\/index.php\/wp-json\/wp\/v2\/comments?post=8187"}],"version-history":[{"count":2,"href":"https:\/\/lamarinabj.com\/index.php\/wp-json\/wp\/v2\/posts\/8187\/revisions"}],"predecessor-version":[{"id":8191,"href":"https:\/\/lamarinabj.com\/index.php\/wp-json\/wp\/v2\/posts\/8187\/revisions\/8191"}],"wp:featuredmedia":[{"embeddable":true,"href":"https:\/\/lamarinabj.com\/index.php\/wp-json\/wp\/v2\/media\/8188"}],"wp:attachment":[{"href":"https:\/\/lamarinabj.com\/index.php\/wp-json\/wp\/v2\/media?parent=8187"}],"wp:term":[{"taxonomy":"category","embeddable":true,"href":"https:\/\/lamarinabj.com\/index.php\/wp-json\/wp\/v2\/categories?post=8187"},{"taxonomy":"post_tag","embeddable":true,"href":"https:\/\/lamarinabj.com\/index.php\/wp-json\/wp\/v2\/tags?post=8187"}],"curies":[{"name":"wp","href":"https:\/\/api.w.org\/{rel}","templated":true}]}}