{"id":8278,"date":"2024-09-25T18:17:09","date_gmt":"2024-09-25T17:17:09","guid":{"rendered":"https:\/\/lamarinabj.com\/?p=8278"},"modified":"2024-09-25T18:17:11","modified_gmt":"2024-09-25T17:17:11","slug":"coup-detat-manque-les-revelations-sur-larrestation-dolivier-boko-et-doswald-homeky","status":"publish","type":"post","link":"https:\/\/lamarinabj.com\/index.php\/2024\/09\/25\/coup-detat-manque-les-revelations-sur-larrestation-dolivier-boko-et-doswald-homeky\/","title":{"rendered":"Coup d\u2019\u00c9tat manqu\u00e9 : Les r\u00e9v\u00e9lations sur l\u2019arrestation d\u2019Olivier Boko et d\u2019Oswald Homeky"},"content":{"rendered":"\n<p><strong><mark style=\"background-color:rgba(0, 0, 0, 0)\" class=\"has-inline-color has-red-color\">Justice, B\u00e9nin <\/mark><\/strong>&#8211; <strong><em>Lors d&rsquo;une conf\u00e9rence de presse ce mercredi 25 septembre 2024, le procureur sp\u00e9cial de la Cour de r\u00e9pression des infractions \u00e9conomiques et du terrorisme (CRIET), a donn\u00e9 de nouveaux d\u00e9tails sur l\u2019arrestation d\u2019Olivier Boko. Cet homme d\u2019affaires influent et ami proche de l&rsquo;actuel pr\u00e9sident Patrice Talon, longtemps pressenti comme un potentiel candidat \u00e0 la pr\u00e9sidence, a \u00e9t\u00e9 interpell\u00e9 avec l\u2019ancien ministre des Sports, Oswald Homeky, dans le cadre d\u2019une tentative de coup d\u2019\u00c9tat. Selon le procureur, l\u2019arrestation d\u2019Olivier Boko s\u2019inscrit directement dans un complot visant \u00e0 renverser le r\u00e9gime actuel.<\/em><\/strong><\/p>\n\n\n\n<p>D\u00e8s les premi\u00e8res minutes de la conf\u00e9rence, le procureur a pr\u00e9cis\u00e9 que l\u2019arrestation de Boko et de ses complices d\u00e9coule d\u2019une op\u00e9ration minutieusement pr\u00e9par\u00e9e par la Brigade criminelle. En effet, Oswald Homeky aurait remis au Commandant de la Garde R\u00e9publicaine une somme colossale de 1,5 milliard de FCFA, en lien avec ce projet de coup d\u2019\u00c9tat. Ces fonds, collect\u00e9s par Olivier Boko, avaient pour but de soudoyer le Commandant afin d\u2019assurer la r\u00e9ussite de l\u2019op\u00e9ration.<\/p>\n\n\n\n<h3 id=\"une-operation-soigneusement-preparee\" class=\"wp-block-heading\"><mark style=\"background-color:rgba(0, 0, 0, 0)\" class=\"has-inline-color has-red-color\">Une op\u00e9ration soigneusement pr\u00e9par\u00e9e<\/mark><\/h3>\n\n\n\n<p>Le procureur sp\u00e9cial a r\u00e9v\u00e9l\u00e9 que ce complot ne date pas d\u2019hier. D\u00e8s ao\u00fbt 2024, Olivier Boko et Oswald Homeky avaient d\u00e9j\u00e0 ouvert un compte \u00e0 la NSIA Banque en C\u00f4te d&rsquo;Ivoire, sp\u00e9cialement destin\u00e9 \u00e0 corrompre le Commandant de la Garde R\u00e9publicaine. Le d\u00e9p\u00f4t initial s\u2019\u00e9levait \u00e0 105 millions de FCFA. Ce compte bancaire devait servir de garantie pour acheter la loyaut\u00e9 du Commandant dans le cadre de cette tentative de renversement, pr\u00e9vue pour le 27 septembre 2024.<\/p>\n\n\n\n<p>Cependant, ce premier d\u00e9p\u00f4t n\u2019\u00e9tait que le d\u00e9but. Comme l\u2019a expliqu\u00e9 le procureur, la transaction d\u00e9cisive s\u2019est d\u00e9roul\u00e9e dans la nuit du 23 au 24 septembre, quand Oswald Homeky a \u00e9t\u00e9 surpris en train de remettre 1,5 milliard de FCFA au Commandant. Ces fonds, soigneusement r\u00e9partis en coupures de 5 000 et 10 000 FCFA, avaient \u00e9t\u00e9 charg\u00e9s dans un v\u00e9hicule Toyota Prado appartenant \u00e0 Homeky. La brigade criminelle a rapidement interpell\u00e9 les protagonistes en pleine transaction.<\/p>\n\n\n\n<h3 id=\"larrestation-en-flagrant-delit\" class=\"wp-block-heading\"><mark style=\"background-color:rgba(0, 0, 0, 0)\" class=\"has-inline-color has-red-color\">L\u2019arrestation en flagrant d\u00e9lit<\/mark><\/h3>\n\n\n\n<p>La conf\u00e9rence de presse a mis en lumi\u00e8re le d\u00e9roul\u00e9 pr\u00e9cis de l&rsquo;arrestation d\u2019Olivier Boko et de ses complices. Oswald Homeky, alors qu\u2019il s\u2019appr\u00eatait \u00e0 conclure la transaction avec le Commandant, a \u00e9t\u00e9 arr\u00eat\u00e9 sur le champ. Les enqu\u00eateurs, en d\u00e9couvrant la somme et le v\u00e9hicule utilis\u00e9, ont rapidement r\u00e9alis\u00e9 l\u2019ampleur du complot. Olivier Boko, qui orchestrait cette op\u00e9ration en coulisse, a \u00e9t\u00e9 interpell\u00e9 moins d\u2019une heure plus tard.<\/p>\n\n\n\n<p>Le procureur a soulign\u00e9 que cette intervention rapide et efficace de la Brigade criminelle a permis de d\u00e9jouer une tentative de d\u00e9stabilisation politique sans pr\u00e9c\u00e9dent. Gr\u00e2ce \u00e0 cette arrestation, le coup d\u2019\u00c9tat pr\u00e9vu pour le 27 septembre a pu \u00eatre \u00e9vit\u00e9 de justesse, pr\u00e9servant ainsi la stabilit\u00e9 du r\u00e9gime en place.<\/p>\n\n\n\n<p>Lors de la conf\u00e9rence de presse, le procureur Elonm Mario Metonou a clairement affirm\u00e9 que l&rsquo;enqu\u00eate se poursuit activement. Les autorit\u00e9s approfondissent leurs investigations pour identifier d&rsquo;\u00e9ventuels complices dans cette affaire. Le procureur a assur\u00e9 que d&rsquo;autres arrestations suivront probablement, les preuves s&rsquo;accumulant au fil du travail des enqu\u00eateurs. Il a \u00e9galement soulign\u00e9 que tout sera mis en \u0153uvre pour garantir la s\u00e9curit\u00e9 de l&rsquo;\u00c9tat et r\u00e9v\u00e9ler toute la v\u00e9rit\u00e9 sur cette tentative de coup d&rsquo;\u00c9tat.<\/p>\n","protected":false},"excerpt":{"rendered":"Justice, B\u00e9nin &#8211; Lors d&rsquo;une conf\u00e9rence de presse ce mercredi 25 septembre 2024, le procureur sp\u00e9cial de la&hellip;\n","protected":false},"author":7,"featured_media":8279,"comment_status":"open","ping_status":"open","sticky":false,"template":"elementor_theme","format":"standard","meta":{"csco_singular_sidebar":"","csco_page_header_type":"standard","csco_appearance_masonry":"","csco_page_load_nextpost":"","csco_post_video_location":[],"csco_post_video_location_hash":"","csco_post_video_url":"","csco_post_video_bg_start_time":0,"csco_post_video_bg_end_time":0,"footnotes":""},"categories":[239],"tags":[41,858,909,910],"class_list":{"0":"post-8278","1":"post","2":"type-post","3":"status-publish","4":"format-standard","5":"has-post-thumbnail","7":"category-levenement-2","8":"tag-benin","9":"tag-coup-detat","10":"tag-olivier-boko","11":"tag-oswald-homeky","12":"cs-entry","13":"cs-video-wrap"},"yoast_head":"<!-- This site is optimized with the Yoast SEO plugin v27.4 - https:\/\/yoast.com\/product\/yoast-seo-wordpress\/ -->\n<title>Coup d\u2019\u00c9tat manqu\u00e9 : Les r\u00e9v\u00e9lations sur l\u2019arrestation d\u2019Olivier Boko et d\u2019Oswald Homeky - LA MARINA BJ<\/title>\n<meta name=\"description\" content=\"Lors d&#039;une conf\u00e9rence de presse, la CRIET a r\u00e9v\u00e9l\u00e9 des d\u00e9tails inqui\u00e9tants sur la tentative de coup d\u2019\u00c9tat d\u00e9jou\u00e9e au B\u00e9nin. Olivier Boko, Oswald Homeky et le Commandant de la Garde R\u00e9publicaine sont impliqu\u00e9s.\" \/>\n<meta name=\"robots\" content=\"index, follow, max-snippet:-1, max-image-preview:large, max-video-preview:-1\" \/>\n<link rel=\"canonical\" href=\"https:\/\/lamarinabj.com\/index.php\/2024\/09\/25\/coup-detat-manque-les-revelations-sur-larrestation-dolivier-boko-et-doswald-homeky\/\" \/>\n<meta property=\"og:locale\" content=\"fr_FR\" \/>\n<meta property=\"og:type\" content=\"article\" \/>\n<meta property=\"og:title\" content=\"Coup d\u2019\u00c9tat manqu\u00e9 : Les r\u00e9v\u00e9lations sur l\u2019arrestation d\u2019Olivier Boko et d\u2019Oswald Homeky - LA MARINA BJ\" \/>\n<meta property=\"og:description\" content=\"Lors d&#039;une conf\u00e9rence de presse, la CRIET a r\u00e9v\u00e9l\u00e9 des d\u00e9tails inqui\u00e9tants sur la tentative de coup d\u2019\u00c9tat d\u00e9jou\u00e9e au B\u00e9nin. Olivier Boko, Oswald Homeky et le Commandant de la Garde R\u00e9publicaine sont impliqu\u00e9s.\" \/>\n<meta property=\"og:url\" content=\"https:\/\/lamarinabj.com\/index.php\/2024\/09\/25\/coup-detat-manque-les-revelations-sur-larrestation-dolivier-boko-et-doswald-homeky\/\" \/>\n<meta property=\"og:site_name\" content=\"LA MARINA BJ\" \/>\n<meta property=\"article:published_time\" content=\"2024-09-25T17:17:09+00:00\" \/>\n<meta property=\"article:modified_time\" content=\"2024-09-25T17:17:11+00:00\" \/>\n<meta property=\"og:image\" content=\"https:\/\/lamarinabj.com\/wp-content\/uploads\/2024\/09\/mario-metonou-criet-1200x675-1.jpg\" \/>\n\t<meta property=\"og:image:width\" content=\"1200\" \/>\n\t<meta property=\"og:image:height\" content=\"675\" \/>\n\t<meta property=\"og:image:type\" content=\"image\/jpeg\" \/>\n<meta name=\"author\" content=\"La Marina Bj\" \/>\n<meta name=\"twitter:card\" content=\"summary_large_image\" \/>\n<meta name=\"twitter:label1\" content=\"\u00c9crit par\" \/>\n\t<meta name=\"twitter:data1\" content=\"La Marina Bj\" \/>\n\t<meta name=\"twitter:label2\" content=\"Dur\u00e9e de lecture estim\u00e9e\" \/>\n\t<meta name=\"twitter:data2\" content=\"3 minutes\" \/>\n<script type=\"application\/ld+json\" class=\"yoast-schema-graph\">{\"@context\":\"https:\\\/\\\/schema.org\",\"@graph\":[{\"@type\":\"NewsArticle\",\"@id\":\"https:\\\/\\\/lamarinabj.com\\\/index.php\\\/2024\\\/09\\\/25\\\/coup-detat-manque-les-revelations-sur-larrestation-dolivier-boko-et-doswald-homeky\\\/#article\",\"isPartOf\":{\"@id\":\"https:\\\/\\\/lamarinabj.com\\\/index.php\\\/2024\\\/09\\\/25\\\/coup-detat-manque-les-revelations-sur-larrestation-dolivier-boko-et-doswald-homeky\\\/\"},\"author\":{\"name\":\"La Marina Bj\",\"@id\":\"https:\\\/\\\/lamarinabj.com\\\/#\\\/schema\\\/person\\\/89dc3df245cc348449b2502e2d5c016b\"},\"headline\":\"Coup d\u2019\u00c9tat manqu\u00e9 : Les r\u00e9v\u00e9lations sur l\u2019arrestation d\u2019Olivier Boko et d\u2019Oswald Homeky\",\"datePublished\":\"2024-09-25T17:17:09+00:00\",\"dateModified\":\"2024-09-25T17:17:11+00:00\",\"mainEntityOfPage\":{\"@id\":\"https:\\\/\\\/lamarinabj.com\\\/index.php\\\/2024\\\/09\\\/25\\\/coup-detat-manque-les-revelations-sur-larrestation-dolivier-boko-et-doswald-homeky\\\/\"},\"wordCount\":630,\"commentCount\":0,\"image\":{\"@id\":\"https:\\\/\\\/lamarinabj.com\\\/index.php\\\/2024\\\/09\\\/25\\\/coup-detat-manque-les-revelations-sur-larrestation-dolivier-boko-et-doswald-homeky\\\/#primaryimage\"},\"thumbnailUrl\":\"https:\\\/\\\/lamarinabj.com\\\/wp-content\\\/uploads\\\/2024\\\/09\\\/mario-metonou-criet-1200x675-1.jpg\",\"keywords\":[\"B\u00e9nin\",\"Coup d'\u00c9tat\",\"Olivier Boko\",\"Oswald Homeky\"],\"articleSection\":[\"L'\u00c9V\u00c9NEMENT\"],\"inLanguage\":\"fr-FR\",\"potentialAction\":[{\"@type\":\"CommentAction\",\"name\":\"Comment\",\"target\":[\"https:\\\/\\\/lamarinabj.com\\\/index.php\\\/2024\\\/09\\\/25\\\/coup-detat-manque-les-revelations-sur-larrestation-dolivier-boko-et-doswald-homeky\\\/#respond\"]}]},{\"@type\":[\"WebPage\",\"SearchResultsPage\"],\"@id\":\"https:\\\/\\\/lamarinabj.com\\\/index.php\\\/2024\\\/09\\\/25\\\/coup-detat-manque-les-revelations-sur-larrestation-dolivier-boko-et-doswald-homeky\\\/\",\"url\":\"https:\\\/\\\/lamarinabj.com\\\/index.php\\\/2024\\\/09\\\/25\\\/coup-detat-manque-les-revelations-sur-larrestation-dolivier-boko-et-doswald-homeky\\\/\",\"name\":\"Coup d\u2019\u00c9tat manqu\u00e9 : Les r\u00e9v\u00e9lations sur l\u2019arrestation d\u2019Olivier Boko et d\u2019Oswald Homeky - LA MARINA BJ\",\"isPartOf\":{\"@id\":\"https:\\\/\\\/lamarinabj.com\\\/#website\"},\"primaryImageOfPage\":{\"@id\":\"https:\\\/\\\/lamarinabj.com\\\/index.php\\\/2024\\\/09\\\/25\\\/coup-detat-manque-les-revelations-sur-larrestation-dolivier-boko-et-doswald-homeky\\\/#primaryimage\"},\"image\":{\"@id\":\"https:\\\/\\\/lamarinabj.com\\\/index.php\\\/2024\\\/09\\\/25\\\/coup-detat-manque-les-revelations-sur-larrestation-dolivier-boko-et-doswald-homeky\\\/#primaryimage\"},\"thumbnailUrl\":\"https:\\\/\\\/lamarinabj.com\\\/wp-content\\\/uploads\\\/2024\\\/09\\\/mario-metonou-criet-1200x675-1.jpg\",\"datePublished\":\"2024-09-25T17:17:09+00:00\",\"dateModified\":\"2024-09-25T17:17:11+00:00\",\"author\":{\"@id\":\"https:\\\/\\\/lamarinabj.com\\\/#\\\/schema\\\/person\\\/89dc3df245cc348449b2502e2d5c016b\"},\"description\":\"Lors d'une conf\u00e9rence de presse, la CRIET a r\u00e9v\u00e9l\u00e9 des d\u00e9tails inqui\u00e9tants sur la tentative de coup d\u2019\u00c9tat d\u00e9jou\u00e9e au B\u00e9nin. Olivier Boko, Oswald Homeky et le Commandant de la Garde R\u00e9publicaine sont impliqu\u00e9s.\",\"breadcrumb\":{\"@id\":\"https:\\\/\\\/lamarinabj.com\\\/index.php\\\/2024\\\/09\\\/25\\\/coup-detat-manque-les-revelations-sur-larrestation-dolivier-boko-et-doswald-homeky\\\/#breadcrumb\"},\"inLanguage\":\"fr-FR\",\"potentialAction\":[{\"@type\":\"ReadAction\",\"target\":[\"https:\\\/\\\/lamarinabj.com\\\/index.php\\\/2024\\\/09\\\/25\\\/coup-detat-manque-les-revelations-sur-larrestation-dolivier-boko-et-doswald-homeky\\\/\"]}]},{\"@type\":\"ImageObject\",\"inLanguage\":\"fr-FR\",\"@id\":\"https:\\\/\\\/lamarinabj.com\\\/index.php\\\/2024\\\/09\\\/25\\\/coup-detat-manque-les-revelations-sur-larrestation-dolivier-boko-et-doswald-homeky\\\/#primaryimage\",\"url\":\"https:\\\/\\\/lamarinabj.com\\\/wp-content\\\/uploads\\\/2024\\\/09\\\/mario-metonou-criet-1200x675-1.jpg\",\"contentUrl\":\"https:\\\/\\\/lamarinabj.com\\\/wp-content\\\/uploads\\\/2024\\\/09\\\/mario-metonou-criet-1200x675-1.jpg\",\"width\":1200,\"height\":675},{\"@type\":\"BreadcrumbList\",\"@id\":\"https:\\\/\\\/lamarinabj.com\\\/index.php\\\/2024\\\/09\\\/25\\\/coup-detat-manque-les-revelations-sur-larrestation-dolivier-boko-et-doswald-homeky\\\/#breadcrumb\",\"itemListElement\":[{\"@type\":\"ListItem\",\"position\":1,\"name\":\"Accueil\",\"item\":\"https:\\\/\\\/lamarinabj.com\\\/\"},{\"@type\":\"ListItem\",\"position\":2,\"name\":\"Coup d\u2019\u00c9tat manqu\u00e9 : Les r\u00e9v\u00e9lations sur l\u2019arrestation d\u2019Olivier Boko et d\u2019Oswald Homeky\"}]},{\"@type\":\"WebSite\",\"@id\":\"https:\\\/\\\/lamarinabj.com\\\/#website\",\"url\":\"https:\\\/\\\/lamarinabj.com\\\/\",\"name\":\"LA MARINA BJ\",\"description\":\"Votre portail vers l&#039;information strat\u00e9gique au B\u00e9nin, en Afrique et au-del\u00e0\",\"potentialAction\":[{\"@type\":\"SearchAction\",\"target\":{\"@type\":\"EntryPoint\",\"urlTemplate\":\"https:\\\/\\\/lamarinabj.com\\\/?s={search_term_string}\"},\"query-input\":{\"@type\":\"PropertyValueSpecification\",\"valueRequired\":true,\"valueName\":\"search_term_string\"}}],\"inLanguage\":\"fr-FR\"},{\"@type\":\"Person\",\"@id\":\"https:\\\/\\\/lamarinabj.com\\\/#\\\/schema\\\/person\\\/89dc3df245cc348449b2502e2d5c016b\",\"name\":\"La Marina Bj\",\"image\":{\"@type\":\"ImageObject\",\"inLanguage\":\"fr-FR\",\"@id\":\"https:\\\/\\\/secure.gravatar.com\\\/avatar\\\/6ef884b7fb1dab6e8672f19e68299568fe069dc761d88506e39bee8464c70e4a?s=96&d=mm&r=g\",\"url\":\"https:\\\/\\\/secure.gravatar.com\\\/avatar\\\/6ef884b7fb1dab6e8672f19e68299568fe069dc761d88506e39bee8464c70e4a?s=96&d=mm&r=g\",\"contentUrl\":\"https:\\\/\\\/secure.gravatar.com\\\/avatar\\\/6ef884b7fb1dab6e8672f19e68299568fe069dc761d88506e39bee8464c70e4a?s=96&d=mm&r=g\",\"caption\":\"La Marina Bj\"},\"url\":\"https:\\\/\\\/lamarinabj.com\\\/index.php\\\/author\\\/la-marina-bj\\\/\"}]}<\/script>\n<!-- \/ Yoast SEO plugin. -->","yoast_head_json":{"title":"Coup d\u2019\u00c9tat manqu\u00e9 : Les r\u00e9v\u00e9lations sur l\u2019arrestation d\u2019Olivier Boko et d\u2019Oswald Homeky - LA MARINA BJ","description":"Lors d'une conf\u00e9rence de presse, la CRIET a r\u00e9v\u00e9l\u00e9 des d\u00e9tails inqui\u00e9tants sur la tentative de coup d\u2019\u00c9tat d\u00e9jou\u00e9e au B\u00e9nin. Olivier Boko, Oswald Homeky et le Commandant de la Garde R\u00e9publicaine sont impliqu\u00e9s.","robots":{"index":"index","follow":"follow","max-snippet":"max-snippet:-1","max-image-preview":"max-image-preview:large","max-video-preview":"max-video-preview:-1"},"canonical":"https:\/\/lamarinabj.com\/index.php\/2024\/09\/25\/coup-detat-manque-les-revelations-sur-larrestation-dolivier-boko-et-doswald-homeky\/","og_locale":"fr_FR","og_type":"article","og_title":"Coup d\u2019\u00c9tat manqu\u00e9 : Les r\u00e9v\u00e9lations sur l\u2019arrestation d\u2019Olivier Boko et d\u2019Oswald Homeky - LA MARINA BJ","og_description":"Lors d'une conf\u00e9rence de presse, la CRIET a r\u00e9v\u00e9l\u00e9 des d\u00e9tails inqui\u00e9tants sur la tentative de coup d\u2019\u00c9tat d\u00e9jou\u00e9e au B\u00e9nin. Olivier Boko, Oswald Homeky et le Commandant de la Garde R\u00e9publicaine sont impliqu\u00e9s.","og_url":"https:\/\/lamarinabj.com\/index.php\/2024\/09\/25\/coup-detat-manque-les-revelations-sur-larrestation-dolivier-boko-et-doswald-homeky\/","og_site_name":"LA MARINA BJ","article_published_time":"2024-09-25T17:17:09+00:00","article_modified_time":"2024-09-25T17:17:11+00:00","og_image":[{"width":1200,"height":675,"url":"https:\/\/lamarinabj.com\/wp-content\/uploads\/2024\/09\/mario-metonou-criet-1200x675-1.jpg","type":"image\/jpeg"}],"author":"La Marina Bj","twitter_card":"summary_large_image","twitter_misc":{"\u00c9crit par":"La Marina Bj","Dur\u00e9e de lecture estim\u00e9e":"3 minutes"},"schema":{"@context":"https:\/\/schema.org","@graph":[{"@type":"NewsArticle","@id":"https:\/\/lamarinabj.com\/index.php\/2024\/09\/25\/coup-detat-manque-les-revelations-sur-larrestation-dolivier-boko-et-doswald-homeky\/#article","isPartOf":{"@id":"https:\/\/lamarinabj.com\/index.php\/2024\/09\/25\/coup-detat-manque-les-revelations-sur-larrestation-dolivier-boko-et-doswald-homeky\/"},"author":{"name":"La Marina Bj","@id":"https:\/\/lamarinabj.com\/#\/schema\/person\/89dc3df245cc348449b2502e2d5c016b"},"headline":"Coup d\u2019\u00c9tat manqu\u00e9 : Les r\u00e9v\u00e9lations sur l\u2019arrestation d\u2019Olivier Boko et d\u2019Oswald Homeky","datePublished":"2024-09-25T17:17:09+00:00","dateModified":"2024-09-25T17:17:11+00:00","mainEntityOfPage":{"@id":"https:\/\/lamarinabj.com\/index.php\/2024\/09\/25\/coup-detat-manque-les-revelations-sur-larrestation-dolivier-boko-et-doswald-homeky\/"},"wordCount":630,"commentCount":0,"image":{"@id":"https:\/\/lamarinabj.com\/index.php\/2024\/09\/25\/coup-detat-manque-les-revelations-sur-larrestation-dolivier-boko-et-doswald-homeky\/#primaryimage"},"thumbnailUrl":"https:\/\/lamarinabj.com\/wp-content\/uploads\/2024\/09\/mario-metonou-criet-1200x675-1.jpg","keywords":["B\u00e9nin","Coup d'\u00c9tat","Olivier Boko","Oswald Homeky"],"articleSection":["L'\u00c9V\u00c9NEMENT"],"inLanguage":"fr-FR","potentialAction":[{"@type":"CommentAction","name":"Comment","target":["https:\/\/lamarinabj.com\/index.php\/2024\/09\/25\/coup-detat-manque-les-revelations-sur-larrestation-dolivier-boko-et-doswald-homeky\/#respond"]}]},{"@type":["WebPage","SearchResultsPage"],"@id":"https:\/\/lamarinabj.com\/index.php\/2024\/09\/25\/coup-detat-manque-les-revelations-sur-larrestation-dolivier-boko-et-doswald-homeky\/","url":"https:\/\/lamarinabj.com\/index.php\/2024\/09\/25\/coup-detat-manque-les-revelations-sur-larrestation-dolivier-boko-et-doswald-homeky\/","name":"Coup d\u2019\u00c9tat manqu\u00e9 : Les r\u00e9v\u00e9lations sur l\u2019arrestation d\u2019Olivier Boko et d\u2019Oswald Homeky - LA MARINA BJ","isPartOf":{"@id":"https:\/\/lamarinabj.com\/#website"},"primaryImageOfPage":{"@id":"https:\/\/lamarinabj.com\/index.php\/2024\/09\/25\/coup-detat-manque-les-revelations-sur-larrestation-dolivier-boko-et-doswald-homeky\/#primaryimage"},"image":{"@id":"https:\/\/lamarinabj.com\/index.php\/2024\/09\/25\/coup-detat-manque-les-revelations-sur-larrestation-dolivier-boko-et-doswald-homeky\/#primaryimage"},"thumbnailUrl":"https:\/\/lamarinabj.com\/wp-content\/uploads\/2024\/09\/mario-metonou-criet-1200x675-1.jpg","datePublished":"2024-09-25T17:17:09+00:00","dateModified":"2024-09-25T17:17:11+00:00","author":{"@id":"https:\/\/lamarinabj.com\/#\/schema\/person\/89dc3df245cc348449b2502e2d5c016b"},"description":"Lors d'une conf\u00e9rence de presse, la CRIET a r\u00e9v\u00e9l\u00e9 des d\u00e9tails inqui\u00e9tants sur la tentative de coup d\u2019\u00c9tat d\u00e9jou\u00e9e au B\u00e9nin. Olivier Boko, Oswald Homeky et le Commandant de la Garde R\u00e9publicaine sont impliqu\u00e9s.","breadcrumb":{"@id":"https:\/\/lamarinabj.com\/index.php\/2024\/09\/25\/coup-detat-manque-les-revelations-sur-larrestation-dolivier-boko-et-doswald-homeky\/#breadcrumb"},"inLanguage":"fr-FR","potentialAction":[{"@type":"ReadAction","target":["https:\/\/lamarinabj.com\/index.php\/2024\/09\/25\/coup-detat-manque-les-revelations-sur-larrestation-dolivier-boko-et-doswald-homeky\/"]}]},{"@type":"ImageObject","inLanguage":"fr-FR","@id":"https:\/\/lamarinabj.com\/index.php\/2024\/09\/25\/coup-detat-manque-les-revelations-sur-larrestation-dolivier-boko-et-doswald-homeky\/#primaryimage","url":"https:\/\/lamarinabj.com\/wp-content\/uploads\/2024\/09\/mario-metonou-criet-1200x675-1.jpg","contentUrl":"https:\/\/lamarinabj.com\/wp-content\/uploads\/2024\/09\/mario-metonou-criet-1200x675-1.jpg","width":1200,"height":675},{"@type":"BreadcrumbList","@id":"https:\/\/lamarinabj.com\/index.php\/2024\/09\/25\/coup-detat-manque-les-revelations-sur-larrestation-dolivier-boko-et-doswald-homeky\/#breadcrumb","itemListElement":[{"@type":"ListItem","position":1,"name":"Accueil","item":"https:\/\/lamarinabj.com\/"},{"@type":"ListItem","position":2,"name":"Coup d\u2019\u00c9tat manqu\u00e9 : Les r\u00e9v\u00e9lations sur l\u2019arrestation d\u2019Olivier Boko et d\u2019Oswald Homeky"}]},{"@type":"WebSite","@id":"https:\/\/lamarinabj.com\/#website","url":"https:\/\/lamarinabj.com\/","name":"LA MARINA BJ","description":"Votre portail vers l&#039;information strat\u00e9gique au B\u00e9nin, en Afrique et au-del\u00e0","potentialAction":[{"@type":"SearchAction","target":{"@type":"EntryPoint","urlTemplate":"https:\/\/lamarinabj.com\/?s={search_term_string}"},"query-input":{"@type":"PropertyValueSpecification","valueRequired":true,"valueName":"search_term_string"}}],"inLanguage":"fr-FR"},{"@type":"Person","@id":"https:\/\/lamarinabj.com\/#\/schema\/person\/89dc3df245cc348449b2502e2d5c016b","name":"La Marina Bj","image":{"@type":"ImageObject","inLanguage":"fr-FR","@id":"https:\/\/secure.gravatar.com\/avatar\/6ef884b7fb1dab6e8672f19e68299568fe069dc761d88506e39bee8464c70e4a?s=96&d=mm&r=g","url":"https:\/\/secure.gravatar.com\/avatar\/6ef884b7fb1dab6e8672f19e68299568fe069dc761d88506e39bee8464c70e4a?s=96&d=mm&r=g","contentUrl":"https:\/\/secure.gravatar.com\/avatar\/6ef884b7fb1dab6e8672f19e68299568fe069dc761d88506e39bee8464c70e4a?s=96&d=mm&r=g","caption":"La Marina Bj"},"url":"https:\/\/lamarinabj.com\/index.php\/author\/la-marina-bj\/"}]}},"_links":{"self":[{"href":"https:\/\/lamarinabj.com\/index.php\/wp-json\/wp\/v2\/posts\/8278","targetHints":{"allow":["GET"]}}],"collection":[{"href":"https:\/\/lamarinabj.com\/index.php\/wp-json\/wp\/v2\/posts"}],"about":[{"href":"https:\/\/lamarinabj.com\/index.php\/wp-json\/wp\/v2\/types\/post"}],"author":[{"embeddable":true,"href":"https:\/\/lamarinabj.com\/index.php\/wp-json\/wp\/v2\/users\/7"}],"replies":[{"embeddable":true,"href":"https:\/\/lamarinabj.com\/index.php\/wp-json\/wp\/v2\/comments?post=8278"}],"version-history":[{"count":2,"href":"https:\/\/lamarinabj.com\/index.php\/wp-json\/wp\/v2\/posts\/8278\/revisions"}],"predecessor-version":[{"id":8281,"href":"https:\/\/lamarinabj.com\/index.php\/wp-json\/wp\/v2\/posts\/8278\/revisions\/8281"}],"wp:featuredmedia":[{"embeddable":true,"href":"https:\/\/lamarinabj.com\/index.php\/wp-json\/wp\/v2\/media\/8279"}],"wp:attachment":[{"href":"https:\/\/lamarinabj.com\/index.php\/wp-json\/wp\/v2\/media?parent=8278"}],"wp:term":[{"taxonomy":"category","embeddable":true,"href":"https:\/\/lamarinabj.com\/index.php\/wp-json\/wp\/v2\/categories?post=8278"},{"taxonomy":"post_tag","embeddable":true,"href":"https:\/\/lamarinabj.com\/index.php\/wp-json\/wp\/v2\/tags?post=8278"}],"curies":[{"name":"wp","href":"https:\/\/api.w.org\/{rel}","templated":true}]}}