{"id":8333,"date":"2024-09-27T12:40:14","date_gmt":"2024-09-27T11:40:14","guid":{"rendered":"https:\/\/lamarinabj.com\/?p=8333"},"modified":"2024-09-27T13:01:23","modified_gmt":"2024-09-27T12:01:23","slug":"joel-aivo-les-nouvelles-du-prisonnier-a-lesprit-vif","status":"publish","type":"post","link":"https:\/\/lamarinabj.com\/index.php\/2024\/09\/27\/joel-aivo-les-nouvelles-du-prisonnier-a-lesprit-vif\/","title":{"rendered":"Les derni\u00e8res nouvelles du professeur Jo\u00ebl A\u00efvo"},"content":{"rendered":"\n<p><strong><mark style=\"background-color:rgba(0, 0, 0, 0)\" class=\"has-inline-color has-red-color\">Justice, B\u00e9nin <\/mark><\/strong>&#8211;<strong><em>Ce vendredi (27-09-2024), dans une publication sur Facebook, l\u2019avocat de Jo\u00ebl A\u00efvo, Dr Stanic Adjacotan, est revenu sur sa r\u00e9cente visite au \u00ab prisonnier politique \u00bb. Son t\u00e9moignage offre un aper\u00e7u encourageant de l\u2019\u00e9tat d\u2019esprit du constitutionnaliste, malgr\u00e9 les \u00e9preuves de sa longue d\u00e9tention.<\/em><\/strong><\/p>\n\n\n\n<p>En d\u00e9pit des trois ann\u00e9es pass\u00e9es derri\u00e8re les barreaux, Jo\u00ebl A\u00efvo reste fid\u00e8le \u00e0 lui-m\u00eame, selon son avocat. \u00ab Comme \u00e0 chacune de mes visites, j&rsquo;ai retrouv\u00e9 un homme \u00e0 l&rsquo;esprit vif \u00bb, \u00e9crit Dr Adjacotan. Cette description, post\u00e9e ce vendredi, t\u00e9moigne de la capacit\u00e9 de l&rsquo;ancien candidat \u00e0 l\u2019\u00e9lection pr\u00e9sidentielle de 2021 \u00e0 maintenir sa lucidit\u00e9 et son acuit\u00e9 intellectuelle, malgr\u00e9 les difficult\u00e9s qu\u2019il traverse.<\/p>\n\n\n\n<p>Jo\u00ebl A\u00efvo, ancien professeur et mentor de nombreux juristes, reste attentif aux \u00e9volutions du droit constitutionnel, domaine dans lequel il s\u2019est illustr\u00e9. Il demeure \u00e9galement tr\u00e8s concern\u00e9 par la vie de ses proches, amis et anciens \u00e9tudiants, comme l\u2019a soulign\u00e9 son avocat dans ce message particuli\u00e8rement attendu par les nombreux soutiens du constitutionnaliste \u00e0 travers le monde.<\/p>\n\n\n\n<h3 id=\"une-rencontre-de-90-minutes-pleine-demotion\" class=\"wp-block-heading\"><mark style=\"background-color:rgba(0, 0, 0, 0)\" class=\"has-inline-color has-red-color\">Une rencontre de 90 minutes pleine d\u2019\u00e9motion<\/mark><\/h3>\n\n\n\n<p>Lors de cette rencontre de 90 minutes \u00e0 la prison de Cotonou, plusieurs sujets ont \u00e9t\u00e9 abord\u00e9s, dont sa condition de prisonnier, sa famille et ses projets futurs. Selon Dr Adjacotan, Jo\u00ebl A\u00efvo conserve un \u00e9tat de sant\u00e9 physique et mental satisfaisant, faisant preuve d\u2019un \u00ab courage admirable \u00bb et d\u2019une \u00ab lucidit\u00e9 rare en pareilles circonstances \u00bb. Ces \u00e9changes ont aussi permis d\u2019\u00e9voquer les perspectives d\u2019avenir du professeur, qui garde l\u2019espoir de retrouver bient\u00f4t sa libert\u00e9. Jo\u00ebl A\u00efvo aspire \u00e0 reprendre sa place aupr\u00e8s de ses proches et \u00e0 renouer avec sa carri\u00e8re universitaire, dont il a \u00e9t\u00e9 brutalement \u00e9loign\u00e9 depuis son arrestation en avril 2021.<\/p>\n\n\n\n<h3 id=\"une-priorite-inchangee-sa-liberation\" class=\"wp-block-heading\"><mark style=\"background-color:rgba(0, 0, 0, 0)\" class=\"has-inline-color has-red-color\">Une priorit\u00e9 inchang\u00e9e : sa lib\u00e9ration<\/mark><\/h3>\n\n\n\n<p>Dans son message, l\u2019avocat a r\u00e9affirm\u00e9 l\u2019objectif prioritaire depuis le 15 avril 2021, jour de son arrestation : la lib\u00e9ration de Jo\u00ebl A\u00efvo. \u00ab Notre priorit\u00e9 n\u2019a pas chang\u00e9 \u00bb, mart\u00e8le Dr Adjacotan. Il rappelle que l\u2019objectif reste de voir le professeur recouvrer sa libert\u00e9, retrouver ses amphith\u00e9\u00e2tres et regagner l\u2019ensemble de ses droits civiques.<\/p>\n\n\n\n<p>Accus\u00e9 de blanchiment de capitaux et de complot contre l\u2019autorit\u00e9 de l\u2019\u00c9tat, le constitutionnaliste a \u00e9t\u00e9 reconnu coupable et condamn\u00e9 \u00e0 dix ans de prison le mardi 7 d\u00e9cembre. Jo\u00ebl A\u00efvo est per\u00e7u par ses partisans comme une victime d\u2019un r\u00e8glement de comptes politique. Son emprisonnement, jug\u00e9 arbitraire par de nombreux observateurs, continue de soulever des vagues d\u2019indignation, tant au B\u00e9nin qu\u2019\u00e0 l\u2019international.<\/p>\n\n\n\n<hr class=\"wp-block-separator has-alpha-channel-opacity\"\/>\n\n\n\n<p><\/p>\n","protected":false},"excerpt":{"rendered":"Justice, B\u00e9nin &#8211;Ce vendredi (27-09-2024), dans une publication sur Facebook, l\u2019avocat de Jo\u00ebl A\u00efvo, Dr Stanic Adjacotan, est&hellip;\n","protected":false},"author":9,"featured_media":8334,"comment_status":"open","ping_status":"open","sticky":false,"template":"elementor_theme","format":"standard","meta":{"csco_singular_sidebar":"","csco_page_header_type":"standard","csco_appearance_masonry":"","csco_page_load_nextpost":"","csco_post_video_location":[],"csco_post_video_location_hash":"","csco_post_video_url":"","csco_post_video_bg_start_time":0,"csco_post_video_bg_end_time":0,"footnotes":""},"categories":[239],"tags":[41,411],"class_list":{"0":"post-8333","1":"post","2":"type-post","3":"status-publish","4":"format-standard","5":"has-post-thumbnail","7":"category-levenement-2","8":"tag-benin","9":"tag-joel-aivo","10":"cs-entry","11":"cs-video-wrap"},"yoast_head":"<!-- This site is optimized with the Yoast SEO plugin v27.4 - https:\/\/yoast.com\/product\/yoast-seo-wordpress\/ -->\n<title>Les derni\u00e8res nouvelles du professeur Jo\u00ebl A\u00efvo - LA MARINA BJ<\/title>\n<meta name=\"description\" content=\"D\u00e8s le d\u00e9but de son message, l\u2019avocat met en lumi\u00e8re la r\u00e9silience de Jo\u00ebl A\u00efvo, prisonnier politique, et son incroyable capacit\u00e9 \u00e0 rester lucide et attentif aux \u00e9v\u00e9nements ext\u00e9rieurs.\" \/>\n<meta name=\"robots\" content=\"index, follow, max-snippet:-1, max-image-preview:large, max-video-preview:-1\" \/>\n<link rel=\"canonical\" href=\"https:\/\/lamarinabj.com\/index.php\/2024\/09\/27\/joel-aivo-les-nouvelles-du-prisonnier-a-lesprit-vif\/\" \/>\n<meta property=\"og:locale\" content=\"fr_FR\" \/>\n<meta property=\"og:type\" content=\"article\" \/>\n<meta property=\"og:title\" content=\"Les derni\u00e8res nouvelles du professeur Jo\u00ebl A\u00efvo - LA MARINA BJ\" \/>\n<meta property=\"og:description\" content=\"D\u00e8s le d\u00e9but de son message, l\u2019avocat met en lumi\u00e8re la r\u00e9silience de Jo\u00ebl A\u00efvo, prisonnier politique, et son incroyable capacit\u00e9 \u00e0 rester lucide et attentif aux \u00e9v\u00e9nements ext\u00e9rieurs.\" \/>\n<meta property=\"og:url\" content=\"https:\/\/lamarinabj.com\/index.php\/2024\/09\/27\/joel-aivo-les-nouvelles-du-prisonnier-a-lesprit-vif\/\" \/>\n<meta property=\"og:site_name\" content=\"LA MARINA BJ\" \/>\n<meta property=\"article:published_time\" content=\"2024-09-27T11:40:14+00:00\" \/>\n<meta property=\"article:modified_time\" content=\"2024-09-27T12:01:23+00:00\" \/>\n<meta property=\"og:image\" content=\"https:\/\/lamarinabj.com\/wp-content\/uploads\/2024\/09\/IMG-20240913-WA0083-720x665-1.jpg\" \/>\n\t<meta property=\"og:image:width\" content=\"720\" \/>\n\t<meta property=\"og:image:height\" content=\"665\" \/>\n\t<meta property=\"og:image:type\" content=\"image\/jpeg\" \/>\n<meta name=\"author\" content=\"La Marina BJ - Team Politique &amp; Gouvernance\" \/>\n<meta name=\"twitter:card\" content=\"summary_large_image\" \/>\n<meta name=\"twitter:label1\" content=\"\u00c9crit par\" \/>\n\t<meta name=\"twitter:data1\" content=\"La Marina BJ - Team Politique &amp; Gouvernance\" \/>\n\t<meta name=\"twitter:label2\" content=\"Dur\u00e9e de lecture estim\u00e9e\" \/>\n\t<meta name=\"twitter:data2\" content=\"3 minutes\" \/>\n<script type=\"application\/ld+json\" class=\"yoast-schema-graph\">{\"@context\":\"https:\\\/\\\/schema.org\",\"@graph\":[{\"@type\":\"NewsArticle\",\"@id\":\"https:\\\/\\\/lamarinabj.com\\\/index.php\\\/2024\\\/09\\\/27\\\/joel-aivo-les-nouvelles-du-prisonnier-a-lesprit-vif\\\/#article\",\"isPartOf\":{\"@id\":\"https:\\\/\\\/lamarinabj.com\\\/index.php\\\/2024\\\/09\\\/27\\\/joel-aivo-les-nouvelles-du-prisonnier-a-lesprit-vif\\\/\"},\"author\":{\"name\":\"La Marina BJ - Team Politique &amp; Gouvernance\",\"@id\":\"https:\\\/\\\/lamarinabj.com\\\/#\\\/schema\\\/person\\\/402e6a9448a09031724da97f9dae67e8\"},\"headline\":\"Les derni\u00e8res nouvelles du professeur Jo\u00ebl A\u00efvo\",\"datePublished\":\"2024-09-27T11:40:14+00:00\",\"dateModified\":\"2024-09-27T12:01:23+00:00\",\"mainEntityOfPage\":{\"@id\":\"https:\\\/\\\/lamarinabj.com\\\/index.php\\\/2024\\\/09\\\/27\\\/joel-aivo-les-nouvelles-du-prisonnier-a-lesprit-vif\\\/\"},\"wordCount\":461,\"commentCount\":0,\"image\":{\"@id\":\"https:\\\/\\\/lamarinabj.com\\\/index.php\\\/2024\\\/09\\\/27\\\/joel-aivo-les-nouvelles-du-prisonnier-a-lesprit-vif\\\/#primaryimage\"},\"thumbnailUrl\":\"https:\\\/\\\/lamarinabj.com\\\/wp-content\\\/uploads\\\/2024\\\/09\\\/IMG-20240913-WA0083-720x665-1.jpg\",\"keywords\":[\"B\u00e9nin\",\"Jo\u00ebl Aivo\"],\"articleSection\":[\"L'\u00c9V\u00c9NEMENT\"],\"inLanguage\":\"fr-FR\",\"potentialAction\":[{\"@type\":\"CommentAction\",\"name\":\"Comment\",\"target\":[\"https:\\\/\\\/lamarinabj.com\\\/index.php\\\/2024\\\/09\\\/27\\\/joel-aivo-les-nouvelles-du-prisonnier-a-lesprit-vif\\\/#respond\"]}]},{\"@type\":[\"WebPage\",\"SearchResultsPage\"],\"@id\":\"https:\\\/\\\/lamarinabj.com\\\/index.php\\\/2024\\\/09\\\/27\\\/joel-aivo-les-nouvelles-du-prisonnier-a-lesprit-vif\\\/\",\"url\":\"https:\\\/\\\/lamarinabj.com\\\/index.php\\\/2024\\\/09\\\/27\\\/joel-aivo-les-nouvelles-du-prisonnier-a-lesprit-vif\\\/\",\"name\":\"Les derni\u00e8res nouvelles du professeur Jo\u00ebl A\u00efvo - LA MARINA BJ\",\"isPartOf\":{\"@id\":\"https:\\\/\\\/lamarinabj.com\\\/#website\"},\"primaryImageOfPage\":{\"@id\":\"https:\\\/\\\/lamarinabj.com\\\/index.php\\\/2024\\\/09\\\/27\\\/joel-aivo-les-nouvelles-du-prisonnier-a-lesprit-vif\\\/#primaryimage\"},\"image\":{\"@id\":\"https:\\\/\\\/lamarinabj.com\\\/index.php\\\/2024\\\/09\\\/27\\\/joel-aivo-les-nouvelles-du-prisonnier-a-lesprit-vif\\\/#primaryimage\"},\"thumbnailUrl\":\"https:\\\/\\\/lamarinabj.com\\\/wp-content\\\/uploads\\\/2024\\\/09\\\/IMG-20240913-WA0083-720x665-1.jpg\",\"datePublished\":\"2024-09-27T11:40:14+00:00\",\"dateModified\":\"2024-09-27T12:01:23+00:00\",\"author\":{\"@id\":\"https:\\\/\\\/lamarinabj.com\\\/#\\\/schema\\\/person\\\/402e6a9448a09031724da97f9dae67e8\"},\"description\":\"D\u00e8s le d\u00e9but de son message, l\u2019avocat met en lumi\u00e8re la r\u00e9silience de Jo\u00ebl A\u00efvo, prisonnier politique, et son incroyable capacit\u00e9 \u00e0 rester lucide et attentif aux \u00e9v\u00e9nements ext\u00e9rieurs.\",\"breadcrumb\":{\"@id\":\"https:\\\/\\\/lamarinabj.com\\\/index.php\\\/2024\\\/09\\\/27\\\/joel-aivo-les-nouvelles-du-prisonnier-a-lesprit-vif\\\/#breadcrumb\"},\"inLanguage\":\"fr-FR\",\"potentialAction\":[{\"@type\":\"ReadAction\",\"target\":[\"https:\\\/\\\/lamarinabj.com\\\/index.php\\\/2024\\\/09\\\/27\\\/joel-aivo-les-nouvelles-du-prisonnier-a-lesprit-vif\\\/\"]}]},{\"@type\":\"ImageObject\",\"inLanguage\":\"fr-FR\",\"@id\":\"https:\\\/\\\/lamarinabj.com\\\/index.php\\\/2024\\\/09\\\/27\\\/joel-aivo-les-nouvelles-du-prisonnier-a-lesprit-vif\\\/#primaryimage\",\"url\":\"https:\\\/\\\/lamarinabj.com\\\/wp-content\\\/uploads\\\/2024\\\/09\\\/IMG-20240913-WA0083-720x665-1.jpg\",\"contentUrl\":\"https:\\\/\\\/lamarinabj.com\\\/wp-content\\\/uploads\\\/2024\\\/09\\\/IMG-20240913-WA0083-720x665-1.jpg\",\"width\":720,\"height\":665},{\"@type\":\"BreadcrumbList\",\"@id\":\"https:\\\/\\\/lamarinabj.com\\\/index.php\\\/2024\\\/09\\\/27\\\/joel-aivo-les-nouvelles-du-prisonnier-a-lesprit-vif\\\/#breadcrumb\",\"itemListElement\":[{\"@type\":\"ListItem\",\"position\":1,\"name\":\"Accueil\",\"item\":\"https:\\\/\\\/lamarinabj.com\\\/\"},{\"@type\":\"ListItem\",\"position\":2,\"name\":\"Les derni\u00e8res nouvelles du professeur Jo\u00ebl A\u00efvo\"}]},{\"@type\":\"WebSite\",\"@id\":\"https:\\\/\\\/lamarinabj.com\\\/#website\",\"url\":\"https:\\\/\\\/lamarinabj.com\\\/\",\"name\":\"LA MARINA BJ\",\"description\":\"Votre portail vers l&#039;information strat\u00e9gique au B\u00e9nin, en Afrique et au-del\u00e0\",\"potentialAction\":[{\"@type\":\"SearchAction\",\"target\":{\"@type\":\"EntryPoint\",\"urlTemplate\":\"https:\\\/\\\/lamarinabj.com\\\/?s={search_term_string}\"},\"query-input\":{\"@type\":\"PropertyValueSpecification\",\"valueRequired\":true,\"valueName\":\"search_term_string\"}}],\"inLanguage\":\"fr-FR\"},{\"@type\":\"Person\",\"@id\":\"https:\\\/\\\/lamarinabj.com\\\/#\\\/schema\\\/person\\\/402e6a9448a09031724da97f9dae67e8\",\"name\":\"La Marina BJ - Team Politique &amp; Gouvernance\",\"image\":{\"@type\":\"ImageObject\",\"inLanguage\":\"fr-FR\",\"@id\":\"https:\\\/\\\/secure.gravatar.com\\\/avatar\\\/fd9545dd7863c2f40d7696b9bb5d085e4615baa276d5cd3e6a5a3bbc53bfae6e?s=96&d=mm&r=g\",\"url\":\"https:\\\/\\\/secure.gravatar.com\\\/avatar\\\/fd9545dd7863c2f40d7696b9bb5d085e4615baa276d5cd3e6a5a3bbc53bfae6e?s=96&d=mm&r=g\",\"contentUrl\":\"https:\\\/\\\/secure.gravatar.com\\\/avatar\\\/fd9545dd7863c2f40d7696b9bb5d085e4615baa276d5cd3e6a5a3bbc53bfae6e?s=96&d=mm&r=g\",\"caption\":\"La Marina BJ - Team Politique &amp; Gouvernance\"},\"description\":\"La Team Politique &amp; Gouvernance de La Marina BJ est au c\u0153ur de l\u2019analyse des enjeux politiques, institutionnels et de gouvernance au B\u00e9nin et en Afrique. Compos\u00e9e de journalistes sp\u00e9cialis\u00e9s en affaires publiques et en politique, cette \u00e9quipe s\u2019attache \u00e0 d\u00e9crypter les d\u00e9cisions politiques, \u00e0 suivre l\u2019\u00e9volution des r\u00e9formes institutionnelles, et \u00e0 analyser les dynamiques de pouvoir au sein des institutions nationales et internationales.\",\"url\":\"https:\\\/\\\/lamarinabj.com\\\/index.php\\\/author\\\/adimi\\\/\"}]}<\/script>\n<!-- \/ Yoast SEO plugin. -->","yoast_head_json":{"title":"Les derni\u00e8res nouvelles du professeur Jo\u00ebl A\u00efvo - LA MARINA BJ","description":"D\u00e8s le d\u00e9but de son message, l\u2019avocat met en lumi\u00e8re la r\u00e9silience de Jo\u00ebl A\u00efvo, prisonnier politique, et son incroyable capacit\u00e9 \u00e0 rester lucide et attentif aux \u00e9v\u00e9nements ext\u00e9rieurs.","robots":{"index":"index","follow":"follow","max-snippet":"max-snippet:-1","max-image-preview":"max-image-preview:large","max-video-preview":"max-video-preview:-1"},"canonical":"https:\/\/lamarinabj.com\/index.php\/2024\/09\/27\/joel-aivo-les-nouvelles-du-prisonnier-a-lesprit-vif\/","og_locale":"fr_FR","og_type":"article","og_title":"Les derni\u00e8res nouvelles du professeur Jo\u00ebl A\u00efvo - LA MARINA BJ","og_description":"D\u00e8s le d\u00e9but de son message, l\u2019avocat met en lumi\u00e8re la r\u00e9silience de Jo\u00ebl A\u00efvo, prisonnier politique, et son incroyable capacit\u00e9 \u00e0 rester lucide et attentif aux \u00e9v\u00e9nements ext\u00e9rieurs.","og_url":"https:\/\/lamarinabj.com\/index.php\/2024\/09\/27\/joel-aivo-les-nouvelles-du-prisonnier-a-lesprit-vif\/","og_site_name":"LA MARINA BJ","article_published_time":"2024-09-27T11:40:14+00:00","article_modified_time":"2024-09-27T12:01:23+00:00","og_image":[{"width":720,"height":665,"url":"https:\/\/lamarinabj.com\/wp-content\/uploads\/2024\/09\/IMG-20240913-WA0083-720x665-1.jpg","type":"image\/jpeg"}],"author":"La Marina BJ - Team Politique &amp; Gouvernance","twitter_card":"summary_large_image","twitter_misc":{"\u00c9crit par":"La Marina BJ - Team Politique &amp; Gouvernance","Dur\u00e9e de lecture estim\u00e9e":"3 minutes"},"schema":{"@context":"https:\/\/schema.org","@graph":[{"@type":"NewsArticle","@id":"https:\/\/lamarinabj.com\/index.php\/2024\/09\/27\/joel-aivo-les-nouvelles-du-prisonnier-a-lesprit-vif\/#article","isPartOf":{"@id":"https:\/\/lamarinabj.com\/index.php\/2024\/09\/27\/joel-aivo-les-nouvelles-du-prisonnier-a-lesprit-vif\/"},"author":{"name":"La Marina BJ - Team Politique &amp; Gouvernance","@id":"https:\/\/lamarinabj.com\/#\/schema\/person\/402e6a9448a09031724da97f9dae67e8"},"headline":"Les derni\u00e8res nouvelles du professeur Jo\u00ebl A\u00efvo","datePublished":"2024-09-27T11:40:14+00:00","dateModified":"2024-09-27T12:01:23+00:00","mainEntityOfPage":{"@id":"https:\/\/lamarinabj.com\/index.php\/2024\/09\/27\/joel-aivo-les-nouvelles-du-prisonnier-a-lesprit-vif\/"},"wordCount":461,"commentCount":0,"image":{"@id":"https:\/\/lamarinabj.com\/index.php\/2024\/09\/27\/joel-aivo-les-nouvelles-du-prisonnier-a-lesprit-vif\/#primaryimage"},"thumbnailUrl":"https:\/\/lamarinabj.com\/wp-content\/uploads\/2024\/09\/IMG-20240913-WA0083-720x665-1.jpg","keywords":["B\u00e9nin","Jo\u00ebl Aivo"],"articleSection":["L'\u00c9V\u00c9NEMENT"],"inLanguage":"fr-FR","potentialAction":[{"@type":"CommentAction","name":"Comment","target":["https:\/\/lamarinabj.com\/index.php\/2024\/09\/27\/joel-aivo-les-nouvelles-du-prisonnier-a-lesprit-vif\/#respond"]}]},{"@type":["WebPage","SearchResultsPage"],"@id":"https:\/\/lamarinabj.com\/index.php\/2024\/09\/27\/joel-aivo-les-nouvelles-du-prisonnier-a-lesprit-vif\/","url":"https:\/\/lamarinabj.com\/index.php\/2024\/09\/27\/joel-aivo-les-nouvelles-du-prisonnier-a-lesprit-vif\/","name":"Les derni\u00e8res nouvelles du professeur Jo\u00ebl A\u00efvo - LA MARINA BJ","isPartOf":{"@id":"https:\/\/lamarinabj.com\/#website"},"primaryImageOfPage":{"@id":"https:\/\/lamarinabj.com\/index.php\/2024\/09\/27\/joel-aivo-les-nouvelles-du-prisonnier-a-lesprit-vif\/#primaryimage"},"image":{"@id":"https:\/\/lamarinabj.com\/index.php\/2024\/09\/27\/joel-aivo-les-nouvelles-du-prisonnier-a-lesprit-vif\/#primaryimage"},"thumbnailUrl":"https:\/\/lamarinabj.com\/wp-content\/uploads\/2024\/09\/IMG-20240913-WA0083-720x665-1.jpg","datePublished":"2024-09-27T11:40:14+00:00","dateModified":"2024-09-27T12:01:23+00:00","author":{"@id":"https:\/\/lamarinabj.com\/#\/schema\/person\/402e6a9448a09031724da97f9dae67e8"},"description":"D\u00e8s le d\u00e9but de son message, l\u2019avocat met en lumi\u00e8re la r\u00e9silience de Jo\u00ebl A\u00efvo, prisonnier politique, et son incroyable capacit\u00e9 \u00e0 rester lucide et attentif aux \u00e9v\u00e9nements ext\u00e9rieurs.","breadcrumb":{"@id":"https:\/\/lamarinabj.com\/index.php\/2024\/09\/27\/joel-aivo-les-nouvelles-du-prisonnier-a-lesprit-vif\/#breadcrumb"},"inLanguage":"fr-FR","potentialAction":[{"@type":"ReadAction","target":["https:\/\/lamarinabj.com\/index.php\/2024\/09\/27\/joel-aivo-les-nouvelles-du-prisonnier-a-lesprit-vif\/"]}]},{"@type":"ImageObject","inLanguage":"fr-FR","@id":"https:\/\/lamarinabj.com\/index.php\/2024\/09\/27\/joel-aivo-les-nouvelles-du-prisonnier-a-lesprit-vif\/#primaryimage","url":"https:\/\/lamarinabj.com\/wp-content\/uploads\/2024\/09\/IMG-20240913-WA0083-720x665-1.jpg","contentUrl":"https:\/\/lamarinabj.com\/wp-content\/uploads\/2024\/09\/IMG-20240913-WA0083-720x665-1.jpg","width":720,"height":665},{"@type":"BreadcrumbList","@id":"https:\/\/lamarinabj.com\/index.php\/2024\/09\/27\/joel-aivo-les-nouvelles-du-prisonnier-a-lesprit-vif\/#breadcrumb","itemListElement":[{"@type":"ListItem","position":1,"name":"Accueil","item":"https:\/\/lamarinabj.com\/"},{"@type":"ListItem","position":2,"name":"Les derni\u00e8res nouvelles du professeur Jo\u00ebl A\u00efvo"}]},{"@type":"WebSite","@id":"https:\/\/lamarinabj.com\/#website","url":"https:\/\/lamarinabj.com\/","name":"LA MARINA BJ","description":"Votre portail vers l&#039;information strat\u00e9gique au B\u00e9nin, en Afrique et au-del\u00e0","potentialAction":[{"@type":"SearchAction","target":{"@type":"EntryPoint","urlTemplate":"https:\/\/lamarinabj.com\/?s={search_term_string}"},"query-input":{"@type":"PropertyValueSpecification","valueRequired":true,"valueName":"search_term_string"}}],"inLanguage":"fr-FR"},{"@type":"Person","@id":"https:\/\/lamarinabj.com\/#\/schema\/person\/402e6a9448a09031724da97f9dae67e8","name":"La Marina BJ - Team Politique &amp; Gouvernance","image":{"@type":"ImageObject","inLanguage":"fr-FR","@id":"https:\/\/secure.gravatar.com\/avatar\/fd9545dd7863c2f40d7696b9bb5d085e4615baa276d5cd3e6a5a3bbc53bfae6e?s=96&d=mm&r=g","url":"https:\/\/secure.gravatar.com\/avatar\/fd9545dd7863c2f40d7696b9bb5d085e4615baa276d5cd3e6a5a3bbc53bfae6e?s=96&d=mm&r=g","contentUrl":"https:\/\/secure.gravatar.com\/avatar\/fd9545dd7863c2f40d7696b9bb5d085e4615baa276d5cd3e6a5a3bbc53bfae6e?s=96&d=mm&r=g","caption":"La Marina BJ - Team Politique &amp; Gouvernance"},"description":"La Team Politique &amp; Gouvernance de La Marina BJ est au c\u0153ur de l\u2019analyse des enjeux politiques, institutionnels et de gouvernance au B\u00e9nin et en Afrique. Compos\u00e9e de journalistes sp\u00e9cialis\u00e9s en affaires publiques et en politique, cette \u00e9quipe s\u2019attache \u00e0 d\u00e9crypter les d\u00e9cisions politiques, \u00e0 suivre l\u2019\u00e9volution des r\u00e9formes institutionnelles, et \u00e0 analyser les dynamiques de pouvoir au sein des institutions nationales et internationales.","url":"https:\/\/lamarinabj.com\/index.php\/author\/adimi\/"}]}},"_links":{"self":[{"href":"https:\/\/lamarinabj.com\/index.php\/wp-json\/wp\/v2\/posts\/8333","targetHints":{"allow":["GET"]}}],"collection":[{"href":"https:\/\/lamarinabj.com\/index.php\/wp-json\/wp\/v2\/posts"}],"about":[{"href":"https:\/\/lamarinabj.com\/index.php\/wp-json\/wp\/v2\/types\/post"}],"author":[{"embeddable":true,"href":"https:\/\/lamarinabj.com\/index.php\/wp-json\/wp\/v2\/users\/9"}],"replies":[{"embeddable":true,"href":"https:\/\/lamarinabj.com\/index.php\/wp-json\/wp\/v2\/comments?post=8333"}],"version-history":[{"count":4,"href":"https:\/\/lamarinabj.com\/index.php\/wp-json\/wp\/v2\/posts\/8333\/revisions"}],"predecessor-version":[{"id":8339,"href":"https:\/\/lamarinabj.com\/index.php\/wp-json\/wp\/v2\/posts\/8333\/revisions\/8339"}],"wp:featuredmedia":[{"embeddable":true,"href":"https:\/\/lamarinabj.com\/index.php\/wp-json\/wp\/v2\/media\/8334"}],"wp:attachment":[{"href":"https:\/\/lamarinabj.com\/index.php\/wp-json\/wp\/v2\/media?parent=8333"}],"wp:term":[{"taxonomy":"category","embeddable":true,"href":"https:\/\/lamarinabj.com\/index.php\/wp-json\/wp\/v2\/categories?post=8333"},{"taxonomy":"post_tag","embeddable":true,"href":"https:\/\/lamarinabj.com\/index.php\/wp-json\/wp\/v2\/tags?post=8333"}],"curies":[{"name":"wp","href":"https:\/\/api.w.org\/{rel}","templated":true}]}}