{"id":8352,"date":"2024-09-30T12:23:10","date_gmt":"2024-09-30T11:23:10","guid":{"rendered":"https:\/\/lamarinabj.com\/?p=8352"},"modified":"2024-09-30T12:23:11","modified_gmt":"2024-09-30T11:23:11","slug":"une-nouvelle-dynamique-pour-la-relance-economique-locale","status":"publish","type":"post","link":"https:\/\/lamarinabj.com\/index.php\/2024\/09\/30\/une-nouvelle-dynamique-pour-la-relance-economique-locale\/","title":{"rendered":"Une nouvelle dynamique pour la relance \u00e9conomique locale"},"content":{"rendered":"\n<p><strong><mark style=\"background-color:rgba(0, 0, 0, 0)\" class=\"has-inline-color has-red-color\">D\u00e9veloppement, B\u00e9nin<\/mark><\/strong> &#8211; <strong><em>Le minist\u00e8re du D\u00e9veloppement et de la Coordination Gouvernementale a r\u00e9cemment organis\u00e9 un atelier d\u2019appui technique \u00e0 l\u2019intention des cadres des mairies des d\u00e9partements de l\u2019Atlantique et du Littoral. Cet \u00e9v\u00e9nement avait pour objectif d\u2019accompagner les acteurs locaux dans la construction de strat\u00e9gies efficaces pour attirer des financements et relancer l\u2019\u00e9conomie locale. <\/em><\/strong><\/p>\n\n\n\n<p>La formation a permis de pr\u00e9senter des m\u00e9thodes concr\u00e8tes et applicables pour favoriser la croissance des territoires, en tenant compte des sp\u00e9cificit\u00e9s locales.<\/p>\n\n\n\n<h3 id=\"structurer-les-projets-pour-renforcer-leconomie\" class=\"wp-block-heading\"><mark style=\"background-color:rgba(0, 0, 0, 0)\" class=\"has-inline-color has-red-color\">Structurer les projets pour renforcer l\u2019\u00e9conomie<\/mark><\/h3>\n\n\n\n<p>L\u2019atelier a permis aux cadres municipaux de comprendre l\u2019importance de transformer leurs communes en moteurs de d\u00e9veloppement \u00e9conomique. En renfor\u00e7ant la gestion des ressources locales, ils peuvent imm\u00e9diatement am\u00e9liorer l\u2019attractivit\u00e9 de leurs communes pour les investisseurs. Par ailleurs, cette formation \u00e0 la relance \u00e9conomique locale leur a permis d\u2019acqu\u00e9rir des comp\u00e9tences pour mieux structurer leurs projets de d\u00e9veloppement, en s\u2019adaptant aux r\u00e9alit\u00e9s locales.<\/p>\n\n\n\n<p>Le renforcement de la coop\u00e9ration entre les diff\u00e9rents acteurs locaux et la gestion efficace du territoire ont \u00e9t\u00e9 soulign\u00e9s comme des \u00e9l\u00e9ments essentiels pour favoriser la relance de l\u2019\u00e9conomie locale. Ces facteurs encouragent une approche collective qui peut attirer des partenaires externes et renforcer le tissu \u00e9conomique local.<\/p>\n\n\n\n<h3 id=\"les-etapes-essentielles-pour-attirer-les-financements\" class=\"wp-block-heading\"><mark style=\"background-color:rgba(0, 0, 0, 0)\" class=\"has-inline-color has-red-color\">Les \u00e9tapes essentielles pour attirer les financements<\/mark><\/h3>\n\n\n\n<p>Durant la formation, les participants ont d\u00e9couvert une m\u00e9thode en huit \u00e9tapes con\u00e7ue pour maximiser leurs chances d\u2019obtenir des financements. Ces \u00e9tapes incluent l\u2019\u00e9valuation des besoins locaux, la cr\u00e9ation de plans d\u00e9taill\u00e9s, ainsi que l\u2019\u00e9tude des crit\u00e8res d\u2019\u00e9ligibilit\u00e9 pour garantir le succ\u00e8s des demandes. Ils ont \u00e9galement appris \u00e0 g\u00e9rer les fonds de mani\u00e8re rigoureuse, \u00e0 \u00e9valuer continuellement les projets, et \u00e0 \u00e9tablir des partenariats strat\u00e9giques. En dernier lieu, l\u2019atelier a soulign\u00e9 l\u2019importance de la communication avec les parties prenantes et de l\u2019\u00e9laboration d\u2019un plan financier solide.<\/p>\n\n\n\n<p>Gr\u00e2ce \u00e0 cette approche bien d\u00e9finie, les communes disposent d\u00e9sormais d\u2019un cadre clair pour mener leur recherche de financements tout en assurant une gestion responsable et transparente des ressources.<\/p>\n\n\n\n<p>L\u2019atelier a \u00e9galement soulign\u00e9 que la valorisation des ressources locales constitue un levier essentiel pour attirer les investisseurs. Chaque commune a pr\u00e9sent\u00e9 ses atouts, qu\u2019ils soient naturels, culturels ou \u00e9conomiques, \u00e0 travers des supports visuels adapt\u00e9s. En valorisant ces ressources, les communes ne se contentent pas seulement d\u2019attirer des financements, elles renforcent aussi leur identit\u00e9 locale. Cela permet ainsi d&rsquo;accro\u00eetre l\u2019attractivit\u00e9 des territoires pour les investisseurs et de cr\u00e9er des p\u00f4les de d\u00e9veloppement \u00e9conomique qui garantissent la durabilit\u00e9 des projets.<\/p>\n\n\n\n<h3 id=\"cooperation-pour-un-developpement-commun\" class=\"wp-block-heading\"><mark style=\"background-color:rgba(0, 0, 0, 0)\" class=\"has-inline-color has-red-color\">Coop\u00e9ration pour un d\u00e9veloppement commun<\/mark><\/h3>\n\n\n\n<p>Les \u00e9changes qui ont eu lieu durant l\u2019atelier ont r\u00e9v\u00e9l\u00e9 que la coop\u00e9ration entre acteurs locaux demeure un d\u00e9fi dans de nombreuses communes. L\u2019atelier a encourag\u00e9 un dialogue plus soutenu entre les autorit\u00e9s municipales, les entreprises et la soci\u00e9t\u00e9 civile. Une meilleure collaboration facilitera la r\u00e9alisation des projets et garantira une plus grande efficacit\u00e9 dans l\u2019atteinte des objectifs \u00e9conomiques.<\/p>\n\n\n\n<p>Le d\u00e9veloppement de projets locaux coh\u00e9rents, adapt\u00e9s aux r\u00e9alit\u00e9s du terrain, s&rsquo;est ainsi impos\u00e9 comme une m\u00e9thode efficace pour attirer les financements n\u00e9cessaires. Ces projets permettront de r\u00e9pondre aux attentes des habitants tout en cr\u00e9ant un cadre propice \u00e0 l\u2019essor \u00e9conomique.<\/p>\n\n\n\n<p>Les cadres municipaux repartent de cet atelier mieux pr\u00e9par\u00e9s \u00e0 affronter les d\u00e9fis de leurs territoires, en mobilisant les ressources disponibles et en mettant en avant les richesses locales. Une dynamique de relance est d\u00e9sormais enclench\u00e9e, avec des perspectives d\u2019am\u00e9lioration pour les ann\u00e9es \u00e0 venir.<\/p>\n\n\n\n<p><strong><mark style=\"background-color:rgba(0, 0, 0, 0)\" class=\"has-inline-color has-red-color\">Propos\u00e9 par MN (Collaborateur ext\u00e9rieur)<\/mark><\/strong><\/p>\n","protected":false},"excerpt":{"rendered":"D\u00e9veloppement, B\u00e9nin &#8211; Le minist\u00e8re du D\u00e9veloppement et de la Coordination Gouvernementale a r\u00e9cemment organis\u00e9 un atelier d\u2019appui&hellip;\n","protected":false},"author":10,"featured_media":7250,"comment_status":"open","ping_status":"open","sticky":false,"template":"elementor_theme","format":"standard","meta":{"csco_singular_sidebar":"","csco_page_header_type":"standard","csco_appearance_masonry":"","csco_page_load_nextpost":"","csco_post_video_location":[],"csco_post_video_location_hash":"","csco_post_video_url":"","csco_post_video_bg_start_time":0,"csco_post_video_bg_end_time":0,"footnotes":""},"categories":[239],"tags":[940,41,941],"class_list":{"0":"post-8352","1":"post","2":"type-post","3":"status-publish","4":"format-standard","5":"has-post-thumbnail","7":"category-levenement-2","8":"tag-atlantique","9":"tag-benin","10":"tag-littoral","11":"cs-entry","12":"cs-video-wrap"},"yoast_head":"<!-- This site is optimized with the Yoast SEO plugin v27.4 - https:\/\/yoast.com\/product\/yoast-seo-wordpress\/ -->\n<title>Une nouvelle dynamique pour la relance \u00e9conomique locale - LA MARINA BJ<\/title>\n<meta name=\"description\" content=\"La formation a permis de pr\u00e9senter des m\u00e9thodes concr\u00e8tes et applicables pour favoriser la croissance des territoires, en tenant compte des sp\u00e9cificit\u00e9s locales.\" \/>\n<meta name=\"robots\" content=\"index, follow, max-snippet:-1, max-image-preview:large, max-video-preview:-1\" \/>\n<link rel=\"canonical\" href=\"https:\/\/lamarinabj.com\/index.php\/2024\/09\/30\/une-nouvelle-dynamique-pour-la-relance-economique-locale\/\" \/>\n<meta property=\"og:locale\" content=\"fr_FR\" \/>\n<meta property=\"og:type\" content=\"article\" \/>\n<meta property=\"og:title\" content=\"Une nouvelle dynamique pour la relance \u00e9conomique locale - LA MARINA BJ\" \/>\n<meta property=\"og:description\" content=\"La formation a permis de pr\u00e9senter des m\u00e9thodes concr\u00e8tes et applicables pour favoriser la croissance des territoires, en tenant compte des sp\u00e9cificit\u00e9s locales.\" \/>\n<meta property=\"og:url\" content=\"https:\/\/lamarinabj.com\/index.php\/2024\/09\/30\/une-nouvelle-dynamique-pour-la-relance-economique-locale\/\" \/>\n<meta property=\"og:site_name\" content=\"LA MARINA BJ\" \/>\n<meta property=\"article:published_time\" content=\"2024-09-30T11:23:10+00:00\" \/>\n<meta property=\"article:modified_time\" content=\"2024-09-30T11:23:11+00:00\" \/>\n<meta property=\"og:image\" content=\"https:\/\/lamarinabj.com\/wp-content\/uploads\/2024\/08\/SAVE_20240731_102802-scaled.jpg\" \/>\n\t<meta property=\"og:image:width\" content=\"2560\" \/>\n\t<meta property=\"og:image:height\" content=\"1344\" \/>\n\t<meta property=\"og:image:type\" content=\"image\/jpeg\" \/>\n<meta name=\"author\" content=\"La Marina BJ - Team Rapports &amp; Insights\" \/>\n<meta name=\"twitter:card\" content=\"summary_large_image\" \/>\n<meta name=\"twitter:label1\" content=\"\u00c9crit par\" \/>\n\t<meta name=\"twitter:data1\" content=\"La Marina BJ - Team Rapports &amp; Insights\" \/>\n\t<meta name=\"twitter:label2\" content=\"Dur\u00e9e de lecture estim\u00e9e\" \/>\n\t<meta name=\"twitter:data2\" content=\"4 minutes\" \/>\n<script type=\"application\/ld+json\" class=\"yoast-schema-graph\">{\"@context\":\"https:\\\/\\\/schema.org\",\"@graph\":[{\"@type\":\"NewsArticle\",\"@id\":\"https:\\\/\\\/lamarinabj.com\\\/index.php\\\/2024\\\/09\\\/30\\\/une-nouvelle-dynamique-pour-la-relance-economique-locale\\\/#article\",\"isPartOf\":{\"@id\":\"https:\\\/\\\/lamarinabj.com\\\/index.php\\\/2024\\\/09\\\/30\\\/une-nouvelle-dynamique-pour-la-relance-economique-locale\\\/\"},\"author\":{\"name\":\"La Marina BJ - Team Rapports &amp; Insights\",\"@id\":\"https:\\\/\\\/lamarinabj.com\\\/#\\\/schema\\\/person\\\/57a2768eedff6f88c693baf7a8200a4b\"},\"headline\":\"Une nouvelle dynamique pour la relance \u00e9conomique locale\",\"datePublished\":\"2024-09-30T11:23:10+00:00\",\"dateModified\":\"2024-09-30T11:23:11+00:00\",\"mainEntityOfPage\":{\"@id\":\"https:\\\/\\\/lamarinabj.com\\\/index.php\\\/2024\\\/09\\\/30\\\/une-nouvelle-dynamique-pour-la-relance-economique-locale\\\/\"},\"wordCount\":655,\"commentCount\":0,\"image\":{\"@id\":\"https:\\\/\\\/lamarinabj.com\\\/index.php\\\/2024\\\/09\\\/30\\\/une-nouvelle-dynamique-pour-la-relance-economique-locale\\\/#primaryimage\"},\"thumbnailUrl\":\"https:\\\/\\\/lamarinabj.com\\\/wp-content\\\/uploads\\\/2024\\\/08\\\/SAVE_20240731_102802-scaled.jpg\",\"keywords\":[\"Atlantique\",\"B\u00e9nin\",\"Littoral\"],\"articleSection\":[\"L'\u00c9V\u00c9NEMENT\"],\"inLanguage\":\"fr-FR\",\"potentialAction\":[{\"@type\":\"CommentAction\",\"name\":\"Comment\",\"target\":[\"https:\\\/\\\/lamarinabj.com\\\/index.php\\\/2024\\\/09\\\/30\\\/une-nouvelle-dynamique-pour-la-relance-economique-locale\\\/#respond\"]}]},{\"@type\":[\"WebPage\",\"SearchResultsPage\"],\"@id\":\"https:\\\/\\\/lamarinabj.com\\\/index.php\\\/2024\\\/09\\\/30\\\/une-nouvelle-dynamique-pour-la-relance-economique-locale\\\/\",\"url\":\"https:\\\/\\\/lamarinabj.com\\\/index.php\\\/2024\\\/09\\\/30\\\/une-nouvelle-dynamique-pour-la-relance-economique-locale\\\/\",\"name\":\"Une nouvelle dynamique pour la relance \u00e9conomique locale - LA MARINA BJ\",\"isPartOf\":{\"@id\":\"https:\\\/\\\/lamarinabj.com\\\/#website\"},\"primaryImageOfPage\":{\"@id\":\"https:\\\/\\\/lamarinabj.com\\\/index.php\\\/2024\\\/09\\\/30\\\/une-nouvelle-dynamique-pour-la-relance-economique-locale\\\/#primaryimage\"},\"image\":{\"@id\":\"https:\\\/\\\/lamarinabj.com\\\/index.php\\\/2024\\\/09\\\/30\\\/une-nouvelle-dynamique-pour-la-relance-economique-locale\\\/#primaryimage\"},\"thumbnailUrl\":\"https:\\\/\\\/lamarinabj.com\\\/wp-content\\\/uploads\\\/2024\\\/08\\\/SAVE_20240731_102802-scaled.jpg\",\"datePublished\":\"2024-09-30T11:23:10+00:00\",\"dateModified\":\"2024-09-30T11:23:11+00:00\",\"author\":{\"@id\":\"https:\\\/\\\/lamarinabj.com\\\/#\\\/schema\\\/person\\\/57a2768eedff6f88c693baf7a8200a4b\"},\"description\":\"La formation a permis de pr\u00e9senter des m\u00e9thodes concr\u00e8tes et applicables pour favoriser la croissance des territoires, en tenant compte des sp\u00e9cificit\u00e9s locales.\",\"breadcrumb\":{\"@id\":\"https:\\\/\\\/lamarinabj.com\\\/index.php\\\/2024\\\/09\\\/30\\\/une-nouvelle-dynamique-pour-la-relance-economique-locale\\\/#breadcrumb\"},\"inLanguage\":\"fr-FR\",\"potentialAction\":[{\"@type\":\"ReadAction\",\"target\":[\"https:\\\/\\\/lamarinabj.com\\\/index.php\\\/2024\\\/09\\\/30\\\/une-nouvelle-dynamique-pour-la-relance-economique-locale\\\/\"]}]},{\"@type\":\"ImageObject\",\"inLanguage\":\"fr-FR\",\"@id\":\"https:\\\/\\\/lamarinabj.com\\\/index.php\\\/2024\\\/09\\\/30\\\/une-nouvelle-dynamique-pour-la-relance-economique-locale\\\/#primaryimage\",\"url\":\"https:\\\/\\\/lamarinabj.com\\\/wp-content\\\/uploads\\\/2024\\\/08\\\/SAVE_20240731_102802-scaled.jpg\",\"contentUrl\":\"https:\\\/\\\/lamarinabj.com\\\/wp-content\\\/uploads\\\/2024\\\/08\\\/SAVE_20240731_102802-scaled.jpg\",\"width\":2560,\"height\":1344},{\"@type\":\"BreadcrumbList\",\"@id\":\"https:\\\/\\\/lamarinabj.com\\\/index.php\\\/2024\\\/09\\\/30\\\/une-nouvelle-dynamique-pour-la-relance-economique-locale\\\/#breadcrumb\",\"itemListElement\":[{\"@type\":\"ListItem\",\"position\":1,\"name\":\"Accueil\",\"item\":\"https:\\\/\\\/lamarinabj.com\\\/\"},{\"@type\":\"ListItem\",\"position\":2,\"name\":\"Une nouvelle dynamique pour la relance \u00e9conomique locale\"}]},{\"@type\":\"WebSite\",\"@id\":\"https:\\\/\\\/lamarinabj.com\\\/#website\",\"url\":\"https:\\\/\\\/lamarinabj.com\\\/\",\"name\":\"LA MARINA BJ\",\"description\":\"Votre portail vers l&#039;information strat\u00e9gique au B\u00e9nin, en Afrique et au-del\u00e0\",\"potentialAction\":[{\"@type\":\"SearchAction\",\"target\":{\"@type\":\"EntryPoint\",\"urlTemplate\":\"https:\\\/\\\/lamarinabj.com\\\/?s={search_term_string}\"},\"query-input\":{\"@type\":\"PropertyValueSpecification\",\"valueRequired\":true,\"valueName\":\"search_term_string\"}}],\"inLanguage\":\"fr-FR\"},{\"@type\":\"Person\",\"@id\":\"https:\\\/\\\/lamarinabj.com\\\/#\\\/schema\\\/person\\\/57a2768eedff6f88c693baf7a8200a4b\",\"name\":\"La Marina BJ - Team Rapports &amp; Insights\",\"image\":{\"@type\":\"ImageObject\",\"inLanguage\":\"fr-FR\",\"@id\":\"https:\\\/\\\/secure.gravatar.com\\\/avatar\\\/7f629cae83d766ca42b18d3caba2afb53eb3427171bdefc6894ad966f50d8340?s=96&d=mm&r=g\",\"url\":\"https:\\\/\\\/secure.gravatar.com\\\/avatar\\\/7f629cae83d766ca42b18d3caba2afb53eb3427171bdefc6894ad966f50d8340?s=96&d=mm&r=g\",\"contentUrl\":\"https:\\\/\\\/secure.gravatar.com\\\/avatar\\\/7f629cae83d766ca42b18d3caba2afb53eb3427171bdefc6894ad966f50d8340?s=96&d=mm&r=g\",\"caption\":\"La Marina BJ - Team Rapports &amp; Insights\"},\"description\":\"La Team Rapports &amp; Insights de La Marina BJ est d\u00e9di\u00e9e \u00e0 la production, \u00e0 l\u2019analyse et \u00e0 la diffusion des \u00e9tudes, rapports, statistiques et autres qui fa\u00e7onnent la compr\u00e9hension des enjeux \u00e9conomiques, sociaux, politiques etc.\",\"url\":\"https:\\\/\\\/lamarinabj.com\\\/index.php\\\/author\\\/collaboration\\\/\"}]}<\/script>\n<!-- \/ Yoast SEO plugin. -->","yoast_head_json":{"title":"Une nouvelle dynamique pour la relance \u00e9conomique locale - LA MARINA BJ","description":"La formation a permis de pr\u00e9senter des m\u00e9thodes concr\u00e8tes et applicables pour favoriser la croissance des territoires, en tenant compte des sp\u00e9cificit\u00e9s locales.","robots":{"index":"index","follow":"follow","max-snippet":"max-snippet:-1","max-image-preview":"max-image-preview:large","max-video-preview":"max-video-preview:-1"},"canonical":"https:\/\/lamarinabj.com\/index.php\/2024\/09\/30\/une-nouvelle-dynamique-pour-la-relance-economique-locale\/","og_locale":"fr_FR","og_type":"article","og_title":"Une nouvelle dynamique pour la relance \u00e9conomique locale - LA MARINA BJ","og_description":"La formation a permis de pr\u00e9senter des m\u00e9thodes concr\u00e8tes et applicables pour favoriser la croissance des territoires, en tenant compte des sp\u00e9cificit\u00e9s locales.","og_url":"https:\/\/lamarinabj.com\/index.php\/2024\/09\/30\/une-nouvelle-dynamique-pour-la-relance-economique-locale\/","og_site_name":"LA MARINA BJ","article_published_time":"2024-09-30T11:23:10+00:00","article_modified_time":"2024-09-30T11:23:11+00:00","og_image":[{"width":2560,"height":1344,"url":"https:\/\/lamarinabj.com\/wp-content\/uploads\/2024\/08\/SAVE_20240731_102802-scaled.jpg","type":"image\/jpeg"}],"author":"La Marina BJ - Team Rapports &amp; Insights","twitter_card":"summary_large_image","twitter_misc":{"\u00c9crit par":"La Marina BJ - Team Rapports &amp; Insights","Dur\u00e9e de lecture estim\u00e9e":"4 minutes"},"schema":{"@context":"https:\/\/schema.org","@graph":[{"@type":"NewsArticle","@id":"https:\/\/lamarinabj.com\/index.php\/2024\/09\/30\/une-nouvelle-dynamique-pour-la-relance-economique-locale\/#article","isPartOf":{"@id":"https:\/\/lamarinabj.com\/index.php\/2024\/09\/30\/une-nouvelle-dynamique-pour-la-relance-economique-locale\/"},"author":{"name":"La Marina BJ - Team Rapports &amp; Insights","@id":"https:\/\/lamarinabj.com\/#\/schema\/person\/57a2768eedff6f88c693baf7a8200a4b"},"headline":"Une nouvelle dynamique pour la relance \u00e9conomique locale","datePublished":"2024-09-30T11:23:10+00:00","dateModified":"2024-09-30T11:23:11+00:00","mainEntityOfPage":{"@id":"https:\/\/lamarinabj.com\/index.php\/2024\/09\/30\/une-nouvelle-dynamique-pour-la-relance-economique-locale\/"},"wordCount":655,"commentCount":0,"image":{"@id":"https:\/\/lamarinabj.com\/index.php\/2024\/09\/30\/une-nouvelle-dynamique-pour-la-relance-economique-locale\/#primaryimage"},"thumbnailUrl":"https:\/\/lamarinabj.com\/wp-content\/uploads\/2024\/08\/SAVE_20240731_102802-scaled.jpg","keywords":["Atlantique","B\u00e9nin","Littoral"],"articleSection":["L'\u00c9V\u00c9NEMENT"],"inLanguage":"fr-FR","potentialAction":[{"@type":"CommentAction","name":"Comment","target":["https:\/\/lamarinabj.com\/index.php\/2024\/09\/30\/une-nouvelle-dynamique-pour-la-relance-economique-locale\/#respond"]}]},{"@type":["WebPage","SearchResultsPage"],"@id":"https:\/\/lamarinabj.com\/index.php\/2024\/09\/30\/une-nouvelle-dynamique-pour-la-relance-economique-locale\/","url":"https:\/\/lamarinabj.com\/index.php\/2024\/09\/30\/une-nouvelle-dynamique-pour-la-relance-economique-locale\/","name":"Une nouvelle dynamique pour la relance \u00e9conomique locale - LA MARINA BJ","isPartOf":{"@id":"https:\/\/lamarinabj.com\/#website"},"primaryImageOfPage":{"@id":"https:\/\/lamarinabj.com\/index.php\/2024\/09\/30\/une-nouvelle-dynamique-pour-la-relance-economique-locale\/#primaryimage"},"image":{"@id":"https:\/\/lamarinabj.com\/index.php\/2024\/09\/30\/une-nouvelle-dynamique-pour-la-relance-economique-locale\/#primaryimage"},"thumbnailUrl":"https:\/\/lamarinabj.com\/wp-content\/uploads\/2024\/08\/SAVE_20240731_102802-scaled.jpg","datePublished":"2024-09-30T11:23:10+00:00","dateModified":"2024-09-30T11:23:11+00:00","author":{"@id":"https:\/\/lamarinabj.com\/#\/schema\/person\/57a2768eedff6f88c693baf7a8200a4b"},"description":"La formation a permis de pr\u00e9senter des m\u00e9thodes concr\u00e8tes et applicables pour favoriser la croissance des territoires, en tenant compte des sp\u00e9cificit\u00e9s locales.","breadcrumb":{"@id":"https:\/\/lamarinabj.com\/index.php\/2024\/09\/30\/une-nouvelle-dynamique-pour-la-relance-economique-locale\/#breadcrumb"},"inLanguage":"fr-FR","potentialAction":[{"@type":"ReadAction","target":["https:\/\/lamarinabj.com\/index.php\/2024\/09\/30\/une-nouvelle-dynamique-pour-la-relance-economique-locale\/"]}]},{"@type":"ImageObject","inLanguage":"fr-FR","@id":"https:\/\/lamarinabj.com\/index.php\/2024\/09\/30\/une-nouvelle-dynamique-pour-la-relance-economique-locale\/#primaryimage","url":"https:\/\/lamarinabj.com\/wp-content\/uploads\/2024\/08\/SAVE_20240731_102802-scaled.jpg","contentUrl":"https:\/\/lamarinabj.com\/wp-content\/uploads\/2024\/08\/SAVE_20240731_102802-scaled.jpg","width":2560,"height":1344},{"@type":"BreadcrumbList","@id":"https:\/\/lamarinabj.com\/index.php\/2024\/09\/30\/une-nouvelle-dynamique-pour-la-relance-economique-locale\/#breadcrumb","itemListElement":[{"@type":"ListItem","position":1,"name":"Accueil","item":"https:\/\/lamarinabj.com\/"},{"@type":"ListItem","position":2,"name":"Une nouvelle dynamique pour la relance \u00e9conomique locale"}]},{"@type":"WebSite","@id":"https:\/\/lamarinabj.com\/#website","url":"https:\/\/lamarinabj.com\/","name":"LA MARINA BJ","description":"Votre portail vers l&#039;information strat\u00e9gique au B\u00e9nin, en Afrique et au-del\u00e0","potentialAction":[{"@type":"SearchAction","target":{"@type":"EntryPoint","urlTemplate":"https:\/\/lamarinabj.com\/?s={search_term_string}"},"query-input":{"@type":"PropertyValueSpecification","valueRequired":true,"valueName":"search_term_string"}}],"inLanguage":"fr-FR"},{"@type":"Person","@id":"https:\/\/lamarinabj.com\/#\/schema\/person\/57a2768eedff6f88c693baf7a8200a4b","name":"La Marina BJ - Team Rapports &amp; Insights","image":{"@type":"ImageObject","inLanguage":"fr-FR","@id":"https:\/\/secure.gravatar.com\/avatar\/7f629cae83d766ca42b18d3caba2afb53eb3427171bdefc6894ad966f50d8340?s=96&d=mm&r=g","url":"https:\/\/secure.gravatar.com\/avatar\/7f629cae83d766ca42b18d3caba2afb53eb3427171bdefc6894ad966f50d8340?s=96&d=mm&r=g","contentUrl":"https:\/\/secure.gravatar.com\/avatar\/7f629cae83d766ca42b18d3caba2afb53eb3427171bdefc6894ad966f50d8340?s=96&d=mm&r=g","caption":"La Marina BJ - Team Rapports &amp; Insights"},"description":"La Team Rapports &amp; Insights de La Marina BJ est d\u00e9di\u00e9e \u00e0 la production, \u00e0 l\u2019analyse et \u00e0 la diffusion des \u00e9tudes, rapports, statistiques et autres qui fa\u00e7onnent la compr\u00e9hension des enjeux \u00e9conomiques, sociaux, politiques etc.","url":"https:\/\/lamarinabj.com\/index.php\/author\/collaboration\/"}]}},"_links":{"self":[{"href":"https:\/\/lamarinabj.com\/index.php\/wp-json\/wp\/v2\/posts\/8352","targetHints":{"allow":["GET"]}}],"collection":[{"href":"https:\/\/lamarinabj.com\/index.php\/wp-json\/wp\/v2\/posts"}],"about":[{"href":"https:\/\/lamarinabj.com\/index.php\/wp-json\/wp\/v2\/types\/post"}],"author":[{"embeddable":true,"href":"https:\/\/lamarinabj.com\/index.php\/wp-json\/wp\/v2\/users\/10"}],"replies":[{"embeddable":true,"href":"https:\/\/lamarinabj.com\/index.php\/wp-json\/wp\/v2\/comments?post=8352"}],"version-history":[{"count":2,"href":"https:\/\/lamarinabj.com\/index.php\/wp-json\/wp\/v2\/posts\/8352\/revisions"}],"predecessor-version":[{"id":8354,"href":"https:\/\/lamarinabj.com\/index.php\/wp-json\/wp\/v2\/posts\/8352\/revisions\/8354"}],"wp:featuredmedia":[{"embeddable":true,"href":"https:\/\/lamarinabj.com\/index.php\/wp-json\/wp\/v2\/media\/7250"}],"wp:attachment":[{"href":"https:\/\/lamarinabj.com\/index.php\/wp-json\/wp\/v2\/media?parent=8352"}],"wp:term":[{"taxonomy":"category","embeddable":true,"href":"https:\/\/lamarinabj.com\/index.php\/wp-json\/wp\/v2\/categories?post=8352"},{"taxonomy":"post_tag","embeddable":true,"href":"https:\/\/lamarinabj.com\/index.php\/wp-json\/wp\/v2\/tags?post=8352"}],"curies":[{"name":"wp","href":"https:\/\/api.w.org\/{rel}","templated":true}]}}