{"id":8481,"date":"2024-10-07T10:40:16","date_gmt":"2024-10-07T09:40:16","guid":{"rendered":"https:\/\/lamarinabj.com\/?p=8481"},"modified":"2024-10-07T10:40:17","modified_gmt":"2024-10-07T09:40:17","slug":"benin-clarifications-sur-la-situation-des-agents-occasionnels-sans-remuneration","status":"publish","type":"post","link":"https:\/\/lamarinabj.com\/index.php\/2024\/10\/07\/benin-clarifications-sur-la-situation-des-agents-occasionnels-sans-remuneration\/","title":{"rendered":"B\u00e9nin : Clarifications sur la situation des agents occasionnels sans r\u00e9mun\u00e9ration"},"content":{"rendered":"\n<p><strong><mark style=\"background-color:rgba(0, 0, 0, 0)\" class=\"has-inline-color has-red-color\">Gouvernance, B\u00e9nin<\/mark><\/strong> &#8211; <strong><em>Suite \u00e0 la parution d&rsquo;un article r\u00e9cent dans le quotidien Le Matinal qui laissait entendre que des agents occasionnels du minist\u00e8re de l&rsquo;Int\u00e9rieur et de la S\u00e9curit\u00e9 Publique \u00e9taient sans salaire depuis 2007, malgr\u00e9 un pr\u00e9tendu recrutement officiel, le minist\u00e8re de l&rsquo;Int\u00e9rieur a jug\u00e9 n\u00e9cessaire de clarifier certains points. Ces pr\u00e9cisions ont \u00e9t\u00e9 apport\u00e9es par le Secr\u00e9taire G\u00e9n\u00e9ral Adjoint du minist\u00e8re, Adamou Aba Bagnan, dans une lettre adress\u00e9e \u00e0 la r\u00e9daction du journal.<\/em><\/strong><\/p>\n\n\n\n<p>Selon les explications contenues dans cette lettre, dont La Marina BJ a pu consulter une copie, les agents en question n&rsquo;ont jamais \u00e9t\u00e9 formellement recrut\u00e9s conform\u00e9ment aux proc\u00e9dures l\u00e9gales en vigueur. Ils ont \u00e9t\u00e9 employ\u00e9s de mani\u00e8re informelle, principalement en tant qu\u2019agents d\u2019entretien, chauffeurs et op\u00e9rateurs de saisie, au sein des anciennes brigades de gendarmerie et commissariats de police. Ces personnes n&rsquo;ont pas pass\u00e9 les tests de recrutement exig\u00e9s par la l\u00e9gislation, mais ont \u00e9t\u00e9 sollicit\u00e9es par des relations internes pour effectuer ces t\u00e2ches.<\/p>\n\n\n\n<p>Le Secr\u00e9taire G\u00e9n\u00e9ral Adjoint du minist\u00e8re pr\u00e9cise que, bien qu\u2019employ\u00e9s de mani\u00e8re informelle, il avait \u00e9t\u00e9 d\u00e9cid\u00e9, sous le r\u00e9gime pr\u00e9c\u00e9dent, de r\u00e9gulariser la situation de ces agents \u00e0 travers un processus de r\u00e9version dans la fonction publique. Ce processus, visant \u00e0 officialiser leur statut, est toutefois conditionn\u00e9 \u00e0 la pr\u00e9sentation de certains documents prouvant leur activit\u00e9 avant le 31 d\u00e9cembre 2007, tels que le certificat de premi\u00e8re entr\u00e9e en service et les \u00e9tats de paiement. Or, bon nombre de ces agents n\u2019ont pas \u00e9t\u00e9 en mesure de fournir les pi\u00e8ces requises, ce qui explique pourquoi certains d&rsquo;entre eux n&rsquo;ont pas encore \u00e9t\u00e9 r\u00e9gularis\u00e9s.<\/p>\n\n\n\n<h2 id=\"les-efforts-du-gouvernement-pour-finaliser-la-reversion\" class=\"wp-block-heading\"><mark style=\"background-color:rgba(0, 0, 0, 0)\" class=\"has-inline-color has-red-color\">Les efforts du gouvernement pour finaliser la r\u00e9version<\/mark><\/h2>\n\n\n\n<p>Le gouvernement, bien conscient de la situation de ces agents, n&rsquo;est pas rest\u00e9 inactif. Comme le souligne la lettre du Secr\u00e9taire G\u00e9n\u00e9ral Adjoint, le conseil des ministres du 26 juillet 2023 a donn\u00e9 instruction de poursuivre et de finaliser le processus de r\u00e9version des agents occasionnels omis. En r\u00e9ponse \u00e0 cette directive, le minist\u00e8re de l&rsquo;Int\u00e9rieur a transmis les dossiers de 21 agents au minist\u00e8re du Travail et de la Fonction Publique. Certains d&rsquo;entre eux ont d\u00e9j\u00e0 \u00e9t\u00e9 r\u00e9gularis\u00e9s et ont sign\u00e9 des contrats avec l&rsquo;\u00c9tat. Cependant, pour ceux qui n&rsquo;ont pas \u00e9t\u00e9 en mesure de fournir les documents requis, le processus reste bloqu\u00e9.<\/p>\n\n\n\n<p>Dans sa lettre, Adamou Aba Bagnan insiste sur la n\u00e9cessit\u00e9 de rectifier certaines informations relay\u00e9es dans la presse, notamment l&rsquo;id\u00e9e selon laquelle ces agents auraient \u00e9t\u00e9 r\u00e9guli\u00e8rement recrut\u00e9s mais n&rsquo;auraient jamais \u00e9t\u00e9 pay\u00e9s. En r\u00e9alit\u00e9, ces agents \u00e9taient employ\u00e9s de mani\u00e8re informelle, et les efforts actuels visent \u00e0 r\u00e9gulariser leur situation dans le respect des exigences administratives et l\u00e9gales.<\/p>\n\n\n\n<p>Il est \u00e9galement rappel\u00e9 que le processus de r\u00e9version se poursuit pour ceux qui sont encore en mesure de fournir les pi\u00e8ces justificatives manquantes. Toutefois, ceux qui ne parviennent pas \u00e0 prouver leur anciennet\u00e9 avant 2007 risquent de ne pas pouvoir \u00eatre int\u00e9gr\u00e9s dans la fonction publique, conform\u00e9ment aux crit\u00e8res \u00e9tablis par le minist\u00e8re du Travail et de la Fonction Publique.<\/p>\n","protected":false},"excerpt":{"rendered":"Gouvernance, B\u00e9nin &#8211; Suite \u00e0 la parution d&rsquo;un article r\u00e9cent dans le quotidien Le Matinal qui laissait entendre&hellip;\n","protected":false},"author":3,"featured_media":8482,"comment_status":"open","ping_status":"open","sticky":false,"template":"elementor_theme","format":"standard","meta":{"csco_singular_sidebar":"","csco_page_header_type":"standard","csco_appearance_masonry":"","csco_page_load_nextpost":"","csco_post_video_location":[],"csco_post_video_location_hash":"","csco_post_video_url":"","csco_post_video_bg_start_time":0,"csco_post_video_bg_end_time":0,"footnotes":""},"categories":[191],"tags":[965,41,966],"class_list":{"0":"post-8481","1":"post","2":"type-post","3":"status-publish","4":"format-standard","5":"has-post-thumbnail","7":"category-en-savoir-plus-2","8":"tag-agents-occasionnels","9":"tag-benin","10":"tag-ministere-de-linterieur","11":"cs-entry","12":"cs-video-wrap"},"yoast_head":"<!-- This site is optimized with the Yoast SEO plugin v27.4 - https:\/\/yoast.com\/product\/yoast-seo-wordpress\/ -->\n<title>B\u00e9nin : Clarifications sur la situation des agents occasionnels sans r\u00e9mun\u00e9ration - LA MARINA BJ<\/title>\n<meta name=\"description\" content=\"Selon les explications contenues dans cette lettre, dont La Marina BJ a pu consulter une copie, les agents en question n&#039;ont jamais \u00e9t\u00e9 formellement recrut\u00e9s conform\u00e9ment aux proc\u00e9dures l\u00e9gales en vigueur.\" \/>\n<meta name=\"robots\" content=\"index, follow, max-snippet:-1, max-image-preview:large, max-video-preview:-1\" \/>\n<link rel=\"canonical\" href=\"https:\/\/lamarinabj.com\/index.php\/2024\/10\/07\/benin-clarifications-sur-la-situation-des-agents-occasionnels-sans-remuneration\/\" \/>\n<meta property=\"og:locale\" content=\"fr_FR\" \/>\n<meta property=\"og:type\" content=\"article\" \/>\n<meta property=\"og:title\" content=\"B\u00e9nin : Clarifications sur la situation des agents occasionnels sans r\u00e9mun\u00e9ration - LA MARINA BJ\" \/>\n<meta property=\"og:description\" content=\"Selon les explications contenues dans cette lettre, dont La Marina BJ a pu consulter une copie, les agents en question n&#039;ont jamais \u00e9t\u00e9 formellement recrut\u00e9s conform\u00e9ment aux proc\u00e9dures l\u00e9gales en vigueur.\" \/>\n<meta property=\"og:url\" content=\"https:\/\/lamarinabj.com\/index.php\/2024\/10\/07\/benin-clarifications-sur-la-situation-des-agents-occasionnels-sans-remuneration\/\" \/>\n<meta property=\"og:site_name\" content=\"LA MARINA BJ\" \/>\n<meta property=\"article:published_time\" content=\"2024-10-07T09:40:16+00:00\" \/>\n<meta property=\"article:modified_time\" content=\"2024-10-07T09:40:17+00:00\" \/>\n<meta property=\"og:image\" content=\"https:\/\/lamarinabj.com\/wp-content\/uploads\/2024\/10\/seidou-alassaine-21.jpg\" \/>\n\t<meta property=\"og:image:width\" content=\"1200\" \/>\n\t<meta property=\"og:image:height\" content=\"675\" \/>\n\t<meta property=\"og:image:type\" content=\"image\/jpeg\" \/>\n<meta name=\"author\" content=\"La Marina BJ - Team Veille &amp; Projets publics\" \/>\n<meta name=\"twitter:card\" content=\"summary_large_image\" \/>\n<meta name=\"twitter:label1\" content=\"\u00c9crit par\" \/>\n\t<meta name=\"twitter:data1\" content=\"La Marina BJ - Team Veille &amp; Projets publics\" \/>\n\t<meta name=\"twitter:label2\" content=\"Dur\u00e9e de lecture estim\u00e9e\" \/>\n\t<meta name=\"twitter:data2\" content=\"3 minutes\" \/>\n<script type=\"application\/ld+json\" class=\"yoast-schema-graph\">{\"@context\":\"https:\\\/\\\/schema.org\",\"@graph\":[{\"@type\":\"NewsArticle\",\"@id\":\"https:\\\/\\\/lamarinabj.com\\\/index.php\\\/2024\\\/10\\\/07\\\/benin-clarifications-sur-la-situation-des-agents-occasionnels-sans-remuneration\\\/#article\",\"isPartOf\":{\"@id\":\"https:\\\/\\\/lamarinabj.com\\\/index.php\\\/2024\\\/10\\\/07\\\/benin-clarifications-sur-la-situation-des-agents-occasionnels-sans-remuneration\\\/\"},\"author\":{\"name\":\"La Marina BJ - Team Veille &amp; Projets publics\",\"@id\":\"https:\\\/\\\/lamarinabj.com\\\/#\\\/schema\\\/person\\\/70c372a4c3c86bd4844a0382357a0f2d\"},\"headline\":\"B\u00e9nin : Clarifications sur la situation des agents occasionnels sans r\u00e9mun\u00e9ration\",\"datePublished\":\"2024-10-07T09:40:16+00:00\",\"dateModified\":\"2024-10-07T09:40:17+00:00\",\"mainEntityOfPage\":{\"@id\":\"https:\\\/\\\/lamarinabj.com\\\/index.php\\\/2024\\\/10\\\/07\\\/benin-clarifications-sur-la-situation-des-agents-occasionnels-sans-remuneration\\\/\"},\"wordCount\":591,\"commentCount\":0,\"image\":{\"@id\":\"https:\\\/\\\/lamarinabj.com\\\/index.php\\\/2024\\\/10\\\/07\\\/benin-clarifications-sur-la-situation-des-agents-occasionnels-sans-remuneration\\\/#primaryimage\"},\"thumbnailUrl\":\"https:\\\/\\\/lamarinabj.com\\\/wp-content\\\/uploads\\\/2024\\\/10\\\/seidou-alassaine-21.jpg\",\"keywords\":[\"Agents occasionnels\",\"B\u00e9nin\",\"Minist\u00e8re de l'int\u00e9rieur\"],\"articleSection\":[\"EN SAVOIR PLUS\"],\"inLanguage\":\"fr-FR\",\"potentialAction\":[{\"@type\":\"CommentAction\",\"name\":\"Comment\",\"target\":[\"https:\\\/\\\/lamarinabj.com\\\/index.php\\\/2024\\\/10\\\/07\\\/benin-clarifications-sur-la-situation-des-agents-occasionnels-sans-remuneration\\\/#respond\"]}]},{\"@type\":[\"WebPage\",\"SearchResultsPage\"],\"@id\":\"https:\\\/\\\/lamarinabj.com\\\/index.php\\\/2024\\\/10\\\/07\\\/benin-clarifications-sur-la-situation-des-agents-occasionnels-sans-remuneration\\\/\",\"url\":\"https:\\\/\\\/lamarinabj.com\\\/index.php\\\/2024\\\/10\\\/07\\\/benin-clarifications-sur-la-situation-des-agents-occasionnels-sans-remuneration\\\/\",\"name\":\"B\u00e9nin : Clarifications sur la situation des agents occasionnels sans r\u00e9mun\u00e9ration - LA MARINA BJ\",\"isPartOf\":{\"@id\":\"https:\\\/\\\/lamarinabj.com\\\/#website\"},\"primaryImageOfPage\":{\"@id\":\"https:\\\/\\\/lamarinabj.com\\\/index.php\\\/2024\\\/10\\\/07\\\/benin-clarifications-sur-la-situation-des-agents-occasionnels-sans-remuneration\\\/#primaryimage\"},\"image\":{\"@id\":\"https:\\\/\\\/lamarinabj.com\\\/index.php\\\/2024\\\/10\\\/07\\\/benin-clarifications-sur-la-situation-des-agents-occasionnels-sans-remuneration\\\/#primaryimage\"},\"thumbnailUrl\":\"https:\\\/\\\/lamarinabj.com\\\/wp-content\\\/uploads\\\/2024\\\/10\\\/seidou-alassaine-21.jpg\",\"datePublished\":\"2024-10-07T09:40:16+00:00\",\"dateModified\":\"2024-10-07T09:40:17+00:00\",\"author\":{\"@id\":\"https:\\\/\\\/lamarinabj.com\\\/#\\\/schema\\\/person\\\/70c372a4c3c86bd4844a0382357a0f2d\"},\"description\":\"Selon les explications contenues dans cette lettre, dont La Marina BJ a pu consulter une copie, les agents en question n'ont jamais \u00e9t\u00e9 formellement recrut\u00e9s conform\u00e9ment aux proc\u00e9dures l\u00e9gales en vigueur.\",\"breadcrumb\":{\"@id\":\"https:\\\/\\\/lamarinabj.com\\\/index.php\\\/2024\\\/10\\\/07\\\/benin-clarifications-sur-la-situation-des-agents-occasionnels-sans-remuneration\\\/#breadcrumb\"},\"inLanguage\":\"fr-FR\",\"potentialAction\":[{\"@type\":\"ReadAction\",\"target\":[\"https:\\\/\\\/lamarinabj.com\\\/index.php\\\/2024\\\/10\\\/07\\\/benin-clarifications-sur-la-situation-des-agents-occasionnels-sans-remuneration\\\/\"]}]},{\"@type\":\"ImageObject\",\"inLanguage\":\"fr-FR\",\"@id\":\"https:\\\/\\\/lamarinabj.com\\\/index.php\\\/2024\\\/10\\\/07\\\/benin-clarifications-sur-la-situation-des-agents-occasionnels-sans-remuneration\\\/#primaryimage\",\"url\":\"https:\\\/\\\/lamarinabj.com\\\/wp-content\\\/uploads\\\/2024\\\/10\\\/seidou-alassaine-21.jpg\",\"contentUrl\":\"https:\\\/\\\/lamarinabj.com\\\/wp-content\\\/uploads\\\/2024\\\/10\\\/seidou-alassaine-21.jpg\",\"width\":1200,\"height\":675},{\"@type\":\"BreadcrumbList\",\"@id\":\"https:\\\/\\\/lamarinabj.com\\\/index.php\\\/2024\\\/10\\\/07\\\/benin-clarifications-sur-la-situation-des-agents-occasionnels-sans-remuneration\\\/#breadcrumb\",\"itemListElement\":[{\"@type\":\"ListItem\",\"position\":1,\"name\":\"Accueil\",\"item\":\"https:\\\/\\\/lamarinabj.com\\\/\"},{\"@type\":\"ListItem\",\"position\":2,\"name\":\"B\u00e9nin : Clarifications sur la situation des agents occasionnels sans r\u00e9mun\u00e9ration\"}]},{\"@type\":\"WebSite\",\"@id\":\"https:\\\/\\\/lamarinabj.com\\\/#website\",\"url\":\"https:\\\/\\\/lamarinabj.com\\\/\",\"name\":\"LA MARINA BJ\",\"description\":\"Votre portail vers l&#039;information strat\u00e9gique au B\u00e9nin, en Afrique et au-del\u00e0\",\"potentialAction\":[{\"@type\":\"SearchAction\",\"target\":{\"@type\":\"EntryPoint\",\"urlTemplate\":\"https:\\\/\\\/lamarinabj.com\\\/?s={search_term_string}\"},\"query-input\":{\"@type\":\"PropertyValueSpecification\",\"valueRequired\":true,\"valueName\":\"search_term_string\"}}],\"inLanguage\":\"fr-FR\"},{\"@type\":\"Person\",\"@id\":\"https:\\\/\\\/lamarinabj.com\\\/#\\\/schema\\\/person\\\/70c372a4c3c86bd4844a0382357a0f2d\",\"name\":\"La Marina BJ - Team Veille &amp; Projets publics\",\"image\":{\"@type\":\"ImageObject\",\"inLanguage\":\"fr-FR\",\"@id\":\"https:\\\/\\\/secure.gravatar.com\\\/avatar\\\/b56740eda81210101c8acebdd7c5c7db1bd0ab57f63df607996683fa153ff0d0?s=96&d=mm&r=g\",\"url\":\"https:\\\/\\\/secure.gravatar.com\\\/avatar\\\/b56740eda81210101c8acebdd7c5c7db1bd0ab57f63df607996683fa153ff0d0?s=96&d=mm&r=g\",\"contentUrl\":\"https:\\\/\\\/secure.gravatar.com\\\/avatar\\\/b56740eda81210101c8acebdd7c5c7db1bd0ab57f63df607996683fa153ff0d0?s=96&d=mm&r=g\",\"caption\":\"La Marina BJ - Team Veille &amp; Projets publics\"},\"description\":\"La Team Veille &amp; Projets publics de La Marina BJ est d\u00e9di\u00e9e \u00e0 la surveillance proactive des dynamiques institutionnelles impuls\u00e9es par l\u2019\u00c9tat, les agences publiques, les collectivit\u00e9s territoriales ainsi que les partenaires techniques et financiers. Gr\u00e2ce \u00e0 une veille strat\u00e9gique permanente, cette \u00e9quipe identifie et suit les projets de d\u00e9veloppement, les \u00e9tudes pr\u00e9alables et les investissements publics majeurs. Elle documente les politiques sectorielles, analyse les enjeux techniques, \u00e9conomiques, sociaux et environnementaux, et produit des contenus exclusifs pour \u00e9clairer les mutations structurelles.\",\"url\":\"https:\\\/\\\/lamarinabj.com\\\/index.php\\\/author\\\/simahou\\\/\"}]}<\/script>\n<!-- \/ Yoast SEO plugin. -->","yoast_head_json":{"title":"B\u00e9nin : Clarifications sur la situation des agents occasionnels sans r\u00e9mun\u00e9ration - LA MARINA BJ","description":"Selon les explications contenues dans cette lettre, dont La Marina BJ a pu consulter une copie, les agents en question n'ont jamais \u00e9t\u00e9 formellement recrut\u00e9s conform\u00e9ment aux proc\u00e9dures l\u00e9gales en vigueur.","robots":{"index":"index","follow":"follow","max-snippet":"max-snippet:-1","max-image-preview":"max-image-preview:large","max-video-preview":"max-video-preview:-1"},"canonical":"https:\/\/lamarinabj.com\/index.php\/2024\/10\/07\/benin-clarifications-sur-la-situation-des-agents-occasionnels-sans-remuneration\/","og_locale":"fr_FR","og_type":"article","og_title":"B\u00e9nin : Clarifications sur la situation des agents occasionnels sans r\u00e9mun\u00e9ration - LA MARINA BJ","og_description":"Selon les explications contenues dans cette lettre, dont La Marina BJ a pu consulter une copie, les agents en question n'ont jamais \u00e9t\u00e9 formellement recrut\u00e9s conform\u00e9ment aux proc\u00e9dures l\u00e9gales en vigueur.","og_url":"https:\/\/lamarinabj.com\/index.php\/2024\/10\/07\/benin-clarifications-sur-la-situation-des-agents-occasionnels-sans-remuneration\/","og_site_name":"LA MARINA BJ","article_published_time":"2024-10-07T09:40:16+00:00","article_modified_time":"2024-10-07T09:40:17+00:00","og_image":[{"width":1200,"height":675,"url":"https:\/\/lamarinabj.com\/wp-content\/uploads\/2024\/10\/seidou-alassaine-21.jpg","type":"image\/jpeg"}],"author":"La Marina BJ - Team Veille &amp; Projets publics","twitter_card":"summary_large_image","twitter_misc":{"\u00c9crit par":"La Marina BJ - Team Veille &amp; Projets publics","Dur\u00e9e de lecture estim\u00e9e":"3 minutes"},"schema":{"@context":"https:\/\/schema.org","@graph":[{"@type":"NewsArticle","@id":"https:\/\/lamarinabj.com\/index.php\/2024\/10\/07\/benin-clarifications-sur-la-situation-des-agents-occasionnels-sans-remuneration\/#article","isPartOf":{"@id":"https:\/\/lamarinabj.com\/index.php\/2024\/10\/07\/benin-clarifications-sur-la-situation-des-agents-occasionnels-sans-remuneration\/"},"author":{"name":"La Marina BJ - Team Veille &amp; Projets publics","@id":"https:\/\/lamarinabj.com\/#\/schema\/person\/70c372a4c3c86bd4844a0382357a0f2d"},"headline":"B\u00e9nin : Clarifications sur la situation des agents occasionnels sans r\u00e9mun\u00e9ration","datePublished":"2024-10-07T09:40:16+00:00","dateModified":"2024-10-07T09:40:17+00:00","mainEntityOfPage":{"@id":"https:\/\/lamarinabj.com\/index.php\/2024\/10\/07\/benin-clarifications-sur-la-situation-des-agents-occasionnels-sans-remuneration\/"},"wordCount":591,"commentCount":0,"image":{"@id":"https:\/\/lamarinabj.com\/index.php\/2024\/10\/07\/benin-clarifications-sur-la-situation-des-agents-occasionnels-sans-remuneration\/#primaryimage"},"thumbnailUrl":"https:\/\/lamarinabj.com\/wp-content\/uploads\/2024\/10\/seidou-alassaine-21.jpg","keywords":["Agents occasionnels","B\u00e9nin","Minist\u00e8re de l'int\u00e9rieur"],"articleSection":["EN SAVOIR PLUS"],"inLanguage":"fr-FR","potentialAction":[{"@type":"CommentAction","name":"Comment","target":["https:\/\/lamarinabj.com\/index.php\/2024\/10\/07\/benin-clarifications-sur-la-situation-des-agents-occasionnels-sans-remuneration\/#respond"]}]},{"@type":["WebPage","SearchResultsPage"],"@id":"https:\/\/lamarinabj.com\/index.php\/2024\/10\/07\/benin-clarifications-sur-la-situation-des-agents-occasionnels-sans-remuneration\/","url":"https:\/\/lamarinabj.com\/index.php\/2024\/10\/07\/benin-clarifications-sur-la-situation-des-agents-occasionnels-sans-remuneration\/","name":"B\u00e9nin : Clarifications sur la situation des agents occasionnels sans r\u00e9mun\u00e9ration - LA MARINA BJ","isPartOf":{"@id":"https:\/\/lamarinabj.com\/#website"},"primaryImageOfPage":{"@id":"https:\/\/lamarinabj.com\/index.php\/2024\/10\/07\/benin-clarifications-sur-la-situation-des-agents-occasionnels-sans-remuneration\/#primaryimage"},"image":{"@id":"https:\/\/lamarinabj.com\/index.php\/2024\/10\/07\/benin-clarifications-sur-la-situation-des-agents-occasionnels-sans-remuneration\/#primaryimage"},"thumbnailUrl":"https:\/\/lamarinabj.com\/wp-content\/uploads\/2024\/10\/seidou-alassaine-21.jpg","datePublished":"2024-10-07T09:40:16+00:00","dateModified":"2024-10-07T09:40:17+00:00","author":{"@id":"https:\/\/lamarinabj.com\/#\/schema\/person\/70c372a4c3c86bd4844a0382357a0f2d"},"description":"Selon les explications contenues dans cette lettre, dont La Marina BJ a pu consulter une copie, les agents en question n'ont jamais \u00e9t\u00e9 formellement recrut\u00e9s conform\u00e9ment aux proc\u00e9dures l\u00e9gales en vigueur.","breadcrumb":{"@id":"https:\/\/lamarinabj.com\/index.php\/2024\/10\/07\/benin-clarifications-sur-la-situation-des-agents-occasionnels-sans-remuneration\/#breadcrumb"},"inLanguage":"fr-FR","potentialAction":[{"@type":"ReadAction","target":["https:\/\/lamarinabj.com\/index.php\/2024\/10\/07\/benin-clarifications-sur-la-situation-des-agents-occasionnels-sans-remuneration\/"]}]},{"@type":"ImageObject","inLanguage":"fr-FR","@id":"https:\/\/lamarinabj.com\/index.php\/2024\/10\/07\/benin-clarifications-sur-la-situation-des-agents-occasionnels-sans-remuneration\/#primaryimage","url":"https:\/\/lamarinabj.com\/wp-content\/uploads\/2024\/10\/seidou-alassaine-21.jpg","contentUrl":"https:\/\/lamarinabj.com\/wp-content\/uploads\/2024\/10\/seidou-alassaine-21.jpg","width":1200,"height":675},{"@type":"BreadcrumbList","@id":"https:\/\/lamarinabj.com\/index.php\/2024\/10\/07\/benin-clarifications-sur-la-situation-des-agents-occasionnels-sans-remuneration\/#breadcrumb","itemListElement":[{"@type":"ListItem","position":1,"name":"Accueil","item":"https:\/\/lamarinabj.com\/"},{"@type":"ListItem","position":2,"name":"B\u00e9nin : Clarifications sur la situation des agents occasionnels sans r\u00e9mun\u00e9ration"}]},{"@type":"WebSite","@id":"https:\/\/lamarinabj.com\/#website","url":"https:\/\/lamarinabj.com\/","name":"LA MARINA BJ","description":"Votre portail vers l&#039;information strat\u00e9gique au B\u00e9nin, en Afrique et au-del\u00e0","potentialAction":[{"@type":"SearchAction","target":{"@type":"EntryPoint","urlTemplate":"https:\/\/lamarinabj.com\/?s={search_term_string}"},"query-input":{"@type":"PropertyValueSpecification","valueRequired":true,"valueName":"search_term_string"}}],"inLanguage":"fr-FR"},{"@type":"Person","@id":"https:\/\/lamarinabj.com\/#\/schema\/person\/70c372a4c3c86bd4844a0382357a0f2d","name":"La Marina BJ - Team Veille &amp; Projets publics","image":{"@type":"ImageObject","inLanguage":"fr-FR","@id":"https:\/\/secure.gravatar.com\/avatar\/b56740eda81210101c8acebdd7c5c7db1bd0ab57f63df607996683fa153ff0d0?s=96&d=mm&r=g","url":"https:\/\/secure.gravatar.com\/avatar\/b56740eda81210101c8acebdd7c5c7db1bd0ab57f63df607996683fa153ff0d0?s=96&d=mm&r=g","contentUrl":"https:\/\/secure.gravatar.com\/avatar\/b56740eda81210101c8acebdd7c5c7db1bd0ab57f63df607996683fa153ff0d0?s=96&d=mm&r=g","caption":"La Marina BJ - Team Veille &amp; Projets publics"},"description":"La Team Veille &amp; Projets publics de La Marina BJ est d\u00e9di\u00e9e \u00e0 la surveillance proactive des dynamiques institutionnelles impuls\u00e9es par l\u2019\u00c9tat, les agences publiques, les collectivit\u00e9s territoriales ainsi que les partenaires techniques et financiers. Gr\u00e2ce \u00e0 une veille strat\u00e9gique permanente, cette \u00e9quipe identifie et suit les projets de d\u00e9veloppement, les \u00e9tudes pr\u00e9alables et les investissements publics majeurs. Elle documente les politiques sectorielles, analyse les enjeux techniques, \u00e9conomiques, sociaux et environnementaux, et produit des contenus exclusifs pour \u00e9clairer les mutations structurelles.","url":"https:\/\/lamarinabj.com\/index.php\/author\/simahou\/"}]}},"_links":{"self":[{"href":"https:\/\/lamarinabj.com\/index.php\/wp-json\/wp\/v2\/posts\/8481","targetHints":{"allow":["GET"]}}],"collection":[{"href":"https:\/\/lamarinabj.com\/index.php\/wp-json\/wp\/v2\/posts"}],"about":[{"href":"https:\/\/lamarinabj.com\/index.php\/wp-json\/wp\/v2\/types\/post"}],"author":[{"embeddable":true,"href":"https:\/\/lamarinabj.com\/index.php\/wp-json\/wp\/v2\/users\/3"}],"replies":[{"embeddable":true,"href":"https:\/\/lamarinabj.com\/index.php\/wp-json\/wp\/v2\/comments?post=8481"}],"version-history":[{"count":1,"href":"https:\/\/lamarinabj.com\/index.php\/wp-json\/wp\/v2\/posts\/8481\/revisions"}],"predecessor-version":[{"id":8483,"href":"https:\/\/lamarinabj.com\/index.php\/wp-json\/wp\/v2\/posts\/8481\/revisions\/8483"}],"wp:featuredmedia":[{"embeddable":true,"href":"https:\/\/lamarinabj.com\/index.php\/wp-json\/wp\/v2\/media\/8482"}],"wp:attachment":[{"href":"https:\/\/lamarinabj.com\/index.php\/wp-json\/wp\/v2\/media?parent=8481"}],"wp:term":[{"taxonomy":"category","embeddable":true,"href":"https:\/\/lamarinabj.com\/index.php\/wp-json\/wp\/v2\/categories?post=8481"},{"taxonomy":"post_tag","embeddable":true,"href":"https:\/\/lamarinabj.com\/index.php\/wp-json\/wp\/v2\/tags?post=8481"}],"curies":[{"name":"wp","href":"https:\/\/api.w.org\/{rel}","templated":true}]}}