{"id":8542,"date":"2024-10-10T12:00:39","date_gmt":"2024-10-10T11:00:39","guid":{"rendered":"https:\/\/lamarinabj.com\/?p=8542"},"modified":"2024-10-10T11:21:52","modified_gmt":"2024-10-10T10:21:52","slug":"le-benin-reelu-au-conseil-des-droits-de-lhomme-malgre-un-rapport-accablant-sur-les-assassinats-politiques","status":"publish","type":"post","link":"https:\/\/lamarinabj.com\/index.php\/2024\/10\/10\/le-benin-reelu-au-conseil-des-droits-de-lhomme-malgre-un-rapport-accablant-sur-les-assassinats-politiques\/","title":{"rendered":"Le B\u00e9nin r\u00e9\u00e9lu au Conseil des droits de l&rsquo;Homme malgr\u00e9 un rapport accablant sur des \u00ab assassinats politiques \u00bb"},"content":{"rendered":"\n<p><strong><mark style=\"background-color:rgba(0, 0, 0, 0)\" class=\"has-inline-color has-red-color\">Droits de l&rsquo;Homme, B\u00e9nin<\/mark><\/strong> &#8211; <em style=\"\"><b>Malgr\u00e9 un rapport accablant d\u00e9non\u00e7ant de graves violations des droits humains sous le r\u00e9gime actuel, le B\u00e9nin vient d\u2019\u00eatre r\u00e9\u00e9lu pour un mandat de trois ans au Conseil des droits de l&rsquo;Homme de l&rsquo;ONU. Cette r\u00e9\u00e9lection, <\/b><\/em><strong><em>qui fait \u00e9cho celle d\u2019octobre 2021, soul\u00e8ve d\u00e9j\u00e0 de nombreuses interrogations.<\/em><\/strong><\/p>\n\n\n\n<p>Le 9 octobre 2024, \u00e0 l&rsquo;issue d&rsquo;un vote \u00e0 bulletin secret, le B\u00e9nin a obtenu un si\u00e8ge au sein du Conseil des droits de l&rsquo;Homme des Nations Unies pour un mandat de trois ans. Le pays a recueilli 181 voix sur les 190 \u00c9tats membres ayant particip\u00e9 au scrutin. Cette r\u00e9\u00e9lection place le B\u00e9nin aux c\u00f4t\u00e9s de la Gambie, du Kenya, de la R\u00e9publique d\u00e9mocratique du Congo et de l\u2019\u00c9thiopie, qui repr\u00e9senteront l\u2019Afrique au sein de cette institution cl\u00e9 pour la d\u00e9fense des droits humains dans le monde.<\/p>\n\n\n\n<p>\u00c0 Cotonou, l\u2019annonce de cette r\u00e9\u00e9lection a \u00e9t\u00e9 relay\u00e9e par les m\u00e9dias locaux apr\u00e8s le vote, prenant de court une partie de l\u2019opinion publique. Cependant, cette nouvelle nomination suscite la controverse, car elle intervient seulement un jour apr\u00e8s la publication d\u2019un rapport explosif intitul\u00e9 \u00ab Les assassinats politiques au B\u00e9nin de 2019 \u00e0 2021 \u00bb. R\u00e9dig\u00e9 par le journaliste d\u2019investigation Marcel Zoumenou, avec le soutien de l\u2019ambassadeur Omar Arouna, ce rapport met en lumi\u00e8re des violences graves commises sous le r\u00e9gime actuel.<\/p>\n\n\n\n<h2 id=\"un-rapport-accablant-sur-les-assassinats-politiques\" class=\"wp-block-heading\"><mark style=\"background-color:rgba(0, 0, 0, 0)\" class=\"has-inline-color has-red-color\">Un rapport accablant sur les assassinats politiques<\/mark><\/h2>\n\n\n\n<p>Ce rapport de 145 pages accuse directement les forces de s\u00e9curit\u00e9 b\u00e9ninoises d&rsquo;avoir r\u00e9prim\u00e9 violemment les manifestations lors des \u00e9lections l\u00e9gislatives de 2019 et des pr\u00e9sidentielles de 2021, qualifi\u00e9es d&rsquo;\u00ab exclusives \u00bb. Les auteurs du rapport d\u00e9noncent l\u2019utilisation de la force l\u00e9tale contre des citoyens, ayant caus\u00e9 la mort de 25 personnes, dont deux femmes. Selon le rapport, les villes de Cotonou, Bant\u00e8, Sav\u00e8, Ou\u00e8ss\u00e8, Tchaourou, Parakou et Kandi ont \u00e9t\u00e9 le th\u00e9\u00e2tre de ces trag\u00e9dies.<\/p>\n\n\n\n<p>Le document, fruit de longues enqu\u00eates, pr\u00e9sente une analyse d\u00e9taill\u00e9e des \u00e9v\u00e9nements ayant conduit \u00e0 ces violences. \u00ab L\u2019objectif principal de ce rapport est de documenter les crimes contre l\u2019humanit\u00e9 perp\u00e9tr\u00e9s sous le r\u00e9gime de Patrice Talon et d\u2019analyser la r\u00e9pression syst\u00e9matique de l\u2019opposition politique et des voix dissidentes au B\u00e9nin \u00bb, pr\u00e9cise son auteur Marcel Zoumenou.<\/p>\n\n\n\n<p>Le rapport \u00e9num\u00e8re plusieurs cas marquants de violences meurtri\u00e8res commises durant ces p\u00e9riodes troubl\u00e9es. Parmi eux, le cas de dame Prudence Amoussou, tu\u00e9e lors des manifestations du 1er mai 2019, ou encore celui de Seydou Mama Assouma, victime des violences \u00e9lectorales. D\u2019autres noms s\u2019ajoutent \u00e0 cette liste tragique, tels que Daniel M\u2019po, Dimon Ya\u00ef Oscar, Mama Mamadou, Arouna Moussiliou et B\u00e9r\u00e9 Chabi.<\/p>\n\n\n\n<h2 id=\"lexecution-sommaire-de-daniel-mpo\" class=\"wp-block-heading\"><mark style=\"background-color:rgba(0, 0, 0, 0)\" class=\"has-inline-color has-red-color\">L&rsquo;ex\u00e9cution sommaire de Daniel M\u2019po<\/mark><\/h2>\n\n\n\n<p>L\u2019un des r\u00e9cits les plus bouleversants, d\u00e9taill\u00e9 aux pages 55 et 56 du document, concerne l&rsquo;ex\u00e9cution sommaire de Daniel M\u2019po conducteur de taxi-moto, connu localement sous le nom de z\u00e9midjan. Selon le rapport, le 15 juin 2019 , apr\u00e8s avoir d\u00e9pos\u00e9 un client \u00e0 Dio, un arrondissement de la commune de Sav\u00e8, Daniel rentrait chez lui lorsqu&rsquo;il fut confront\u00e9 \u00e0 un contr\u00f4le militaire au carrefour de Dido. Confiant, il ralentit et immobilisa sa moto, pensant qu&rsquo;il s&rsquo;agissait d&rsquo;un simple contr\u00f4le de routine. Sans avertissement, les militaires ouvrirent le feu \u00e0 bout portant, et Daniel fut tu\u00e9 sur le coup, sans aucune justification. Inform\u00e9s de la trag\u00e9die, ses parents se pr\u00e9cipit\u00e8rent \u00e0 Sav\u00e8 pour r\u00e9cup\u00e9rer le corps de leur fils. <\/p>\n\n\n\n<p>Apr\u00e8s une longue bataille administrative, ils purent enfin ramener la d\u00e9pouille de Daniel dans leur village natal, o\u00f9 il fut enterr\u00e9 selon les rites traditionnels. Ce r\u00e9cit, poignant et marqu\u00e9 par l&rsquo;injustice, t\u00e9moigne de la brutalit\u00e9 des forces de l&rsquo;ordre dans un climat de r\u00e9pression g\u00e9n\u00e9ralis\u00e9e.<\/p>\n\n\n\n<p>Un autre r\u00e9cit, retrouv\u00e9 \u00e0 la page 49 du rapport, concerne Souradjou Olokou, tu\u00e9 dans sa ville natale de Sav\u00e8 le 26 f\u00e9vrier 2019. Le jeune homme, sans intention de participer aux manifestations, s&rsquo;\u00e9tait approch\u00e9 de la route principale par curiosit\u00e9 apr\u00e8s avoir entendu des tirs. D&rsquo;apr\u00e8s les t\u00e9moignages de sa tante, Denise Chabi, Souradjou s&rsquo;\u00e9tait dirig\u00e9 vers un pont proche lorsqu&rsquo;il a \u00e9t\u00e9 abattu par les forces arm\u00e9es. \u00ab Les militaires ont rapidement emport\u00e9 son corps sans vie, sans fournir d&rsquo;explication \u00e0 sa famille \u00bb, pr\u00e9cise le rapport.<br><br><\/p>\n\n\n\n<h2 id=\"hilaire-atodjinou-letudiant-martyr-des-violences-electorales-de-bante\" class=\"wp-block-heading\"><mark style=\"background-color:rgba(0, 0, 0, 0)\" class=\"has-inline-color has-red-color\">Hilaire Atodjinou : L&rsquo;\u00e9tudiant martyr des violences \u00e9lectorales de Bant\u00e8<\/mark><\/h2>\n\n\n\n<p>Les \u00e9v\u00e9nements de 2021 ne sont pas en reste, avec notamment le cas de Philom\u00e8ne Lagougou Abalo, victime des affrontements. Le rapport revient \u00e9galement sur le sort tragique de Hilaire Atodjinou, un jeune \u00e9tudiant de 25 ans abattu devant sa r\u00e9sidence familiale \u00e0 Bant\u00e8 le 8 avril 2021. Hilaire tentait de prot\u00e9ger sa famille dans un contexte tendu de r\u00e9pression des manifestations. Selon le t\u00e9moignage de sa belle-m\u00e8re, dame P\u00e9lagie Ganfon, Hilaire avait demand\u00e9 \u00e0 tous les membres de la famille de se r\u00e9fugier dans les chambres en raison des affrontements en cours. Apr\u00e8s avoir conduit les enfants en s\u00e9curit\u00e9, il fut abattu en sortant pour rejoindre sa chambre.<\/p>\n\n\n\n<p>Ces r\u00e9cits poignants, d\u00e9taill\u00e9s dans le rapport, r\u00e9v\u00e8lent la violence avec laquelle les forces de l\u2019ordre ont r\u00e9pondu aux manifestations, souvent pacifiques, des citoyens b\u00e9ninois.<\/p>\n\n\n\n<h2 id=\"silence-des-autorites-beninoises\" class=\"wp-block-heading\"><mark style=\"background-color:rgba(0, 0, 0, 0)\" class=\"has-inline-color has-red-color\">Silence des autorit\u00e9s b\u00e9ninoises<\/mark><\/h2>\n\n\n\n<p>\u00c0 ce jour, les autorit\u00e9s b\u00e9ninoises n&rsquo;ont toujours pas r\u00e9agi officiellement \u00e0 ce rapport accablant. La plupart des m\u00e9dias locaux, malgr\u00e9 la gravit\u00e9 des faits document\u00e9s, continuent de passer sous silence ces informations. Pourtant, Marcel Zoumenou, auteur du rapport, est un journaliste professionnel respect\u00e9, actif depuis 2003, qui s&rsquo;est illustr\u00e9 par son travail au sein du c\u00e9l\u00e8bre quotidien La Nouvelle Tribune.<br><br><\/p>\n\n\n\n<p>Si\u00e9ger dans une institution cens\u00e9e prot\u00e9ger les droits humains tout en \u00e9tant accus\u00e9 de violations de ces m\u00eames droits interroge sur la direction que prendra le pays dans les ann\u00e9es \u00e0 venir, notamment \u00e0 l&rsquo;approche des \u00e9lections g\u00e9n\u00e9rales de 2026.<\/p>\n","protected":false},"excerpt":{"rendered":"Droits de l&rsquo;Homme, B\u00e9nin &#8211; Malgr\u00e9 un rapport accablant d\u00e9non\u00e7ant de graves violations des droits humains sous le&hellip;\n","protected":false},"author":7,"featured_media":8546,"comment_status":"open","ping_status":"open","sticky":false,"template":"elementor_theme","format":"standard","meta":{"csco_singular_sidebar":"","csco_page_header_type":"standard","csco_appearance_masonry":"","csco_page_load_nextpost":"","csco_post_video_location":[],"csco_post_video_location_hash":"","csco_post_video_url":"","csco_post_video_bg_start_time":0,"csco_post_video_bg_end_time":0,"footnotes":""},"categories":[191,239],"tags":[41,761,745,986],"class_list":{"0":"post-8542","1":"post","2":"type-post","3":"status-publish","4":"format-standard","5":"has-post-thumbnail","7":"category-en-savoir-plus-2","8":"category-levenement-2","9":"tag-benin","10":"tag-droits-de-lhomme","11":"tag-rapport","12":"tag-violences-electorales","13":"cs-entry","14":"cs-video-wrap"},"yoast_head":"<!-- This site is optimized with the Yoast SEO plugin v27.4 - https:\/\/yoast.com\/product\/yoast-seo-wordpress\/ -->\n<title>Le B\u00e9nin r\u00e9\u00e9lu au Conseil des droits de l&#039;Homme malgr\u00e9 un rapport accablant sur des \u00ab assassinats politiques \u00bb - LA MARINA BJ<\/title>\n<meta name=\"description\" content=\"Le rapport \u00e9num\u00e8re plusieurs cas marquants de violences meurtri\u00e8res commises durant ces p\u00e9riodes troubl\u00e9es. Parmi eux, le cas de dame Prudence Amoussou, tu\u00e9e lors des manifestations du 1er mai 2019, ou encore celui de Seydou Mama Assouma, victime des violences \u00e9lectorales.\" \/>\n<meta name=\"robots\" content=\"index, follow, max-snippet:-1, max-image-preview:large, max-video-preview:-1\" \/>\n<link rel=\"canonical\" href=\"https:\/\/lamarinabj.com\/index.php\/2024\/10\/10\/le-benin-reelu-au-conseil-des-droits-de-lhomme-malgre-un-rapport-accablant-sur-les-assassinats-politiques\/\" \/>\n<meta property=\"og:locale\" content=\"fr_FR\" \/>\n<meta property=\"og:type\" content=\"article\" \/>\n<meta property=\"og:title\" content=\"Le B\u00e9nin r\u00e9\u00e9lu au Conseil des droits de l&#039;Homme malgr\u00e9 un rapport accablant sur des \u00ab assassinats politiques \u00bb - LA MARINA BJ\" \/>\n<meta property=\"og:description\" content=\"Le rapport \u00e9num\u00e8re plusieurs cas marquants de violences meurtri\u00e8res commises durant ces p\u00e9riodes troubl\u00e9es. Parmi eux, le cas de dame Prudence Amoussou, tu\u00e9e lors des manifestations du 1er mai 2019, ou encore celui de Seydou Mama Assouma, victime des violences \u00e9lectorales.\" \/>\n<meta property=\"og:url\" content=\"https:\/\/lamarinabj.com\/index.php\/2024\/10\/10\/le-benin-reelu-au-conseil-des-droits-de-lhomme-malgre-un-rapport-accablant-sur-les-assassinats-politiques\/\" \/>\n<meta property=\"og:site_name\" content=\"LA MARINA BJ\" \/>\n<meta property=\"article:published_time\" content=\"2024-10-10T11:00:39+00:00\" \/>\n<meta property=\"og:image\" content=\"https:\/\/lamarinabj.com\/wp-content\/uploads\/2024\/10\/Screenshot_20241008-053807_1-642x470-1.jpg\" \/>\n\t<meta property=\"og:image:width\" content=\"642\" \/>\n\t<meta property=\"og:image:height\" content=\"470\" \/>\n\t<meta property=\"og:image:type\" content=\"image\/jpeg\" \/>\n<meta name=\"author\" content=\"La Marina Bj\" \/>\n<meta name=\"twitter:card\" content=\"summary_large_image\" \/>\n<meta name=\"twitter:label1\" content=\"\u00c9crit par\" \/>\n\t<meta name=\"twitter:data1\" content=\"La Marina Bj\" \/>\n\t<meta name=\"twitter:label2\" content=\"Dur\u00e9e de lecture estim\u00e9e\" \/>\n\t<meta name=\"twitter:data2\" content=\"5 minutes\" \/>\n<script type=\"application\/ld+json\" class=\"yoast-schema-graph\">{\"@context\":\"https:\\\/\\\/schema.org\",\"@graph\":[{\"@type\":\"NewsArticle\",\"@id\":\"https:\\\/\\\/lamarinabj.com\\\/index.php\\\/2024\\\/10\\\/10\\\/le-benin-reelu-au-conseil-des-droits-de-lhomme-malgre-un-rapport-accablant-sur-les-assassinats-politiques\\\/#article\",\"isPartOf\":{\"@id\":\"https:\\\/\\\/lamarinabj.com\\\/index.php\\\/2024\\\/10\\\/10\\\/le-benin-reelu-au-conseil-des-droits-de-lhomme-malgre-un-rapport-accablant-sur-les-assassinats-politiques\\\/\"},\"author\":{\"name\":\"La Marina Bj\",\"@id\":\"https:\\\/\\\/lamarinabj.com\\\/#\\\/schema\\\/person\\\/89dc3df245cc348449b2502e2d5c016b\"},\"headline\":\"Le B\u00e9nin r\u00e9\u00e9lu au Conseil des droits de l&rsquo;Homme malgr\u00e9 un rapport accablant sur des \u00ab assassinats politiques \u00bb\",\"datePublished\":\"2024-10-10T11:00:39+00:00\",\"mainEntityOfPage\":{\"@id\":\"https:\\\/\\\/lamarinabj.com\\\/index.php\\\/2024\\\/10\\\/10\\\/le-benin-reelu-au-conseil-des-droits-de-lhomme-malgre-un-rapport-accablant-sur-les-assassinats-politiques\\\/\"},\"wordCount\":1066,\"commentCount\":0,\"image\":{\"@id\":\"https:\\\/\\\/lamarinabj.com\\\/index.php\\\/2024\\\/10\\\/10\\\/le-benin-reelu-au-conseil-des-droits-de-lhomme-malgre-un-rapport-accablant-sur-les-assassinats-politiques\\\/#primaryimage\"},\"thumbnailUrl\":\"https:\\\/\\\/lamarinabj.com\\\/wp-content\\\/uploads\\\/2024\\\/10\\\/Screenshot_20241008-053807_1-642x470-1.jpg\",\"keywords\":[\"B\u00e9nin\",\"Droits de l'homme\",\"Rapport\",\"Violences \u00e9lectorales\"],\"articleSection\":[\"EN SAVOIR PLUS\",\"L'\u00c9V\u00c9NEMENT\"],\"inLanguage\":\"fr-FR\",\"potentialAction\":[{\"@type\":\"CommentAction\",\"name\":\"Comment\",\"target\":[\"https:\\\/\\\/lamarinabj.com\\\/index.php\\\/2024\\\/10\\\/10\\\/le-benin-reelu-au-conseil-des-droits-de-lhomme-malgre-un-rapport-accablant-sur-les-assassinats-politiques\\\/#respond\"]}]},{\"@type\":[\"WebPage\",\"SearchResultsPage\"],\"@id\":\"https:\\\/\\\/lamarinabj.com\\\/index.php\\\/2024\\\/10\\\/10\\\/le-benin-reelu-au-conseil-des-droits-de-lhomme-malgre-un-rapport-accablant-sur-les-assassinats-politiques\\\/\",\"url\":\"https:\\\/\\\/lamarinabj.com\\\/index.php\\\/2024\\\/10\\\/10\\\/le-benin-reelu-au-conseil-des-droits-de-lhomme-malgre-un-rapport-accablant-sur-les-assassinats-politiques\\\/\",\"name\":\"Le B\u00e9nin r\u00e9\u00e9lu au Conseil des droits de l'Homme malgr\u00e9 un rapport accablant sur des \u00ab assassinats politiques \u00bb - LA MARINA BJ\",\"isPartOf\":{\"@id\":\"https:\\\/\\\/lamarinabj.com\\\/#website\"},\"primaryImageOfPage\":{\"@id\":\"https:\\\/\\\/lamarinabj.com\\\/index.php\\\/2024\\\/10\\\/10\\\/le-benin-reelu-au-conseil-des-droits-de-lhomme-malgre-un-rapport-accablant-sur-les-assassinats-politiques\\\/#primaryimage\"},\"image\":{\"@id\":\"https:\\\/\\\/lamarinabj.com\\\/index.php\\\/2024\\\/10\\\/10\\\/le-benin-reelu-au-conseil-des-droits-de-lhomme-malgre-un-rapport-accablant-sur-les-assassinats-politiques\\\/#primaryimage\"},\"thumbnailUrl\":\"https:\\\/\\\/lamarinabj.com\\\/wp-content\\\/uploads\\\/2024\\\/10\\\/Screenshot_20241008-053807_1-642x470-1.jpg\",\"datePublished\":\"2024-10-10T11:00:39+00:00\",\"author\":{\"@id\":\"https:\\\/\\\/lamarinabj.com\\\/#\\\/schema\\\/person\\\/89dc3df245cc348449b2502e2d5c016b\"},\"description\":\"Le rapport \u00e9num\u00e8re plusieurs cas marquants de violences meurtri\u00e8res commises durant ces p\u00e9riodes troubl\u00e9es. Parmi eux, le cas de dame Prudence Amoussou, tu\u00e9e lors des manifestations du 1er mai 2019, ou encore celui de Seydou Mama Assouma, victime des violences \u00e9lectorales.\",\"breadcrumb\":{\"@id\":\"https:\\\/\\\/lamarinabj.com\\\/index.php\\\/2024\\\/10\\\/10\\\/le-benin-reelu-au-conseil-des-droits-de-lhomme-malgre-un-rapport-accablant-sur-les-assassinats-politiques\\\/#breadcrumb\"},\"inLanguage\":\"fr-FR\",\"potentialAction\":[{\"@type\":\"ReadAction\",\"target\":[\"https:\\\/\\\/lamarinabj.com\\\/index.php\\\/2024\\\/10\\\/10\\\/le-benin-reelu-au-conseil-des-droits-de-lhomme-malgre-un-rapport-accablant-sur-les-assassinats-politiques\\\/\"]}]},{\"@type\":\"ImageObject\",\"inLanguage\":\"fr-FR\",\"@id\":\"https:\\\/\\\/lamarinabj.com\\\/index.php\\\/2024\\\/10\\\/10\\\/le-benin-reelu-au-conseil-des-droits-de-lhomme-malgre-un-rapport-accablant-sur-les-assassinats-politiques\\\/#primaryimage\",\"url\":\"https:\\\/\\\/lamarinabj.com\\\/wp-content\\\/uploads\\\/2024\\\/10\\\/Screenshot_20241008-053807_1-642x470-1.jpg\",\"contentUrl\":\"https:\\\/\\\/lamarinabj.com\\\/wp-content\\\/uploads\\\/2024\\\/10\\\/Screenshot_20241008-053807_1-642x470-1.jpg\",\"width\":642,\"height\":470},{\"@type\":\"BreadcrumbList\",\"@id\":\"https:\\\/\\\/lamarinabj.com\\\/index.php\\\/2024\\\/10\\\/10\\\/le-benin-reelu-au-conseil-des-droits-de-lhomme-malgre-un-rapport-accablant-sur-les-assassinats-politiques\\\/#breadcrumb\",\"itemListElement\":[{\"@type\":\"ListItem\",\"position\":1,\"name\":\"Accueil\",\"item\":\"https:\\\/\\\/lamarinabj.com\\\/\"},{\"@type\":\"ListItem\",\"position\":2,\"name\":\"Le B\u00e9nin r\u00e9\u00e9lu au Conseil des droits de l&#8217;Homme malgr\u00e9 un rapport accablant sur des \u00ab assassinats politiques \u00bb\"}]},{\"@type\":\"WebSite\",\"@id\":\"https:\\\/\\\/lamarinabj.com\\\/#website\",\"url\":\"https:\\\/\\\/lamarinabj.com\\\/\",\"name\":\"LA MARINA BJ\",\"description\":\"Votre portail vers l&#039;information strat\u00e9gique au B\u00e9nin, en Afrique et au-del\u00e0\",\"potentialAction\":[{\"@type\":\"SearchAction\",\"target\":{\"@type\":\"EntryPoint\",\"urlTemplate\":\"https:\\\/\\\/lamarinabj.com\\\/?s={search_term_string}\"},\"query-input\":{\"@type\":\"PropertyValueSpecification\",\"valueRequired\":true,\"valueName\":\"search_term_string\"}}],\"inLanguage\":\"fr-FR\"},{\"@type\":\"Person\",\"@id\":\"https:\\\/\\\/lamarinabj.com\\\/#\\\/schema\\\/person\\\/89dc3df245cc348449b2502e2d5c016b\",\"name\":\"La Marina Bj\",\"image\":{\"@type\":\"ImageObject\",\"inLanguage\":\"fr-FR\",\"@id\":\"https:\\\/\\\/secure.gravatar.com\\\/avatar\\\/6ef884b7fb1dab6e8672f19e68299568fe069dc761d88506e39bee8464c70e4a?s=96&d=mm&r=g\",\"url\":\"https:\\\/\\\/secure.gravatar.com\\\/avatar\\\/6ef884b7fb1dab6e8672f19e68299568fe069dc761d88506e39bee8464c70e4a?s=96&d=mm&r=g\",\"contentUrl\":\"https:\\\/\\\/secure.gravatar.com\\\/avatar\\\/6ef884b7fb1dab6e8672f19e68299568fe069dc761d88506e39bee8464c70e4a?s=96&d=mm&r=g\",\"caption\":\"La Marina Bj\"},\"url\":\"https:\\\/\\\/lamarinabj.com\\\/index.php\\\/author\\\/la-marina-bj\\\/\"}]}<\/script>\n<!-- \/ Yoast SEO plugin. -->","yoast_head_json":{"title":"Le B\u00e9nin r\u00e9\u00e9lu au Conseil des droits de l'Homme malgr\u00e9 un rapport accablant sur des \u00ab assassinats politiques \u00bb - LA MARINA BJ","description":"Le rapport \u00e9num\u00e8re plusieurs cas marquants de violences meurtri\u00e8res commises durant ces p\u00e9riodes troubl\u00e9es. Parmi eux, le cas de dame Prudence Amoussou, tu\u00e9e lors des manifestations du 1er mai 2019, ou encore celui de Seydou Mama Assouma, victime des violences \u00e9lectorales.","robots":{"index":"index","follow":"follow","max-snippet":"max-snippet:-1","max-image-preview":"max-image-preview:large","max-video-preview":"max-video-preview:-1"},"canonical":"https:\/\/lamarinabj.com\/index.php\/2024\/10\/10\/le-benin-reelu-au-conseil-des-droits-de-lhomme-malgre-un-rapport-accablant-sur-les-assassinats-politiques\/","og_locale":"fr_FR","og_type":"article","og_title":"Le B\u00e9nin r\u00e9\u00e9lu au Conseil des droits de l'Homme malgr\u00e9 un rapport accablant sur des \u00ab assassinats politiques \u00bb - LA MARINA BJ","og_description":"Le rapport \u00e9num\u00e8re plusieurs cas marquants de violences meurtri\u00e8res commises durant ces p\u00e9riodes troubl\u00e9es. Parmi eux, le cas de dame Prudence Amoussou, tu\u00e9e lors des manifestations du 1er mai 2019, ou encore celui de Seydou Mama Assouma, victime des violences \u00e9lectorales.","og_url":"https:\/\/lamarinabj.com\/index.php\/2024\/10\/10\/le-benin-reelu-au-conseil-des-droits-de-lhomme-malgre-un-rapport-accablant-sur-les-assassinats-politiques\/","og_site_name":"LA MARINA BJ","article_published_time":"2024-10-10T11:00:39+00:00","og_image":[{"width":642,"height":470,"url":"https:\/\/lamarinabj.com\/wp-content\/uploads\/2024\/10\/Screenshot_20241008-053807_1-642x470-1.jpg","type":"image\/jpeg"}],"author":"La Marina Bj","twitter_card":"summary_large_image","twitter_misc":{"\u00c9crit par":"La Marina Bj","Dur\u00e9e de lecture estim\u00e9e":"5 minutes"},"schema":{"@context":"https:\/\/schema.org","@graph":[{"@type":"NewsArticle","@id":"https:\/\/lamarinabj.com\/index.php\/2024\/10\/10\/le-benin-reelu-au-conseil-des-droits-de-lhomme-malgre-un-rapport-accablant-sur-les-assassinats-politiques\/#article","isPartOf":{"@id":"https:\/\/lamarinabj.com\/index.php\/2024\/10\/10\/le-benin-reelu-au-conseil-des-droits-de-lhomme-malgre-un-rapport-accablant-sur-les-assassinats-politiques\/"},"author":{"name":"La Marina Bj","@id":"https:\/\/lamarinabj.com\/#\/schema\/person\/89dc3df245cc348449b2502e2d5c016b"},"headline":"Le B\u00e9nin r\u00e9\u00e9lu au Conseil des droits de l&rsquo;Homme malgr\u00e9 un rapport accablant sur des \u00ab assassinats politiques \u00bb","datePublished":"2024-10-10T11:00:39+00:00","mainEntityOfPage":{"@id":"https:\/\/lamarinabj.com\/index.php\/2024\/10\/10\/le-benin-reelu-au-conseil-des-droits-de-lhomme-malgre-un-rapport-accablant-sur-les-assassinats-politiques\/"},"wordCount":1066,"commentCount":0,"image":{"@id":"https:\/\/lamarinabj.com\/index.php\/2024\/10\/10\/le-benin-reelu-au-conseil-des-droits-de-lhomme-malgre-un-rapport-accablant-sur-les-assassinats-politiques\/#primaryimage"},"thumbnailUrl":"https:\/\/lamarinabj.com\/wp-content\/uploads\/2024\/10\/Screenshot_20241008-053807_1-642x470-1.jpg","keywords":["B\u00e9nin","Droits de l'homme","Rapport","Violences \u00e9lectorales"],"articleSection":["EN SAVOIR PLUS","L'\u00c9V\u00c9NEMENT"],"inLanguage":"fr-FR","potentialAction":[{"@type":"CommentAction","name":"Comment","target":["https:\/\/lamarinabj.com\/index.php\/2024\/10\/10\/le-benin-reelu-au-conseil-des-droits-de-lhomme-malgre-un-rapport-accablant-sur-les-assassinats-politiques\/#respond"]}]},{"@type":["WebPage","SearchResultsPage"],"@id":"https:\/\/lamarinabj.com\/index.php\/2024\/10\/10\/le-benin-reelu-au-conseil-des-droits-de-lhomme-malgre-un-rapport-accablant-sur-les-assassinats-politiques\/","url":"https:\/\/lamarinabj.com\/index.php\/2024\/10\/10\/le-benin-reelu-au-conseil-des-droits-de-lhomme-malgre-un-rapport-accablant-sur-les-assassinats-politiques\/","name":"Le B\u00e9nin r\u00e9\u00e9lu au Conseil des droits de l'Homme malgr\u00e9 un rapport accablant sur des \u00ab assassinats politiques \u00bb - LA MARINA BJ","isPartOf":{"@id":"https:\/\/lamarinabj.com\/#website"},"primaryImageOfPage":{"@id":"https:\/\/lamarinabj.com\/index.php\/2024\/10\/10\/le-benin-reelu-au-conseil-des-droits-de-lhomme-malgre-un-rapport-accablant-sur-les-assassinats-politiques\/#primaryimage"},"image":{"@id":"https:\/\/lamarinabj.com\/index.php\/2024\/10\/10\/le-benin-reelu-au-conseil-des-droits-de-lhomme-malgre-un-rapport-accablant-sur-les-assassinats-politiques\/#primaryimage"},"thumbnailUrl":"https:\/\/lamarinabj.com\/wp-content\/uploads\/2024\/10\/Screenshot_20241008-053807_1-642x470-1.jpg","datePublished":"2024-10-10T11:00:39+00:00","author":{"@id":"https:\/\/lamarinabj.com\/#\/schema\/person\/89dc3df245cc348449b2502e2d5c016b"},"description":"Le rapport \u00e9num\u00e8re plusieurs cas marquants de violences meurtri\u00e8res commises durant ces p\u00e9riodes troubl\u00e9es. Parmi eux, le cas de dame Prudence Amoussou, tu\u00e9e lors des manifestations du 1er mai 2019, ou encore celui de Seydou Mama Assouma, victime des violences \u00e9lectorales.","breadcrumb":{"@id":"https:\/\/lamarinabj.com\/index.php\/2024\/10\/10\/le-benin-reelu-au-conseil-des-droits-de-lhomme-malgre-un-rapport-accablant-sur-les-assassinats-politiques\/#breadcrumb"},"inLanguage":"fr-FR","potentialAction":[{"@type":"ReadAction","target":["https:\/\/lamarinabj.com\/index.php\/2024\/10\/10\/le-benin-reelu-au-conseil-des-droits-de-lhomme-malgre-un-rapport-accablant-sur-les-assassinats-politiques\/"]}]},{"@type":"ImageObject","inLanguage":"fr-FR","@id":"https:\/\/lamarinabj.com\/index.php\/2024\/10\/10\/le-benin-reelu-au-conseil-des-droits-de-lhomme-malgre-un-rapport-accablant-sur-les-assassinats-politiques\/#primaryimage","url":"https:\/\/lamarinabj.com\/wp-content\/uploads\/2024\/10\/Screenshot_20241008-053807_1-642x470-1.jpg","contentUrl":"https:\/\/lamarinabj.com\/wp-content\/uploads\/2024\/10\/Screenshot_20241008-053807_1-642x470-1.jpg","width":642,"height":470},{"@type":"BreadcrumbList","@id":"https:\/\/lamarinabj.com\/index.php\/2024\/10\/10\/le-benin-reelu-au-conseil-des-droits-de-lhomme-malgre-un-rapport-accablant-sur-les-assassinats-politiques\/#breadcrumb","itemListElement":[{"@type":"ListItem","position":1,"name":"Accueil","item":"https:\/\/lamarinabj.com\/"},{"@type":"ListItem","position":2,"name":"Le B\u00e9nin r\u00e9\u00e9lu au Conseil des droits de l&#8217;Homme malgr\u00e9 un rapport accablant sur des \u00ab assassinats politiques \u00bb"}]},{"@type":"WebSite","@id":"https:\/\/lamarinabj.com\/#website","url":"https:\/\/lamarinabj.com\/","name":"LA MARINA BJ","description":"Votre portail vers l&#039;information strat\u00e9gique au B\u00e9nin, en Afrique et au-del\u00e0","potentialAction":[{"@type":"SearchAction","target":{"@type":"EntryPoint","urlTemplate":"https:\/\/lamarinabj.com\/?s={search_term_string}"},"query-input":{"@type":"PropertyValueSpecification","valueRequired":true,"valueName":"search_term_string"}}],"inLanguage":"fr-FR"},{"@type":"Person","@id":"https:\/\/lamarinabj.com\/#\/schema\/person\/89dc3df245cc348449b2502e2d5c016b","name":"La Marina Bj","image":{"@type":"ImageObject","inLanguage":"fr-FR","@id":"https:\/\/secure.gravatar.com\/avatar\/6ef884b7fb1dab6e8672f19e68299568fe069dc761d88506e39bee8464c70e4a?s=96&d=mm&r=g","url":"https:\/\/secure.gravatar.com\/avatar\/6ef884b7fb1dab6e8672f19e68299568fe069dc761d88506e39bee8464c70e4a?s=96&d=mm&r=g","contentUrl":"https:\/\/secure.gravatar.com\/avatar\/6ef884b7fb1dab6e8672f19e68299568fe069dc761d88506e39bee8464c70e4a?s=96&d=mm&r=g","caption":"La Marina Bj"},"url":"https:\/\/lamarinabj.com\/index.php\/author\/la-marina-bj\/"}]}},"_links":{"self":[{"href":"https:\/\/lamarinabj.com\/index.php\/wp-json\/wp\/v2\/posts\/8542","targetHints":{"allow":["GET"]}}],"collection":[{"href":"https:\/\/lamarinabj.com\/index.php\/wp-json\/wp\/v2\/posts"}],"about":[{"href":"https:\/\/lamarinabj.com\/index.php\/wp-json\/wp\/v2\/types\/post"}],"author":[{"embeddable":true,"href":"https:\/\/lamarinabj.com\/index.php\/wp-json\/wp\/v2\/users\/7"}],"replies":[{"embeddable":true,"href":"https:\/\/lamarinabj.com\/index.php\/wp-json\/wp\/v2\/comments?post=8542"}],"version-history":[{"count":3,"href":"https:\/\/lamarinabj.com\/index.php\/wp-json\/wp\/v2\/posts\/8542\/revisions"}],"predecessor-version":[{"id":8561,"href":"https:\/\/lamarinabj.com\/index.php\/wp-json\/wp\/v2\/posts\/8542\/revisions\/8561"}],"wp:featuredmedia":[{"embeddable":true,"href":"https:\/\/lamarinabj.com\/index.php\/wp-json\/wp\/v2\/media\/8546"}],"wp:attachment":[{"href":"https:\/\/lamarinabj.com\/index.php\/wp-json\/wp\/v2\/media?parent=8542"}],"wp:term":[{"taxonomy":"category","embeddable":true,"href":"https:\/\/lamarinabj.com\/index.php\/wp-json\/wp\/v2\/categories?post=8542"},{"taxonomy":"post_tag","embeddable":true,"href":"https:\/\/lamarinabj.com\/index.php\/wp-json\/wp\/v2\/tags?post=8542"}],"curies":[{"name":"wp","href":"https:\/\/api.w.org\/{rel}","templated":true}]}}