{"id":9067,"date":"2024-11-11T16:09:38","date_gmt":"2024-11-11T15:09:38","guid":{"rendered":"https:\/\/lamarinabj.com\/?p=9067"},"modified":"2024-11-11T16:13:13","modified_gmt":"2024-11-11T15:13:13","slug":"candide-azannai-soutenir-olivier-boko-est-une-obligation-morale","status":"publish","type":"post","link":"https:\/\/lamarinabj.com\/index.php\/2024\/11\/11\/candide-azannai-soutenir-olivier-boko-est-une-obligation-morale\/","title":{"rendered":"Candide Azanna\u00ef : Soutenir Olivier Boko est une \u00ab obligation morale \u00bb"},"content":{"rendered":"\n<p><strong><mark style=\"background-color:rgba(0, 0, 0, 0)\" class=\"has-inline-color has-red-color\">Politique, B\u00e9nin<\/mark><\/strong> &#8211; <strong><em>Dans une publication sur sa page Facebook, l\u2019ancien ministre et pr\u00e9sident du Parti Restaurer l\u2019Espoir, Candide Azanna\u00ef, s\u2019est prononc\u00e9 le 10 novembre 2024 en faveur d\u2019Olivier Boko et Oswald Homeky, d\u00e9tenus provisoirement depuis quelques semaines pour tentative pr\u00e9sum\u00e9e de \u00ab coup d\u2019\u00c9tat \u00bb. <\/em><\/strong><\/p>\n\n\n\n<p>Intitul\u00e9e mot d\u2019ordre de soutien \u00e0 Olivier Boko et consorts : raison morale et raison politique, la d\u00e9claration de Candide Azannai appelle \u00e0 leur lib\u00e9ration imm\u00e9diate et d\u00e9nonce une instrumentalisation politique de la justice.<\/p>\n\n\n\n<h2 id=\"une-raison-morale-pour-combattre-linjustice\" class=\"wp-block-heading\"><mark style=\"background-color:rgba(0, 0, 0, 0)\" class=\"has-inline-color has-red-color\">Une \u00ab raison morale \u00bb pour combattre l\u2019injustice<\/mark><\/h2>\n\n\n\n<p>L&rsquo;ancien ministre d\u00e9l\u00e9gu\u00e9 \u00e0 la d\u00e9fense condamne vigoureusement l\u2019arrestation et la d\u00e9tention de Olivier Boko et de Oswald Homeky, y voyant une atteinte aux principes fondamentaux de la justice. Pour lui, soutenir Olivier Boko est une \u00ab obligation morale \u00bb, soulignant que toute injustice, m\u00eame minime, doit \u00eatre combattue sans concession : \u00ab La justice est non seulement une valeur morale, elle est r\u00e9publicaine et inscrite au fronton de notre R\u00e9publique. \u00bb Cette position repose, selon l&rsquo;opposant au r\u00e9gime du pr\u00e9sident Patrice Talon, sur un principe humain essentiel qui exige de s\u2019opposer \u00e0 l\u2019injustice, notamment lorsque celle-ci touche des citoyens encore pr\u00e9sum\u00e9s innocents.<\/p>\n\n\n\n<p>L\u2019ancien d\u00e9put\u00e9 remet \u00e9galement en question les accusations port\u00e9es contre eux, qualifiant toujours l\u2019affaire de \u00ab fake coup d\u2019\u00c9tat \u00bb et soulevant des doutes sur la possibilit\u00e9 m\u00eame d\u2019un coup d\u2019\u00c9tat men\u00e9 par des civils. \u00ab Olivier Boko et consorts ne sont pas des putschistes \u00bb, affirme-t-il, qualifiant cette accusation de tentative de manipulation visant \u00e0 discr\u00e9diter des figures politiques.<\/p>\n\n\n\n<h2 id=\"une-raison-politique-pour-defendre-les-acquis-democratiques\" class=\"wp-block-heading\"><mark style=\"background-color:rgba(0, 0, 0, 0)\" class=\"has-inline-color has-red-color\">Une \u00ab raison politique \u00bb pour d\u00e9fendre les acquis d\u00e9mocratiques<\/mark><\/h2>\n\n\n\n<p>Au-del\u00e0 de la morale, l&rsquo;ancien \u00e9lu de la 16eme circonscription \u00e9lectorale estime que l\u2019affaire Boko-Homeky rel\u00e8ve \u00e9galement d\u2019une cause politique. Il d\u00e9nonce une tentative d\u2019\u00e9touffer toute opposition significative \u00e0 l\u2019approche des \u00e9lections de 2026, affirmant que ces deux hommes sont devenus des \u00ab cibles \u00e0 abattre \u00bb d\u2019un r\u00e9gime qu\u2019il qualifie de \u00ab pouvoir d\u00e9viant dit de la rupture \u00bb, cherchant \u00e0 \u00ab imposer un Pr\u00e9sident de la R\u00e9publique par procuration \u00bb.<\/p>\n\n\n\n<p>Selon le pr\u00e9sident du parti Restaurer l&rsquo;Espoir, cette affaire de tentative pr\u00e9sum\u00e9e de coup d&rsquo;\u00c9tat r\u00e9v\u00e8le l\u2019effondrement des institutions, qu\u2019il attribue aux r\u00e9formes politiques du r\u00e9gime en place, qu\u2019il qualifie de \u00ab vecteur de crise et d\u2019impasse politiques mortif\u00e8res \u00bb. Il appelle les citoyens \u00e0 prendre conscience de la gravit\u00e9 de cette situation et \u00e0 se mobiliser pour d\u00e9fendre les libert\u00e9s d\u00e9mocratiques menac\u00e9es.<\/p>\n\n\n\n<h2 id=\"un-appel-a-la-resistance-nationale\" class=\"wp-block-heading\"><mark style=\"background-color:rgba(0, 0, 0, 0)\" class=\"has-inline-color has-red-color\">\u00ab Un appel \u00e0 la r\u00e9sistance nationale \u00bb<\/mark><\/h2>\n\n\n\n<p>Dans cette ultime partie de sa d\u00e9claration visant \u00e0 \u00e9clairer l&rsquo;opinion sur ce qu&rsquo;il appelle le \u00ab fake coup d&rsquo;\u00c9tat \u00bb, Azanna\u00ef adopte un ton r\u00e9solument mobilisateur. Il exhorte les \u00ab r\u00e9sistants \u00bb et l\u2019ensemble des citoyens b\u00e9ninois \u00e0 s\u2019unir face \u00e0 ce qu\u2019il consid\u00e8re comme une tentative de consolidation d\u2019un pouvoir autocratique. \u00ab Rejoignez les rangs de l\u2019Int\u00e9r\u00eat g\u00e9n\u00e9ral, c\u2019est le mot d\u2019ordre de la r\u00e9sistance nationale \u00bb, conclut-il.<\/p>\n\n\n\n<p>Pour Candide Azanna\u00ef, cette lutte d\u00e9passe de loin l\u2019affaire Boko-Homeky ; elle incarne, selon lui, la d\u00e9fense des acquis d\u00e9mocratiques que le B\u00e9nin a pr\u00e9serv\u00e9s depuis la Conf\u00e9rence nationale de 1990.<\/p>\n","protected":false},"excerpt":{"rendered":"Politique, B\u00e9nin &#8211; Dans une publication sur sa page Facebook, l\u2019ancien ministre et pr\u00e9sident du Parti Restaurer l\u2019Espoir,&hellip;\n","protected":false},"author":9,"featured_media":9068,"comment_status":"open","ping_status":"open","sticky":false,"template":"elementor_theme","format":"standard","meta":{"csco_singular_sidebar":"","csco_page_header_type":"standard","csco_appearance_masonry":"","csco_page_load_nextpost":"","csco_post_video_location":[],"csco_post_video_location_hash":"","csco_post_video_url":"","csco_post_video_bg_start_time":0,"csco_post_video_bg_end_time":0,"footnotes":""},"categories":[239],"tags":[41,1119,858,909,910],"class_list":{"0":"post-9067","1":"post","2":"type-post","3":"status-publish","4":"format-standard","5":"has-post-thumbnail","7":"category-levenement-2","8":"tag-benin","9":"tag-candide-azannai","10":"tag-coup-detat","11":"tag-olivier-boko","12":"tag-oswald-homeky","13":"cs-entry","14":"cs-video-wrap"},"yoast_head":"<!-- This site is optimized with the Yoast SEO plugin v27.4 - https:\/\/yoast.com\/product\/yoast-seo-wordpress\/ -->\n<title>Candide Azanna\u00ef : Soutenir Olivier Boko est une \u00ab obligation morale \u00bb - LA MARINA BJ<\/title>\n<meta name=\"description\" content=\"Intitul\u00e9e mot d\u2019ordre de soutien \u00e0 Olivier Boko et consorts : raison morale et raison politique, la d\u00e9claration de Candide Azannai appelle \u00e0 leur lib\u00e9ration imm\u00e9diate et d\u00e9nonce une instrumentalisation politique de la justice.\" \/>\n<meta name=\"robots\" content=\"index, follow, max-snippet:-1, max-image-preview:large, max-video-preview:-1\" \/>\n<link rel=\"canonical\" href=\"https:\/\/lamarinabj.com\/index.php\/2024\/11\/11\/candide-azannai-soutenir-olivier-boko-est-une-obligation-morale\/\" \/>\n<meta property=\"og:locale\" content=\"fr_FR\" \/>\n<meta property=\"og:type\" content=\"article\" \/>\n<meta property=\"og:title\" content=\"Candide Azanna\u00ef : Soutenir Olivier Boko est une \u00ab obligation morale \u00bb - LA MARINA BJ\" \/>\n<meta property=\"og:description\" content=\"Intitul\u00e9e mot d\u2019ordre de soutien \u00e0 Olivier Boko et consorts : raison morale et raison politique, la d\u00e9claration de Candide Azannai appelle \u00e0 leur lib\u00e9ration imm\u00e9diate et d\u00e9nonce une instrumentalisation politique de la justice.\" \/>\n<meta property=\"og:url\" content=\"https:\/\/lamarinabj.com\/index.php\/2024\/11\/11\/candide-azannai-soutenir-olivier-boko-est-une-obligation-morale\/\" \/>\n<meta property=\"og:site_name\" content=\"LA MARINA BJ\" \/>\n<meta property=\"article:published_time\" content=\"2024-11-11T15:09:38+00:00\" \/>\n<meta property=\"article:modified_time\" content=\"2024-11-11T15:13:13+00:00\" \/>\n<meta property=\"og:image\" content=\"https:\/\/lamarinabj.com\/wp-content\/uploads\/2024\/11\/FB_IMG_1731305465794.jpg\" \/>\n\t<meta property=\"og:image:width\" content=\"720\" \/>\n\t<meta property=\"og:image:height\" content=\"1080\" \/>\n\t<meta property=\"og:image:type\" content=\"image\/jpeg\" \/>\n<meta name=\"author\" content=\"La Marina BJ - Team Politique &amp; Gouvernance\" \/>\n<meta name=\"twitter:card\" content=\"summary_large_image\" \/>\n<meta name=\"twitter:label1\" content=\"\u00c9crit par\" \/>\n\t<meta name=\"twitter:data1\" content=\"La Marina BJ - Team Politique &amp; Gouvernance\" \/>\n\t<meta name=\"twitter:label2\" content=\"Dur\u00e9e de lecture estim\u00e9e\" \/>\n\t<meta name=\"twitter:data2\" content=\"3 minutes\" \/>\n<script type=\"application\/ld+json\" class=\"yoast-schema-graph\">{\"@context\":\"https:\\\/\\\/schema.org\",\"@graph\":[{\"@type\":\"NewsArticle\",\"@id\":\"https:\\\/\\\/lamarinabj.com\\\/index.php\\\/2024\\\/11\\\/11\\\/candide-azannai-soutenir-olivier-boko-est-une-obligation-morale\\\/#article\",\"isPartOf\":{\"@id\":\"https:\\\/\\\/lamarinabj.com\\\/index.php\\\/2024\\\/11\\\/11\\\/candide-azannai-soutenir-olivier-boko-est-une-obligation-morale\\\/\"},\"author\":{\"name\":\"La Marina BJ - Team Politique &amp; Gouvernance\",\"@id\":\"https:\\\/\\\/lamarinabj.com\\\/#\\\/schema\\\/person\\\/402e6a9448a09031724da97f9dae67e8\"},\"headline\":\"Candide Azanna\u00ef : Soutenir Olivier Boko est une \u00ab obligation morale \u00bb\",\"datePublished\":\"2024-11-11T15:09:38+00:00\",\"dateModified\":\"2024-11-11T15:13:13+00:00\",\"mainEntityOfPage\":{\"@id\":\"https:\\\/\\\/lamarinabj.com\\\/index.php\\\/2024\\\/11\\\/11\\\/candide-azannai-soutenir-olivier-boko-est-une-obligation-morale\\\/\"},\"wordCount\":567,\"commentCount\":0,\"image\":{\"@id\":\"https:\\\/\\\/lamarinabj.com\\\/index.php\\\/2024\\\/11\\\/11\\\/candide-azannai-soutenir-olivier-boko-est-une-obligation-morale\\\/#primaryimage\"},\"thumbnailUrl\":\"https:\\\/\\\/lamarinabj.com\\\/wp-content\\\/uploads\\\/2024\\\/11\\\/FB_IMG_1731305465794.jpg\",\"keywords\":[\"B\u00e9nin\",\"Candide Azannai\",\"Coup d'\u00c9tat\",\"Olivier Boko\",\"Oswald Homeky\"],\"articleSection\":[\"L'\u00c9V\u00c9NEMENT\"],\"inLanguage\":\"fr-FR\",\"potentialAction\":[{\"@type\":\"CommentAction\",\"name\":\"Comment\",\"target\":[\"https:\\\/\\\/lamarinabj.com\\\/index.php\\\/2024\\\/11\\\/11\\\/candide-azannai-soutenir-olivier-boko-est-une-obligation-morale\\\/#respond\"]}]},{\"@type\":[\"WebPage\",\"SearchResultsPage\"],\"@id\":\"https:\\\/\\\/lamarinabj.com\\\/index.php\\\/2024\\\/11\\\/11\\\/candide-azannai-soutenir-olivier-boko-est-une-obligation-morale\\\/\",\"url\":\"https:\\\/\\\/lamarinabj.com\\\/index.php\\\/2024\\\/11\\\/11\\\/candide-azannai-soutenir-olivier-boko-est-une-obligation-morale\\\/\",\"name\":\"Candide Azanna\u00ef : Soutenir Olivier Boko est une \u00ab obligation morale \u00bb - LA MARINA BJ\",\"isPartOf\":{\"@id\":\"https:\\\/\\\/lamarinabj.com\\\/#website\"},\"primaryImageOfPage\":{\"@id\":\"https:\\\/\\\/lamarinabj.com\\\/index.php\\\/2024\\\/11\\\/11\\\/candide-azannai-soutenir-olivier-boko-est-une-obligation-morale\\\/#primaryimage\"},\"image\":{\"@id\":\"https:\\\/\\\/lamarinabj.com\\\/index.php\\\/2024\\\/11\\\/11\\\/candide-azannai-soutenir-olivier-boko-est-une-obligation-morale\\\/#primaryimage\"},\"thumbnailUrl\":\"https:\\\/\\\/lamarinabj.com\\\/wp-content\\\/uploads\\\/2024\\\/11\\\/FB_IMG_1731305465794.jpg\",\"datePublished\":\"2024-11-11T15:09:38+00:00\",\"dateModified\":\"2024-11-11T15:13:13+00:00\",\"author\":{\"@id\":\"https:\\\/\\\/lamarinabj.com\\\/#\\\/schema\\\/person\\\/402e6a9448a09031724da97f9dae67e8\"},\"description\":\"Intitul\u00e9e mot d\u2019ordre de soutien \u00e0 Olivier Boko et consorts : raison morale et raison politique, la d\u00e9claration de Candide Azannai appelle \u00e0 leur lib\u00e9ration imm\u00e9diate et d\u00e9nonce une instrumentalisation politique de la justice.\",\"breadcrumb\":{\"@id\":\"https:\\\/\\\/lamarinabj.com\\\/index.php\\\/2024\\\/11\\\/11\\\/candide-azannai-soutenir-olivier-boko-est-une-obligation-morale\\\/#breadcrumb\"},\"inLanguage\":\"fr-FR\",\"potentialAction\":[{\"@type\":\"ReadAction\",\"target\":[\"https:\\\/\\\/lamarinabj.com\\\/index.php\\\/2024\\\/11\\\/11\\\/candide-azannai-soutenir-olivier-boko-est-une-obligation-morale\\\/\"]}]},{\"@type\":\"ImageObject\",\"inLanguage\":\"fr-FR\",\"@id\":\"https:\\\/\\\/lamarinabj.com\\\/index.php\\\/2024\\\/11\\\/11\\\/candide-azannai-soutenir-olivier-boko-est-une-obligation-morale\\\/#primaryimage\",\"url\":\"https:\\\/\\\/lamarinabj.com\\\/wp-content\\\/uploads\\\/2024\\\/11\\\/FB_IMG_1731305465794.jpg\",\"contentUrl\":\"https:\\\/\\\/lamarinabj.com\\\/wp-content\\\/uploads\\\/2024\\\/11\\\/FB_IMG_1731305465794.jpg\",\"width\":720,\"height\":1080},{\"@type\":\"BreadcrumbList\",\"@id\":\"https:\\\/\\\/lamarinabj.com\\\/index.php\\\/2024\\\/11\\\/11\\\/candide-azannai-soutenir-olivier-boko-est-une-obligation-morale\\\/#breadcrumb\",\"itemListElement\":[{\"@type\":\"ListItem\",\"position\":1,\"name\":\"Accueil\",\"item\":\"https:\\\/\\\/lamarinabj.com\\\/\"},{\"@type\":\"ListItem\",\"position\":2,\"name\":\"Candide Azanna\u00ef : Soutenir Olivier Boko est une \u00ab obligation morale \u00bb\"}]},{\"@type\":\"WebSite\",\"@id\":\"https:\\\/\\\/lamarinabj.com\\\/#website\",\"url\":\"https:\\\/\\\/lamarinabj.com\\\/\",\"name\":\"LA MARINA BJ\",\"description\":\"Votre portail vers l&#039;information strat\u00e9gique au B\u00e9nin, en Afrique et au-del\u00e0\",\"potentialAction\":[{\"@type\":\"SearchAction\",\"target\":{\"@type\":\"EntryPoint\",\"urlTemplate\":\"https:\\\/\\\/lamarinabj.com\\\/?s={search_term_string}\"},\"query-input\":{\"@type\":\"PropertyValueSpecification\",\"valueRequired\":true,\"valueName\":\"search_term_string\"}}],\"inLanguage\":\"fr-FR\"},{\"@type\":\"Person\",\"@id\":\"https:\\\/\\\/lamarinabj.com\\\/#\\\/schema\\\/person\\\/402e6a9448a09031724da97f9dae67e8\",\"name\":\"La Marina BJ - Team Politique &amp; Gouvernance\",\"image\":{\"@type\":\"ImageObject\",\"inLanguage\":\"fr-FR\",\"@id\":\"https:\\\/\\\/secure.gravatar.com\\\/avatar\\\/fd9545dd7863c2f40d7696b9bb5d085e4615baa276d5cd3e6a5a3bbc53bfae6e?s=96&d=mm&r=g\",\"url\":\"https:\\\/\\\/secure.gravatar.com\\\/avatar\\\/fd9545dd7863c2f40d7696b9bb5d085e4615baa276d5cd3e6a5a3bbc53bfae6e?s=96&d=mm&r=g\",\"contentUrl\":\"https:\\\/\\\/secure.gravatar.com\\\/avatar\\\/fd9545dd7863c2f40d7696b9bb5d085e4615baa276d5cd3e6a5a3bbc53bfae6e?s=96&d=mm&r=g\",\"caption\":\"La Marina BJ - Team Politique &amp; Gouvernance\"},\"description\":\"La Team Politique &amp; Gouvernance de La Marina BJ est au c\u0153ur de l\u2019analyse des enjeux politiques, institutionnels et de gouvernance au B\u00e9nin et en Afrique. Compos\u00e9e de journalistes sp\u00e9cialis\u00e9s en affaires publiques et en politique, cette \u00e9quipe s\u2019attache \u00e0 d\u00e9crypter les d\u00e9cisions politiques, \u00e0 suivre l\u2019\u00e9volution des r\u00e9formes institutionnelles, et \u00e0 analyser les dynamiques de pouvoir au sein des institutions nationales et internationales.\",\"url\":\"https:\\\/\\\/lamarinabj.com\\\/index.php\\\/author\\\/adimi\\\/\"}]}<\/script>\n<!-- \/ Yoast SEO plugin. -->","yoast_head_json":{"title":"Candide Azanna\u00ef : Soutenir Olivier Boko est une \u00ab obligation morale \u00bb - LA MARINA BJ","description":"Intitul\u00e9e mot d\u2019ordre de soutien \u00e0 Olivier Boko et consorts : raison morale et raison politique, la d\u00e9claration de Candide Azannai appelle \u00e0 leur lib\u00e9ration imm\u00e9diate et d\u00e9nonce une instrumentalisation politique de la justice.","robots":{"index":"index","follow":"follow","max-snippet":"max-snippet:-1","max-image-preview":"max-image-preview:large","max-video-preview":"max-video-preview:-1"},"canonical":"https:\/\/lamarinabj.com\/index.php\/2024\/11\/11\/candide-azannai-soutenir-olivier-boko-est-une-obligation-morale\/","og_locale":"fr_FR","og_type":"article","og_title":"Candide Azanna\u00ef : Soutenir Olivier Boko est une \u00ab obligation morale \u00bb - LA MARINA BJ","og_description":"Intitul\u00e9e mot d\u2019ordre de soutien \u00e0 Olivier Boko et consorts : raison morale et raison politique, la d\u00e9claration de Candide Azannai appelle \u00e0 leur lib\u00e9ration imm\u00e9diate et d\u00e9nonce une instrumentalisation politique de la justice.","og_url":"https:\/\/lamarinabj.com\/index.php\/2024\/11\/11\/candide-azannai-soutenir-olivier-boko-est-une-obligation-morale\/","og_site_name":"LA MARINA BJ","article_published_time":"2024-11-11T15:09:38+00:00","article_modified_time":"2024-11-11T15:13:13+00:00","og_image":[{"width":720,"height":1080,"url":"https:\/\/lamarinabj.com\/wp-content\/uploads\/2024\/11\/FB_IMG_1731305465794.jpg","type":"image\/jpeg"}],"author":"La Marina BJ - Team Politique &amp; Gouvernance","twitter_card":"summary_large_image","twitter_misc":{"\u00c9crit par":"La Marina BJ - Team Politique &amp; Gouvernance","Dur\u00e9e de lecture estim\u00e9e":"3 minutes"},"schema":{"@context":"https:\/\/schema.org","@graph":[{"@type":"NewsArticle","@id":"https:\/\/lamarinabj.com\/index.php\/2024\/11\/11\/candide-azannai-soutenir-olivier-boko-est-une-obligation-morale\/#article","isPartOf":{"@id":"https:\/\/lamarinabj.com\/index.php\/2024\/11\/11\/candide-azannai-soutenir-olivier-boko-est-une-obligation-morale\/"},"author":{"name":"La Marina BJ - Team Politique &amp; Gouvernance","@id":"https:\/\/lamarinabj.com\/#\/schema\/person\/402e6a9448a09031724da97f9dae67e8"},"headline":"Candide Azanna\u00ef : Soutenir Olivier Boko est une \u00ab obligation morale \u00bb","datePublished":"2024-11-11T15:09:38+00:00","dateModified":"2024-11-11T15:13:13+00:00","mainEntityOfPage":{"@id":"https:\/\/lamarinabj.com\/index.php\/2024\/11\/11\/candide-azannai-soutenir-olivier-boko-est-une-obligation-morale\/"},"wordCount":567,"commentCount":0,"image":{"@id":"https:\/\/lamarinabj.com\/index.php\/2024\/11\/11\/candide-azannai-soutenir-olivier-boko-est-une-obligation-morale\/#primaryimage"},"thumbnailUrl":"https:\/\/lamarinabj.com\/wp-content\/uploads\/2024\/11\/FB_IMG_1731305465794.jpg","keywords":["B\u00e9nin","Candide Azannai","Coup d'\u00c9tat","Olivier Boko","Oswald Homeky"],"articleSection":["L'\u00c9V\u00c9NEMENT"],"inLanguage":"fr-FR","potentialAction":[{"@type":"CommentAction","name":"Comment","target":["https:\/\/lamarinabj.com\/index.php\/2024\/11\/11\/candide-azannai-soutenir-olivier-boko-est-une-obligation-morale\/#respond"]}]},{"@type":["WebPage","SearchResultsPage"],"@id":"https:\/\/lamarinabj.com\/index.php\/2024\/11\/11\/candide-azannai-soutenir-olivier-boko-est-une-obligation-morale\/","url":"https:\/\/lamarinabj.com\/index.php\/2024\/11\/11\/candide-azannai-soutenir-olivier-boko-est-une-obligation-morale\/","name":"Candide Azanna\u00ef : Soutenir Olivier Boko est une \u00ab obligation morale \u00bb - LA MARINA BJ","isPartOf":{"@id":"https:\/\/lamarinabj.com\/#website"},"primaryImageOfPage":{"@id":"https:\/\/lamarinabj.com\/index.php\/2024\/11\/11\/candide-azannai-soutenir-olivier-boko-est-une-obligation-morale\/#primaryimage"},"image":{"@id":"https:\/\/lamarinabj.com\/index.php\/2024\/11\/11\/candide-azannai-soutenir-olivier-boko-est-une-obligation-morale\/#primaryimage"},"thumbnailUrl":"https:\/\/lamarinabj.com\/wp-content\/uploads\/2024\/11\/FB_IMG_1731305465794.jpg","datePublished":"2024-11-11T15:09:38+00:00","dateModified":"2024-11-11T15:13:13+00:00","author":{"@id":"https:\/\/lamarinabj.com\/#\/schema\/person\/402e6a9448a09031724da97f9dae67e8"},"description":"Intitul\u00e9e mot d\u2019ordre de soutien \u00e0 Olivier Boko et consorts : raison morale et raison politique, la d\u00e9claration de Candide Azannai appelle \u00e0 leur lib\u00e9ration imm\u00e9diate et d\u00e9nonce une instrumentalisation politique de la justice.","breadcrumb":{"@id":"https:\/\/lamarinabj.com\/index.php\/2024\/11\/11\/candide-azannai-soutenir-olivier-boko-est-une-obligation-morale\/#breadcrumb"},"inLanguage":"fr-FR","potentialAction":[{"@type":"ReadAction","target":["https:\/\/lamarinabj.com\/index.php\/2024\/11\/11\/candide-azannai-soutenir-olivier-boko-est-une-obligation-morale\/"]}]},{"@type":"ImageObject","inLanguage":"fr-FR","@id":"https:\/\/lamarinabj.com\/index.php\/2024\/11\/11\/candide-azannai-soutenir-olivier-boko-est-une-obligation-morale\/#primaryimage","url":"https:\/\/lamarinabj.com\/wp-content\/uploads\/2024\/11\/FB_IMG_1731305465794.jpg","contentUrl":"https:\/\/lamarinabj.com\/wp-content\/uploads\/2024\/11\/FB_IMG_1731305465794.jpg","width":720,"height":1080},{"@type":"BreadcrumbList","@id":"https:\/\/lamarinabj.com\/index.php\/2024\/11\/11\/candide-azannai-soutenir-olivier-boko-est-une-obligation-morale\/#breadcrumb","itemListElement":[{"@type":"ListItem","position":1,"name":"Accueil","item":"https:\/\/lamarinabj.com\/"},{"@type":"ListItem","position":2,"name":"Candide Azanna\u00ef : Soutenir Olivier Boko est une \u00ab obligation morale \u00bb"}]},{"@type":"WebSite","@id":"https:\/\/lamarinabj.com\/#website","url":"https:\/\/lamarinabj.com\/","name":"LA MARINA BJ","description":"Votre portail vers l&#039;information strat\u00e9gique au B\u00e9nin, en Afrique et au-del\u00e0","potentialAction":[{"@type":"SearchAction","target":{"@type":"EntryPoint","urlTemplate":"https:\/\/lamarinabj.com\/?s={search_term_string}"},"query-input":{"@type":"PropertyValueSpecification","valueRequired":true,"valueName":"search_term_string"}}],"inLanguage":"fr-FR"},{"@type":"Person","@id":"https:\/\/lamarinabj.com\/#\/schema\/person\/402e6a9448a09031724da97f9dae67e8","name":"La Marina BJ - Team Politique &amp; Gouvernance","image":{"@type":"ImageObject","inLanguage":"fr-FR","@id":"https:\/\/secure.gravatar.com\/avatar\/fd9545dd7863c2f40d7696b9bb5d085e4615baa276d5cd3e6a5a3bbc53bfae6e?s=96&d=mm&r=g","url":"https:\/\/secure.gravatar.com\/avatar\/fd9545dd7863c2f40d7696b9bb5d085e4615baa276d5cd3e6a5a3bbc53bfae6e?s=96&d=mm&r=g","contentUrl":"https:\/\/secure.gravatar.com\/avatar\/fd9545dd7863c2f40d7696b9bb5d085e4615baa276d5cd3e6a5a3bbc53bfae6e?s=96&d=mm&r=g","caption":"La Marina BJ - Team Politique &amp; Gouvernance"},"description":"La Team Politique &amp; Gouvernance de La Marina BJ est au c\u0153ur de l\u2019analyse des enjeux politiques, institutionnels et de gouvernance au B\u00e9nin et en Afrique. Compos\u00e9e de journalistes sp\u00e9cialis\u00e9s en affaires publiques et en politique, cette \u00e9quipe s\u2019attache \u00e0 d\u00e9crypter les d\u00e9cisions politiques, \u00e0 suivre l\u2019\u00e9volution des r\u00e9formes institutionnelles, et \u00e0 analyser les dynamiques de pouvoir au sein des institutions nationales et internationales.","url":"https:\/\/lamarinabj.com\/index.php\/author\/adimi\/"}]}},"_links":{"self":[{"href":"https:\/\/lamarinabj.com\/index.php\/wp-json\/wp\/v2\/posts\/9067","targetHints":{"allow":["GET"]}}],"collection":[{"href":"https:\/\/lamarinabj.com\/index.php\/wp-json\/wp\/v2\/posts"}],"about":[{"href":"https:\/\/lamarinabj.com\/index.php\/wp-json\/wp\/v2\/types\/post"}],"author":[{"embeddable":true,"href":"https:\/\/lamarinabj.com\/index.php\/wp-json\/wp\/v2\/users\/9"}],"replies":[{"embeddable":true,"href":"https:\/\/lamarinabj.com\/index.php\/wp-json\/wp\/v2\/comments?post=9067"}],"version-history":[{"count":2,"href":"https:\/\/lamarinabj.com\/index.php\/wp-json\/wp\/v2\/posts\/9067\/revisions"}],"predecessor-version":[{"id":9070,"href":"https:\/\/lamarinabj.com\/index.php\/wp-json\/wp\/v2\/posts\/9067\/revisions\/9070"}],"wp:featuredmedia":[{"embeddable":true,"href":"https:\/\/lamarinabj.com\/index.php\/wp-json\/wp\/v2\/media\/9068"}],"wp:attachment":[{"href":"https:\/\/lamarinabj.com\/index.php\/wp-json\/wp\/v2\/media?parent=9067"}],"wp:term":[{"taxonomy":"category","embeddable":true,"href":"https:\/\/lamarinabj.com\/index.php\/wp-json\/wp\/v2\/categories?post=9067"},{"taxonomy":"post_tag","embeddable":true,"href":"https:\/\/lamarinabj.com\/index.php\/wp-json\/wp\/v2\/tags?post=9067"}],"curies":[{"name":"wp","href":"https:\/\/api.w.org\/{rel}","templated":true}]}}