{"id":9308,"date":"2024-11-28T14:03:28","date_gmt":"2024-11-28T13:03:28","guid":{"rendered":"https:\/\/lamarinabj.com\/?p=9308"},"modified":"2024-11-28T14:05:52","modified_gmt":"2024-11-28T13:05:52","slug":"benin-lalliance-progressiste-denonce-la-repression-politique","status":"publish","type":"post","link":"https:\/\/lamarinabj.com\/index.php\/2024\/11\/28\/benin-lalliance-progressiste-denonce-la-repression-politique\/","title":{"rendered":"B\u00e9nin : L\u2019Alliance Progressiste d\u00e9nonce la r\u00e9pression politique"},"content":{"rendered":"\n<p><strong><mark style=\"background-color:rgba(0, 0, 0, 0)\" class=\"has-inline-color has-red-color\">Politique, B\u00e9nin &#8211;<\/mark><\/strong> <strong><em>Dans un communiqu\u00e9 publi\u00e9 le 27 novembre 2024, l\u2019Alliance Progressiste, principal regroupement mondial de partis socio-d\u00e9mocrates, r\u00e9pond \u00e0 une demande du parti b\u00e9ninois d\u2019opposition Les D\u00e9mocrates, nouvellement admis au sein de ses rangs. Elle exprime sa pr\u00e9occupation face \u00e0 la d\u00e9t\u00e9rioration des droits humains au B\u00e9nin. Elle r\u00e9clame la lib\u00e9ration de figures de l\u2019opposition et des garanties pour des \u00e9lections \u00e9quitables en 2026<\/em>.<\/strong><\/p>\n\n\n\n<p>Dans son communiqu\u00e9, l\u2019Alliance Progressiste met en lumi\u00e8re une crise d\u00e9mocratique au B\u00e9nin, autrefois cit\u00e9 comme un mod\u00e8le sur le continent africain. L\u2019organisation s\u2019inqui\u00e8te des \u00ab\u00a0arrestations et d\u00e9tentions arbitraires de personnalit\u00e9s de l\u2019opposition\u00a0\u00bb, notamment celles de Reckya Madougou et de Fr\u00e9d\u00e9ric Jo\u00ebl A\u00efvo, candidats \u00e0 l\u2019\u00e9lection pr\u00e9sidentielle de 2021.<\/p>\n\n\n\n<p>Ces deux figures embl\u00e9matiques, selon le communiqu\u00e9, ont \u00e9t\u00e9 emp\u00each\u00e9es de se pr\u00e9senter, puis condamn\u00e9es sur des \u00ab\u00a0accusations fabriqu\u00e9es de toutes pi\u00e8ces\u00a0\u00bb, un acte qualifi\u00e9 de pers\u00e9cution politique par l\u2019Alliance. Ces pratiques, estime-t-elle, refl\u00e8tent \u00ab\u00a0un d\u00e9clin d\u00e9mocratique marqu\u00e9 par la manipulation du syst\u00e8me judiciaire et des lois \u00e9lectorales pour museler l\u2019opposition\u00a0\u00bb.<\/p>\n\n\n\n<p>L\u2019organisation rappelle les r\u00e9centes conclusions du Groupe de travail des Nations Unies sur la d\u00e9tention arbitraire, qui a jug\u00e9 ill\u00e9gale la d\u00e9tention de Mme Madougou et de M. A\u00efvo, et d\u00e9plore le refus persistant du gouvernement b\u00e9ninois de se conformer aux recommandations internationales.<\/p>\n\n\n\n<h2 id=\"une-mobilisation-internationale-pour-la-justice-et-les-droits-fondamentaux\" class=\"wp-block-heading\"><mark style=\"background-color:rgba(0, 0, 0, 0)\" class=\"has-inline-color has-red-color\">Une mobilisation internationale pour la justice et les droits fondamentaux<\/mark><\/h2>\n\n\n\n<p>Appuy\u00e9e par des membres venant de 23 pays, dont l\u2019Allemagne, le S\u00e9n\u00e9gal et le Br\u00e9sil, le Conseil d\u2019administration de l\u2019Alliance Progressiste a valid\u00e9 cette d\u00e9claration unanime pour exiger des r\u00e9formes au B\u00e9nin. Le texte met en garde contre l\u2019augmentation inqui\u00e9tante du nombre d\u2019exil\u00e9s politiques, d\u00e9crivant un environnement hostile o\u00f9 les opposants sont \u00ab\u00a0soit arr\u00eat\u00e9s, soit contraints de fuir le pays\u00a0\u00bb.<\/p>\n\n\n\n<p>L\u2019Alliance insiste sur la n\u00e9cessit\u00e9 de \u00ab\u00a0r\u00e9tablir les droits fondamentaux\u00a0\u00bb. Elle appelle aussi \u00e0 \u00ab\u00a0mettre fin \u00e0 la r\u00e9pression des voix dissidentes\u00a0\u00bb afin de garantir un processus \u00e9lectoral \u00ab\u00a0libre et cr\u00e9dible\u00a0\u00bb en 2026, une \u00e9ch\u00e9ance cruciale pour l\u2019avenir politique du pays.<\/p>\n\n\n\n<h2 id=\"un-appel-a-laction-pour-restaurer-la-democratie\" class=\"wp-block-heading\"><mark style=\"background-color:rgba(0, 0, 0, 0)\" class=\"has-inline-color has-red-color\">Un appel \u00e0 l\u2019action pour restaurer la d\u00e9mocratie<\/mark><\/h2>\n\n\n\n<p>Dans ce communiqu\u00e9, l\u2019Alliance Progressiste exhorte le gouvernement b\u00e9ninois \u00e0 prendre des mesures imm\u00e9diates. \u00ab\u00a0Nous demandons instamment la lib\u00e9ration de Reckya Madougou et de Fr\u00e9d\u00e9ric Jo\u00ebl A\u00efvo\u00a0\u00bb, affirme-t-elle, tout en pressant les autorit\u00e9s de respecter les principes du Pacte international relatif aux droits civils et politiques.<\/p>\n\n\n\n<p>Pour l\u2019Alliance Progressiste, les prochaines \u00e9lections g\u00e9n\u00e9rales repr\u00e9sentent une opportunit\u00e9 de \u00ab\u00a0pr\u00e9server les acquis d\u00e9mocratiques\u00a0\u00bb du pays et d\u2019enrayer un cycle r\u00e9pressif qui menace l\u2019\u00e9quilibre national. La mobilisation internationale, comme l\u2019indique le communiqu\u00e9, reste essentielle pour accompagner ce processus et garantir que le peuple b\u00e9ninois puisse s\u2019exprimer librement dans les urnes.<\/p>\n\n\n\n<p><a href=\"\"><\/a><\/p>\n\n\n\n<p><a href=\"\"><\/a><\/p>\n","protected":false},"excerpt":{"rendered":"Politique, B\u00e9nin &#8211; Dans un communiqu\u00e9 publi\u00e9 le 27 novembre 2024, l\u2019Alliance Progressiste, principal regroupement mondial de partis&hellip;\n","protected":false},"author":4,"featured_media":9309,"comment_status":"open","ping_status":"open","sticky":false,"template":"elementor_theme","format":"standard","meta":{"csco_singular_sidebar":"","csco_page_header_type":"standard","csco_appearance_masonry":"","csco_page_load_nextpost":"","csco_post_video_location":[],"csco_post_video_location_hash":"","csco_post_video_url":"","csco_post_video_bg_start_time":0,"csco_post_video_bg_end_time":0,"footnotes":""},"categories":[239],"tags":[1199,41,411,250,412],"class_list":{"0":"post-9308","1":"post","2":"type-post","3":"status-publish","4":"format-standard","5":"has-post-thumbnail","7":"category-levenement-2","8":"tag-alliance-progressiste","9":"tag-benin","10":"tag-joel-aivo","11":"tag-parti-les-democrates","12":"tag-reckya-madougou","13":"cs-entry","14":"cs-video-wrap"},"yoast_head":"<!-- This site is optimized with the Yoast SEO plugin v27.4 - https:\/\/yoast.com\/product\/yoast-seo-wordpress\/ -->\n<title>B\u00e9nin : L\u2019Alliance Progressiste d\u00e9nonce la r\u00e9pression politique - LA MARINA BJ<\/title>\n<meta name=\"description\" content=\"Dans un communiqu\u00e9 publi\u00e9 le 27 novembre 2024, l\u2019Alliance Progressiste, principal regroupement mondial de partis socio-d\u00e9mocrates, r\u00e9pond \u00e0 une demande du parti b\u00e9ninois d\u2019opposition Les D\u00e9mocrates, nouvellement admis au sein de ses rangs.\" \/>\n<meta name=\"robots\" content=\"index, follow, max-snippet:-1, max-image-preview:large, max-video-preview:-1\" \/>\n<link rel=\"canonical\" href=\"https:\/\/lamarinabj.com\/index.php\/2024\/11\/28\/benin-lalliance-progressiste-denonce-la-repression-politique\/\" \/>\n<meta property=\"og:locale\" content=\"fr_FR\" \/>\n<meta property=\"og:type\" content=\"article\" \/>\n<meta property=\"og:title\" content=\"B\u00e9nin : L\u2019Alliance Progressiste d\u00e9nonce la r\u00e9pression politique - LA MARINA BJ\" \/>\n<meta property=\"og:description\" content=\"Dans un communiqu\u00e9 publi\u00e9 le 27 novembre 2024, l\u2019Alliance Progressiste, principal regroupement mondial de partis socio-d\u00e9mocrates, r\u00e9pond \u00e0 une demande du parti b\u00e9ninois d\u2019opposition Les D\u00e9mocrates, nouvellement admis au sein de ses rangs.\" \/>\n<meta property=\"og:url\" content=\"https:\/\/lamarinabj.com\/index.php\/2024\/11\/28\/benin-lalliance-progressiste-denonce-la-repression-politique\/\" \/>\n<meta property=\"og:site_name\" content=\"LA MARINA BJ\" \/>\n<meta property=\"article:published_time\" content=\"2024-11-28T13:03:28+00:00\" \/>\n<meta property=\"article:modified_time\" content=\"2024-11-28T13:05:52+00:00\" \/>\n<meta property=\"og:image\" content=\"https:\/\/lamarinabj.com\/wp-content\/uploads\/2024\/11\/FB_IMG_1732797548139.jpg\" \/>\n\t<meta property=\"og:image:width\" content=\"1080\" \/>\n\t<meta property=\"og:image:height\" content=\"1080\" \/>\n\t<meta property=\"og:image:type\" content=\"image\/jpeg\" \/>\n<meta name=\"author\" content=\"La Marina BJ - Team Affaires Judiciaires\" \/>\n<meta name=\"twitter:card\" content=\"summary_large_image\" \/>\n<meta name=\"twitter:label1\" content=\"\u00c9crit par\" \/>\n\t<meta name=\"twitter:data1\" content=\"La Marina BJ - Team Affaires Judiciaires\" \/>\n\t<meta name=\"twitter:label2\" content=\"Dur\u00e9e de lecture estim\u00e9e\" \/>\n\t<meta name=\"twitter:data2\" content=\"3 minutes\" \/>\n<script type=\"application\/ld+json\" class=\"yoast-schema-graph\">{\"@context\":\"https:\\\/\\\/schema.org\",\"@graph\":[{\"@type\":\"NewsArticle\",\"@id\":\"https:\\\/\\\/lamarinabj.com\\\/index.php\\\/2024\\\/11\\\/28\\\/benin-lalliance-progressiste-denonce-la-repression-politique\\\/#article\",\"isPartOf\":{\"@id\":\"https:\\\/\\\/lamarinabj.com\\\/index.php\\\/2024\\\/11\\\/28\\\/benin-lalliance-progressiste-denonce-la-repression-politique\\\/\"},\"author\":{\"name\":\"La Marina BJ - Team Affaires Judiciaires\",\"@id\":\"https:\\\/\\\/lamarinabj.com\\\/#\\\/schema\\\/person\\\/e64c6145b3fb25d98218ef3bafce37de\"},\"headline\":\"B\u00e9nin : L\u2019Alliance Progressiste d\u00e9nonce la r\u00e9pression politique\",\"datePublished\":\"2024-11-28T13:03:28+00:00\",\"dateModified\":\"2024-11-28T13:05:52+00:00\",\"mainEntityOfPage\":{\"@id\":\"https:\\\/\\\/lamarinabj.com\\\/index.php\\\/2024\\\/11\\\/28\\\/benin-lalliance-progressiste-denonce-la-repression-politique\\\/\"},\"wordCount\":523,\"commentCount\":0,\"image\":{\"@id\":\"https:\\\/\\\/lamarinabj.com\\\/index.php\\\/2024\\\/11\\\/28\\\/benin-lalliance-progressiste-denonce-la-repression-politique\\\/#primaryimage\"},\"thumbnailUrl\":\"https:\\\/\\\/lamarinabj.com\\\/wp-content\\\/uploads\\\/2024\\\/11\\\/FB_IMG_1732797548139.jpg\",\"keywords\":[\"Alliance Progressiste\",\"B\u00e9nin\",\"Jo\u00ebl Aivo\",\"Parti Les D\u00e9mocrates\",\"Reckya Madougou\"],\"articleSection\":[\"L'\u00c9V\u00c9NEMENT\"],\"inLanguage\":\"fr-FR\",\"potentialAction\":[{\"@type\":\"CommentAction\",\"name\":\"Comment\",\"target\":[\"https:\\\/\\\/lamarinabj.com\\\/index.php\\\/2024\\\/11\\\/28\\\/benin-lalliance-progressiste-denonce-la-repression-politique\\\/#respond\"]}]},{\"@type\":[\"WebPage\",\"SearchResultsPage\"],\"@id\":\"https:\\\/\\\/lamarinabj.com\\\/index.php\\\/2024\\\/11\\\/28\\\/benin-lalliance-progressiste-denonce-la-repression-politique\\\/\",\"url\":\"https:\\\/\\\/lamarinabj.com\\\/index.php\\\/2024\\\/11\\\/28\\\/benin-lalliance-progressiste-denonce-la-repression-politique\\\/\",\"name\":\"B\u00e9nin : L\u2019Alliance Progressiste d\u00e9nonce la r\u00e9pression politique - LA MARINA BJ\",\"isPartOf\":{\"@id\":\"https:\\\/\\\/lamarinabj.com\\\/#website\"},\"primaryImageOfPage\":{\"@id\":\"https:\\\/\\\/lamarinabj.com\\\/index.php\\\/2024\\\/11\\\/28\\\/benin-lalliance-progressiste-denonce-la-repression-politique\\\/#primaryimage\"},\"image\":{\"@id\":\"https:\\\/\\\/lamarinabj.com\\\/index.php\\\/2024\\\/11\\\/28\\\/benin-lalliance-progressiste-denonce-la-repression-politique\\\/#primaryimage\"},\"thumbnailUrl\":\"https:\\\/\\\/lamarinabj.com\\\/wp-content\\\/uploads\\\/2024\\\/11\\\/FB_IMG_1732797548139.jpg\",\"datePublished\":\"2024-11-28T13:03:28+00:00\",\"dateModified\":\"2024-11-28T13:05:52+00:00\",\"author\":{\"@id\":\"https:\\\/\\\/lamarinabj.com\\\/#\\\/schema\\\/person\\\/e64c6145b3fb25d98218ef3bafce37de\"},\"description\":\"Dans un communiqu\u00e9 publi\u00e9 le 27 novembre 2024, l\u2019Alliance Progressiste, principal regroupement mondial de partis socio-d\u00e9mocrates, r\u00e9pond \u00e0 une demande du parti b\u00e9ninois d\u2019opposition Les D\u00e9mocrates, nouvellement admis au sein de ses rangs.\",\"breadcrumb\":{\"@id\":\"https:\\\/\\\/lamarinabj.com\\\/index.php\\\/2024\\\/11\\\/28\\\/benin-lalliance-progressiste-denonce-la-repression-politique\\\/#breadcrumb\"},\"inLanguage\":\"fr-FR\",\"potentialAction\":[{\"@type\":\"ReadAction\",\"target\":[\"https:\\\/\\\/lamarinabj.com\\\/index.php\\\/2024\\\/11\\\/28\\\/benin-lalliance-progressiste-denonce-la-repression-politique\\\/\"]}]},{\"@type\":\"ImageObject\",\"inLanguage\":\"fr-FR\",\"@id\":\"https:\\\/\\\/lamarinabj.com\\\/index.php\\\/2024\\\/11\\\/28\\\/benin-lalliance-progressiste-denonce-la-repression-politique\\\/#primaryimage\",\"url\":\"https:\\\/\\\/lamarinabj.com\\\/wp-content\\\/uploads\\\/2024\\\/11\\\/FB_IMG_1732797548139.jpg\",\"contentUrl\":\"https:\\\/\\\/lamarinabj.com\\\/wp-content\\\/uploads\\\/2024\\\/11\\\/FB_IMG_1732797548139.jpg\",\"width\":1080,\"height\":1080},{\"@type\":\"BreadcrumbList\",\"@id\":\"https:\\\/\\\/lamarinabj.com\\\/index.php\\\/2024\\\/11\\\/28\\\/benin-lalliance-progressiste-denonce-la-repression-politique\\\/#breadcrumb\",\"itemListElement\":[{\"@type\":\"ListItem\",\"position\":1,\"name\":\"Accueil\",\"item\":\"https:\\\/\\\/lamarinabj.com\\\/\"},{\"@type\":\"ListItem\",\"position\":2,\"name\":\"B\u00e9nin : L\u2019Alliance Progressiste d\u00e9nonce la r\u00e9pression politique\"}]},{\"@type\":\"WebSite\",\"@id\":\"https:\\\/\\\/lamarinabj.com\\\/#website\",\"url\":\"https:\\\/\\\/lamarinabj.com\\\/\",\"name\":\"LA MARINA BJ\",\"description\":\"Votre portail vers l&#039;information strat\u00e9gique au B\u00e9nin, en Afrique et au-del\u00e0\",\"potentialAction\":[{\"@type\":\"SearchAction\",\"target\":{\"@type\":\"EntryPoint\",\"urlTemplate\":\"https:\\\/\\\/lamarinabj.com\\\/?s={search_term_string}\"},\"query-input\":{\"@type\":\"PropertyValueSpecification\",\"valueRequired\":true,\"valueName\":\"search_term_string\"}}],\"inLanguage\":\"fr-FR\"},{\"@type\":\"Person\",\"@id\":\"https:\\\/\\\/lamarinabj.com\\\/#\\\/schema\\\/person\\\/e64c6145b3fb25d98218ef3bafce37de\",\"name\":\"La Marina BJ - Team Affaires Judiciaires\",\"image\":{\"@type\":\"ImageObject\",\"inLanguage\":\"fr-FR\",\"@id\":\"https:\\\/\\\/secure.gravatar.com\\\/avatar\\\/dcd47faa85727203c51c1a84009b684b305ba179e4848c26009abb855df90961?s=96&d=mm&r=g\",\"url\":\"https:\\\/\\\/secure.gravatar.com\\\/avatar\\\/dcd47faa85727203c51c1a84009b684b305ba179e4848c26009abb855df90961?s=96&d=mm&r=g\",\"contentUrl\":\"https:\\\/\\\/secure.gravatar.com\\\/avatar\\\/dcd47faa85727203c51c1a84009b684b305ba179e4848c26009abb855df90961?s=96&d=mm&r=g\",\"caption\":\"La Marina BJ - Team Affaires Judiciaires\"},\"description\":\"Au c\u0153ur de l\u2019actualit\u00e9 juridico-\u00e9conomique, la Team Justice &amp; Affaires judiciaires de La Marina BJ s'affirme comme un p\u00f4le de r\u00e9f\u00e9rence dans la couverture des proc\u00e9dures judiciaires, des contentieux commerciaux et des d\u00e9cisions de justice \u00e0 fort impact strat\u00e9gique.\",\"url\":\"https:\\\/\\\/lamarinabj.com\\\/index.php\\\/author\\\/marc\\\/\"}]}<\/script>\n<!-- \/ Yoast SEO plugin. -->","yoast_head_json":{"title":"B\u00e9nin : L\u2019Alliance Progressiste d\u00e9nonce la r\u00e9pression politique - LA MARINA BJ","description":"Dans un communiqu\u00e9 publi\u00e9 le 27 novembre 2024, l\u2019Alliance Progressiste, principal regroupement mondial de partis socio-d\u00e9mocrates, r\u00e9pond \u00e0 une demande du parti b\u00e9ninois d\u2019opposition Les D\u00e9mocrates, nouvellement admis au sein de ses rangs.","robots":{"index":"index","follow":"follow","max-snippet":"max-snippet:-1","max-image-preview":"max-image-preview:large","max-video-preview":"max-video-preview:-1"},"canonical":"https:\/\/lamarinabj.com\/index.php\/2024\/11\/28\/benin-lalliance-progressiste-denonce-la-repression-politique\/","og_locale":"fr_FR","og_type":"article","og_title":"B\u00e9nin : L\u2019Alliance Progressiste d\u00e9nonce la r\u00e9pression politique - LA MARINA BJ","og_description":"Dans un communiqu\u00e9 publi\u00e9 le 27 novembre 2024, l\u2019Alliance Progressiste, principal regroupement mondial de partis socio-d\u00e9mocrates, r\u00e9pond \u00e0 une demande du parti b\u00e9ninois d\u2019opposition Les D\u00e9mocrates, nouvellement admis au sein de ses rangs.","og_url":"https:\/\/lamarinabj.com\/index.php\/2024\/11\/28\/benin-lalliance-progressiste-denonce-la-repression-politique\/","og_site_name":"LA MARINA BJ","article_published_time":"2024-11-28T13:03:28+00:00","article_modified_time":"2024-11-28T13:05:52+00:00","og_image":[{"width":1080,"height":1080,"url":"https:\/\/lamarinabj.com\/wp-content\/uploads\/2024\/11\/FB_IMG_1732797548139.jpg","type":"image\/jpeg"}],"author":"La Marina BJ - Team Affaires Judiciaires","twitter_card":"summary_large_image","twitter_misc":{"\u00c9crit par":"La Marina BJ - Team Affaires Judiciaires","Dur\u00e9e de lecture estim\u00e9e":"3 minutes"},"schema":{"@context":"https:\/\/schema.org","@graph":[{"@type":"NewsArticle","@id":"https:\/\/lamarinabj.com\/index.php\/2024\/11\/28\/benin-lalliance-progressiste-denonce-la-repression-politique\/#article","isPartOf":{"@id":"https:\/\/lamarinabj.com\/index.php\/2024\/11\/28\/benin-lalliance-progressiste-denonce-la-repression-politique\/"},"author":{"name":"La Marina BJ - Team Affaires Judiciaires","@id":"https:\/\/lamarinabj.com\/#\/schema\/person\/e64c6145b3fb25d98218ef3bafce37de"},"headline":"B\u00e9nin : L\u2019Alliance Progressiste d\u00e9nonce la r\u00e9pression politique","datePublished":"2024-11-28T13:03:28+00:00","dateModified":"2024-11-28T13:05:52+00:00","mainEntityOfPage":{"@id":"https:\/\/lamarinabj.com\/index.php\/2024\/11\/28\/benin-lalliance-progressiste-denonce-la-repression-politique\/"},"wordCount":523,"commentCount":0,"image":{"@id":"https:\/\/lamarinabj.com\/index.php\/2024\/11\/28\/benin-lalliance-progressiste-denonce-la-repression-politique\/#primaryimage"},"thumbnailUrl":"https:\/\/lamarinabj.com\/wp-content\/uploads\/2024\/11\/FB_IMG_1732797548139.jpg","keywords":["Alliance Progressiste","B\u00e9nin","Jo\u00ebl Aivo","Parti Les D\u00e9mocrates","Reckya Madougou"],"articleSection":["L'\u00c9V\u00c9NEMENT"],"inLanguage":"fr-FR","potentialAction":[{"@type":"CommentAction","name":"Comment","target":["https:\/\/lamarinabj.com\/index.php\/2024\/11\/28\/benin-lalliance-progressiste-denonce-la-repression-politique\/#respond"]}]},{"@type":["WebPage","SearchResultsPage"],"@id":"https:\/\/lamarinabj.com\/index.php\/2024\/11\/28\/benin-lalliance-progressiste-denonce-la-repression-politique\/","url":"https:\/\/lamarinabj.com\/index.php\/2024\/11\/28\/benin-lalliance-progressiste-denonce-la-repression-politique\/","name":"B\u00e9nin : L\u2019Alliance Progressiste d\u00e9nonce la r\u00e9pression politique - LA MARINA BJ","isPartOf":{"@id":"https:\/\/lamarinabj.com\/#website"},"primaryImageOfPage":{"@id":"https:\/\/lamarinabj.com\/index.php\/2024\/11\/28\/benin-lalliance-progressiste-denonce-la-repression-politique\/#primaryimage"},"image":{"@id":"https:\/\/lamarinabj.com\/index.php\/2024\/11\/28\/benin-lalliance-progressiste-denonce-la-repression-politique\/#primaryimage"},"thumbnailUrl":"https:\/\/lamarinabj.com\/wp-content\/uploads\/2024\/11\/FB_IMG_1732797548139.jpg","datePublished":"2024-11-28T13:03:28+00:00","dateModified":"2024-11-28T13:05:52+00:00","author":{"@id":"https:\/\/lamarinabj.com\/#\/schema\/person\/e64c6145b3fb25d98218ef3bafce37de"},"description":"Dans un communiqu\u00e9 publi\u00e9 le 27 novembre 2024, l\u2019Alliance Progressiste, principal regroupement mondial de partis socio-d\u00e9mocrates, r\u00e9pond \u00e0 une demande du parti b\u00e9ninois d\u2019opposition Les D\u00e9mocrates, nouvellement admis au sein de ses rangs.","breadcrumb":{"@id":"https:\/\/lamarinabj.com\/index.php\/2024\/11\/28\/benin-lalliance-progressiste-denonce-la-repression-politique\/#breadcrumb"},"inLanguage":"fr-FR","potentialAction":[{"@type":"ReadAction","target":["https:\/\/lamarinabj.com\/index.php\/2024\/11\/28\/benin-lalliance-progressiste-denonce-la-repression-politique\/"]}]},{"@type":"ImageObject","inLanguage":"fr-FR","@id":"https:\/\/lamarinabj.com\/index.php\/2024\/11\/28\/benin-lalliance-progressiste-denonce-la-repression-politique\/#primaryimage","url":"https:\/\/lamarinabj.com\/wp-content\/uploads\/2024\/11\/FB_IMG_1732797548139.jpg","contentUrl":"https:\/\/lamarinabj.com\/wp-content\/uploads\/2024\/11\/FB_IMG_1732797548139.jpg","width":1080,"height":1080},{"@type":"BreadcrumbList","@id":"https:\/\/lamarinabj.com\/index.php\/2024\/11\/28\/benin-lalliance-progressiste-denonce-la-repression-politique\/#breadcrumb","itemListElement":[{"@type":"ListItem","position":1,"name":"Accueil","item":"https:\/\/lamarinabj.com\/"},{"@type":"ListItem","position":2,"name":"B\u00e9nin : L\u2019Alliance Progressiste d\u00e9nonce la r\u00e9pression politique"}]},{"@type":"WebSite","@id":"https:\/\/lamarinabj.com\/#website","url":"https:\/\/lamarinabj.com\/","name":"LA MARINA BJ","description":"Votre portail vers l&#039;information strat\u00e9gique au B\u00e9nin, en Afrique et au-del\u00e0","potentialAction":[{"@type":"SearchAction","target":{"@type":"EntryPoint","urlTemplate":"https:\/\/lamarinabj.com\/?s={search_term_string}"},"query-input":{"@type":"PropertyValueSpecification","valueRequired":true,"valueName":"search_term_string"}}],"inLanguage":"fr-FR"},{"@type":"Person","@id":"https:\/\/lamarinabj.com\/#\/schema\/person\/e64c6145b3fb25d98218ef3bafce37de","name":"La Marina BJ - Team Affaires Judiciaires","image":{"@type":"ImageObject","inLanguage":"fr-FR","@id":"https:\/\/secure.gravatar.com\/avatar\/dcd47faa85727203c51c1a84009b684b305ba179e4848c26009abb855df90961?s=96&d=mm&r=g","url":"https:\/\/secure.gravatar.com\/avatar\/dcd47faa85727203c51c1a84009b684b305ba179e4848c26009abb855df90961?s=96&d=mm&r=g","contentUrl":"https:\/\/secure.gravatar.com\/avatar\/dcd47faa85727203c51c1a84009b684b305ba179e4848c26009abb855df90961?s=96&d=mm&r=g","caption":"La Marina BJ - Team Affaires Judiciaires"},"description":"Au c\u0153ur de l\u2019actualit\u00e9 juridico-\u00e9conomique, la Team Justice &amp; Affaires judiciaires de La Marina BJ s'affirme comme un p\u00f4le de r\u00e9f\u00e9rence dans la couverture des proc\u00e9dures judiciaires, des contentieux commerciaux et des d\u00e9cisions de justice \u00e0 fort impact strat\u00e9gique.","url":"https:\/\/lamarinabj.com\/index.php\/author\/marc\/"}]}},"_links":{"self":[{"href":"https:\/\/lamarinabj.com\/index.php\/wp-json\/wp\/v2\/posts\/9308","targetHints":{"allow":["GET"]}}],"collection":[{"href":"https:\/\/lamarinabj.com\/index.php\/wp-json\/wp\/v2\/posts"}],"about":[{"href":"https:\/\/lamarinabj.com\/index.php\/wp-json\/wp\/v2\/types\/post"}],"author":[{"embeddable":true,"href":"https:\/\/lamarinabj.com\/index.php\/wp-json\/wp\/v2\/users\/4"}],"replies":[{"embeddable":true,"href":"https:\/\/lamarinabj.com\/index.php\/wp-json\/wp\/v2\/comments?post=9308"}],"version-history":[{"count":4,"href":"https:\/\/lamarinabj.com\/index.php\/wp-json\/wp\/v2\/posts\/9308\/revisions"}],"predecessor-version":[{"id":9314,"href":"https:\/\/lamarinabj.com\/index.php\/wp-json\/wp\/v2\/posts\/9308\/revisions\/9314"}],"wp:featuredmedia":[{"embeddable":true,"href":"https:\/\/lamarinabj.com\/index.php\/wp-json\/wp\/v2\/media\/9309"}],"wp:attachment":[{"href":"https:\/\/lamarinabj.com\/index.php\/wp-json\/wp\/v2\/media?parent=9308"}],"wp:term":[{"taxonomy":"category","embeddable":true,"href":"https:\/\/lamarinabj.com\/index.php\/wp-json\/wp\/v2\/categories?post=9308"},{"taxonomy":"post_tag","embeddable":true,"href":"https:\/\/lamarinabj.com\/index.php\/wp-json\/wp\/v2\/tags?post=9308"}],"curies":[{"name":"wp","href":"https:\/\/api.w.org\/{rel}","templated":true}]}}