{"id":9341,"date":"2024-12-02T08:23:00","date_gmt":"2024-12-02T07:23:00","guid":{"rendered":"https:\/\/lamarinabj.com\/?p=9341"},"modified":"2024-12-02T07:26:01","modified_gmt":"2024-12-02T06:26:01","slug":"nouveau-avocat-dolivier-boko-quelle-strategie-pour-me-paul-kato-attita","status":"publish","type":"post","link":"https:\/\/lamarinabj.com\/index.php\/2024\/12\/02\/nouveau-avocat-dolivier-boko-quelle-strategie-pour-me-paul-kato-attita\/","title":{"rendered":"Nouveau avocat d\u2019Olivier Boko, quelle strat\u00e9gie pour Me Paul Kato Attita ?"},"content":{"rendered":"\n<p><strong><mark style=\"background-color:rgba(0, 0, 0, 0)\" class=\"has-inline-color has-red-color\">Justice, Politique, B\u00e9nin <\/mark><\/strong>&#8211; <strong><em>Le jeudi 28 novembre 2024, un nouvel avocat a fait son entr\u00e9e dans l&rsquo;affaire qui bouleverse la sc\u00e8ne politique et judiciaire b\u00e9ninoise : la tentative pr\u00e9sum\u00e9e de coup d&rsquo;\u00c9tat impliquant Olivier Boko. Il s&rsquo;agit de Me Paul Kato Attita, avocat renomm\u00e9, d\u00e9sormais engag\u00e9 dans une bataille juridique complexe pour \u00e9viter une condamnation \u00e0 l&rsquo;homme d&rsquo;affaires. <\/em><\/strong><\/p>\n\n\n\n<p>Lors d&rsquo;une interview accord\u00e9e au journaliste Vigile Ahouans\u00e8, Me Kato Attita a livr\u00e9 une analyse pr\u00e9cise de sa premi\u00e8re audience \u00e0 la commission d&rsquo;instruction de la CRIET et esquiss\u00e9 sa strat\u00e9gie, articul\u00e9e autour de trois axes majeurs : emp\u00eacher une proc\u00e9dure rapide, inclure le chef de l&rsquo;\u00c9tat Patrice Talon dans l\u2019instruction, et obtenir un non-lieu pour Olivier Boko.<\/p>\n\n\n\n<hr class=\"wp-block-separator has-alpha-channel-opacity\"\/>\n\n\n\n<h2 id=\"une-procedure-acceleree-un-piege-pour-la-defense\" class=\"wp-block-heading\"><mark style=\"background-color:rgba(0, 0, 0, 0)\" class=\"has-inline-color has-red-color\">Une proc\u00e9dure acc\u00e9l\u00e9r\u00e9e : un pi\u00e8ge pour la d\u00e9fense<\/mark><\/h2>\n\n\n\n<p>Me Paul Kato Attita a exprim\u00e9 des pr\u00e9occupations majeures quant \u00e0 la rapidit\u00e9 inhabituelle de l\u2019instruction. \u00ab Tout ce que j\u2019ai constat\u00e9 le 28, tout va aller tr\u00e8s vite, et tr\u00e8s vite, et tr\u00e8s vite \u00bb, a-t-il d\u00e9clar\u00e9, d\u00e9non\u00e7ant une c\u00e9l\u00e9rit\u00e9 qu\u2019il per\u00e7oit comme un obstacle \u00e0 une d\u00e9fense effective. Cette pr\u00e9cipitation, selon lui, est en totale contradiction avec le principe fondamental d\u2019un proc\u00e8s \u00e9quitable.<\/p>\n\n\n\n<p>Lors de sa premi\u00e8re audience, Me Attita a demand\u00e9 un report pour lui permettre de prendre connaissance des d\u00e9tails du dossier, une \u00e9tape qu\u2019il juge n\u00e9cessaire pour monter une d\u00e9fense solide. Cependant, cette requ\u00eate a \u00e9t\u00e9 rejet\u00e9e, une d\u00e9cision qui, selon lui, illustre une volont\u00e9 manifeste de mener un proc\u00e8s exp\u00e9ditif. \u00ab La commission d\u2019instruction n\u2019a pas adh\u00e9r\u00e9 non plus \u00e0 ces demandes \u00bb, a-t-il d\u00e9plor\u00e9, soulignant que cette approche pourrait compromettre les droits de son client. Me Attita estime que l&rsquo;acc\u00e9l\u00e9ration de la proc\u00e9dure vise \u00e0 emp\u00eacher la d\u00e9fense de poser les bases n\u00e9cessaires \u00e0 une contestation rigoureuse des charges, une situation qu\u2019il qualifie de pr\u00e9judiciable \u00e0 la recherche de la v\u00e9rit\u00e9.<\/p>\n\n\n\n<hr class=\"wp-block-separator has-alpha-channel-opacity\"\/>\n\n\n\n<h2 id=\"patrice-talon-un-acteur-cle-pour-la-manifestation-de-la-verite\" class=\"wp-block-heading\"><mark style=\"background-color:rgba(0, 0, 0, 0)\" class=\"has-inline-color has-red-color\">Patrice Talon : un acteur cl\u00e9 pour la manifestation de la v\u00e9rit\u00e9<\/mark><\/h2>\n\n\n\n<p>Un des piliers de la strat\u00e9gie de Me Kato Attita repose sur l\u2019audition du pr\u00e9sident Patrice Talon, qu\u2019il consid\u00e8re comme un t\u00e9moin incontournable dans cette affaire. \u00ab \u00c0 ce jour, le chef de l\u2019\u00c9tat n\u2019est pas encore entendu \u00bb, a-t-il relev\u00e9, d\u00e9non\u00e7ant une omission majeure dans l\u2019instruction.<\/p>\n\n\n\n<p>L\u2019avocat a insist\u00e9 sur la n\u00e9cessit\u00e9 d\u2019entendre Patrice Talon pour clarifier les liens entre lui et Olivier Boko. \u00ab Il \u00e9tait tout au moins n\u00e9cessaire qu\u2019il soit entendu \u00bb, a-t-il martel\u00e9, rappelant que leur relation de proximit\u00e9, connue de tous, rend difficilement cr\u00e9dible l\u2019hypoth\u00e8se d\u2019un coup d&rsquo;\u00c9tat foment\u00e9 par Boko contre le chef de l\u2019\u00c9tat.<\/p>\n\n\n\n<p>Me Attita affirme que l\u2019audition du pr\u00e9sident Patrice Talon permettrait \u00e9galement d\u2019apporter des \u00e9l\u00e9ments \u00e0 d\u00e9charge pour son client, en mettant en lumi\u00e8re les circonstances de l\u2019arrestation. \u00ab Il est impossible de comprendre pourquoi il aurait commis un coup d&rsquo;\u00c9tat, surtout dans un contexte o\u00f9 il entretenait des relations \u00e9troites avec le pr\u00e9sident \u00bb, a-t-il expliqu\u00e9, soulignant que le manque d\u2019information sur le mobile compromet la compr\u00e9hension globale de l\u2019affaire. Pour lui, inclure le chef de l&rsquo;\u00c9tat dans la proc\u00e9dure est indispensable pour une instruction \u00e9quilibr\u00e9e, conforme aux exigences du droit p\u00e9nal.<\/p>\n\n\n\n<hr class=\"wp-block-separator has-alpha-channel-opacity\"\/>\n\n\n\n<h2 id=\"lobjectif-ultime-obtenir-un-non-lieu\" class=\"wp-block-heading\"><mark style=\"background-color:rgba(0, 0, 0, 0)\" class=\"has-inline-color has-red-color\">L\u2019objectif ultime : obtenir un non-lieu<\/mark><\/h2>\n\n\n\n<p>L\u2019aboutissement de la strat\u00e9gie de Me Kato Attita est d&rsquo;obtenir un non-lieu pour Olivier Boko. Il critique une instruction qu\u2019il estime orient\u00e9e exclusivement \u00e0 charge, sans consid\u00e9ration des droits de la d\u00e9fense. \u00ab L\u2019instruction se fait \u00e0 charge et \u00e0 d\u00e9charge. Sinon, on ne peut pas conduire un dossier p\u00e9nal \u00e0 terme \u00bb, a-t-il rappel\u00e9, insistant sur la n\u00e9cessit\u00e9 d\u2019un traitement impartial.<\/p>\n\n\n\n<p>Me Kato Attita a \u00e9galement point\u00e9 du doigt les rejets syst\u00e9matiques des demandes de nullit\u00e9 et des mesures compl\u00e9mentaires formul\u00e9es par la d\u00e9fense. \u00ab Ce que j\u2019ai vu le 28 novembre, les rejets et rejets de tout, comme si tout \u00e9tait d\u00e9j\u00e0 d\u00e9cid\u00e9 \u00bb, a-t-il confi\u00e9, d\u00e9non\u00e7ant une justice qui semble avoir d\u00e9j\u00e0 trac\u00e9 l\u2019issue de l\u2019affaire.<\/p>\n\n\n\n<p>Malgr\u00e9 ces obstacles, Me Attita reste d\u00e9termin\u00e9 \u00e0 faire valoir les failles de l\u2019instruction pour obtenir un non-lieu, la seule issue qu\u2019il juge \u00e9quitable pour son client. En insistant sur les lacunes de la proc\u00e9dure et en exigeant une instruction \u00e0 d\u00e9charge, il esp\u00e8re d\u00e9montrer l\u2019absence de preuves solides justifiant les accusations port\u00e9es contre Olivier Boko.<\/p>\n\n\n\n<hr class=\"wp-block-separator has-alpha-channel-opacity\"\/>\n\n\n\n<p>Me Paul Kato Attita appara\u00eet comme un \u00e9l\u00e9ment-cl\u00e9 de la d\u00e9fense d\u2019Olivier Boko, avec une approche m\u00e9thodique et ax\u00e9e sur trois objectifs : <em>freiner une proc\u00e9dure pr\u00e9cipit\u00e9e, faire entendre Patrice Talon pour \u00e9clairer l\u2019affaire, et d\u00e9montrer l\u2019absence de charges suffisantes pour obtenir un non-lieu.<\/em><\/p>\n\n\n\n<p>Sa strat\u00e9gie met en lumi\u00e8re les tensions inh\u00e9rentes \u00e0 ce dossier hautement m\u00e9diatis\u00e9, o\u00f9 la rapidit\u00e9 de l\u2019instruction semble jouer contre les droits des accus\u00e9s. Reste \u00e0 savoir si ces efforts permettront de r\u00e9\u00e9quilibrer une proc\u00e9dure qui, aux yeux de la d\u00e9fense, manque cruellement d\u2019\u00e9quit\u00e9.<\/p>\n\n\n\n<h2 id=\"la-redaction-vous-conseille\" class=\"wp-block-heading\"><strong><mark style=\"background-color:rgba(0, 0, 0, 0)\" class=\"has-inline-color has-red-color\">La r\u00e9daction vous conseille<\/mark><\/strong> : <\/h2>\n\n\n\n<ol class=\"wp-block-list\">\n<li><a href=\"https:\/\/lamarinabj.com\/index.php\/2024\/11\/29\/benin-que-retenir-de-la-speciale-journee-olivier-boko-et-cie\/\"><mark style=\"background-color:rgba(0, 0, 0, 0)\" class=\"has-inline-color has-green-color\">B\u00e9nin : Que retenir de la sp\u00e9ciale journ\u00e9e Olivier Boko et Cie ?<\/mark><\/a><\/li>\n\n\n\n<li><a href=\"https:\/\/lamarinabj.com\/index.php\/2024\/11\/20\/affaire-olivier-boko-parlant-daveu-il-ny-en-a-pas-eu-et-il-ne-saurait-y-en-avoir\/\"><mark style=\"background-color:rgba(0, 0, 0, 0)\" class=\"has-inline-color has-green-color\">Affaire Olivier Boko : \u00ab Parlant d\u2019aveu, il n\u2019y en a pas eu et il ne saurait y en avoir \u00bb<\/mark><\/a><\/li>\n\n\n\n<li><a href=\"https:\/\/lamarinabj.com\/index.php\/2024\/11\/28\/benin-route-des-peches-vinci-energies-et-trois-autres-entreprises-selectionnees-pour-la-phase-ii-des-travaux-dalimentation-electrique\/\"><mark style=\"background-color:rgba(0, 0, 0, 0)\" class=\"has-inline-color has-green-color\">B\u00e9nin \u2013 Route des P\u00eaches : VINCI \u00c9nergies et trois autres entreprises s\u00e9lectionn\u00e9es pour la phase II des travaux d\u2019alimentation \u00e9lectrique<\/mark><\/a><\/li>\n<\/ol>\n\n\n\n<p><\/p>\n","protected":false},"excerpt":{"rendered":"Justice, Politique, B\u00e9nin &#8211; Le jeudi 28 novembre 2024, un nouvel avocat a fait son entr\u00e9e dans l&rsquo;affaire&hellip;\n","protected":false},"author":3,"featured_media":9342,"comment_status":"open","ping_status":"open","sticky":false,"template":"elementor_theme","format":"standard","meta":{"csco_singular_sidebar":"","csco_page_header_type":"standard","csco_appearance_masonry":"","csco_page_load_nextpost":"","csco_post_video_location":[],"csco_post_video_location_hash":"","csco_post_video_url":"","csco_post_video_bg_start_time":0,"csco_post_video_bg_end_time":0,"footnotes":""},"categories":[239],"tags":[858,77,909,44,1214],"class_list":{"0":"post-9341","1":"post","2":"type-post","3":"status-publish","4":"format-standard","5":"has-post-thumbnail","7":"category-levenement-2","8":"tag-coup-detat","9":"tag-criet","10":"tag-olivier-boko","11":"tag-patrice-talon","12":"tag-paul-kato-attita","13":"cs-entry","14":"cs-video-wrap"},"yoast_head":"<!-- This site is optimized with the Yoast SEO plugin v27.4 - https:\/\/yoast.com\/product\/yoast-seo-wordpress\/ -->\n<title>Nouveau avocat d\u2019Olivier Boko, quelle strat\u00e9gie pour Me Paul Kato Attita ? - LA MARINA BJ<\/title>\n<meta name=\"description\" content=\"...sa strat\u00e9gie, articul\u00e9e autour de trois axes majeurs : emp\u00eacher une proc\u00e9dure rapide, inclure le chef de l&#039;\u00c9tat Patrice Talon dans l\u2019instruction, et obtenir un non-lieu pour Olivier Boko.\" \/>\n<meta name=\"robots\" content=\"index, follow, max-snippet:-1, max-image-preview:large, max-video-preview:-1\" \/>\n<link rel=\"canonical\" href=\"https:\/\/lamarinabj.com\/index.php\/2024\/12\/02\/nouveau-avocat-dolivier-boko-quelle-strategie-pour-me-paul-kato-attita\/\" \/>\n<meta property=\"og:locale\" content=\"fr_FR\" \/>\n<meta property=\"og:type\" content=\"article\" \/>\n<meta property=\"og:title\" content=\"Nouveau avocat d\u2019Olivier Boko, quelle strat\u00e9gie pour Me Paul Kato Attita ? - LA MARINA BJ\" \/>\n<meta property=\"og:description\" content=\"...sa strat\u00e9gie, articul\u00e9e autour de trois axes majeurs : emp\u00eacher une proc\u00e9dure rapide, inclure le chef de l&#039;\u00c9tat Patrice Talon dans l\u2019instruction, et obtenir un non-lieu pour Olivier Boko.\" \/>\n<meta property=\"og:url\" content=\"https:\/\/lamarinabj.com\/index.php\/2024\/12\/02\/nouveau-avocat-dolivier-boko-quelle-strategie-pour-me-paul-kato-attita\/\" \/>\n<meta property=\"og:site_name\" content=\"LA MARINA BJ\" \/>\n<meta property=\"article:published_time\" content=\"2024-12-02T07:23:00+00:00\" \/>\n<meta property=\"og:image\" content=\"https:\/\/lamarinabj.com\/wp-content\/uploads\/2024\/12\/GridArt_20241202_071938372-scaled.jpg\" \/>\n\t<meta property=\"og:image:width\" content=\"2560\" \/>\n\t<meta property=\"og:image:height\" content=\"2560\" \/>\n\t<meta property=\"og:image:type\" content=\"image\/jpeg\" \/>\n<meta name=\"author\" content=\"La Marina BJ - Team Veille &amp; Projets publics\" \/>\n<meta name=\"twitter:card\" content=\"summary_large_image\" \/>\n<meta name=\"twitter:label1\" content=\"\u00c9crit par\" \/>\n\t<meta name=\"twitter:data1\" content=\"La Marina BJ - Team Veille &amp; Projets publics\" \/>\n\t<meta name=\"twitter:label2\" content=\"Dur\u00e9e de lecture estim\u00e9e\" \/>\n\t<meta name=\"twitter:data2\" content=\"5 minutes\" \/>\n<script type=\"application\/ld+json\" class=\"yoast-schema-graph\">{\"@context\":\"https:\\\/\\\/schema.org\",\"@graph\":[{\"@type\":\"NewsArticle\",\"@id\":\"https:\\\/\\\/lamarinabj.com\\\/index.php\\\/2024\\\/12\\\/02\\\/nouveau-avocat-dolivier-boko-quelle-strategie-pour-me-paul-kato-attita\\\/#article\",\"isPartOf\":{\"@id\":\"https:\\\/\\\/lamarinabj.com\\\/index.php\\\/2024\\\/12\\\/02\\\/nouveau-avocat-dolivier-boko-quelle-strategie-pour-me-paul-kato-attita\\\/\"},\"author\":{\"name\":\"La Marina BJ - Team Veille &amp; Projets publics\",\"@id\":\"https:\\\/\\\/lamarinabj.com\\\/#\\\/schema\\\/person\\\/70c372a4c3c86bd4844a0382357a0f2d\"},\"headline\":\"Nouveau avocat d\u2019Olivier Boko, quelle strat\u00e9gie pour Me Paul Kato Attita ?\",\"datePublished\":\"2024-12-02T07:23:00+00:00\",\"mainEntityOfPage\":{\"@id\":\"https:\\\/\\\/lamarinabj.com\\\/index.php\\\/2024\\\/12\\\/02\\\/nouveau-avocat-dolivier-boko-quelle-strategie-pour-me-paul-kato-attita\\\/\"},\"wordCount\":979,\"commentCount\":0,\"image\":{\"@id\":\"https:\\\/\\\/lamarinabj.com\\\/index.php\\\/2024\\\/12\\\/02\\\/nouveau-avocat-dolivier-boko-quelle-strategie-pour-me-paul-kato-attita\\\/#primaryimage\"},\"thumbnailUrl\":\"https:\\\/\\\/lamarinabj.com\\\/wp-content\\\/uploads\\\/2024\\\/12\\\/GridArt_20241202_071938372-scaled.jpg\",\"keywords\":[\"Coup d'\u00c9tat\",\"CRIET\",\"Olivier Boko\",\"Patrice Talon\",\"Paul Kato Attita\"],\"articleSection\":[\"L'\u00c9V\u00c9NEMENT\"],\"inLanguage\":\"fr-FR\",\"potentialAction\":[{\"@type\":\"CommentAction\",\"name\":\"Comment\",\"target\":[\"https:\\\/\\\/lamarinabj.com\\\/index.php\\\/2024\\\/12\\\/02\\\/nouveau-avocat-dolivier-boko-quelle-strategie-pour-me-paul-kato-attita\\\/#respond\"]}]},{\"@type\":[\"WebPage\",\"SearchResultsPage\"],\"@id\":\"https:\\\/\\\/lamarinabj.com\\\/index.php\\\/2024\\\/12\\\/02\\\/nouveau-avocat-dolivier-boko-quelle-strategie-pour-me-paul-kato-attita\\\/\",\"url\":\"https:\\\/\\\/lamarinabj.com\\\/index.php\\\/2024\\\/12\\\/02\\\/nouveau-avocat-dolivier-boko-quelle-strategie-pour-me-paul-kato-attita\\\/\",\"name\":\"Nouveau avocat d\u2019Olivier Boko, quelle strat\u00e9gie pour Me Paul Kato Attita ? - LA MARINA BJ\",\"isPartOf\":{\"@id\":\"https:\\\/\\\/lamarinabj.com\\\/#website\"},\"primaryImageOfPage\":{\"@id\":\"https:\\\/\\\/lamarinabj.com\\\/index.php\\\/2024\\\/12\\\/02\\\/nouveau-avocat-dolivier-boko-quelle-strategie-pour-me-paul-kato-attita\\\/#primaryimage\"},\"image\":{\"@id\":\"https:\\\/\\\/lamarinabj.com\\\/index.php\\\/2024\\\/12\\\/02\\\/nouveau-avocat-dolivier-boko-quelle-strategie-pour-me-paul-kato-attita\\\/#primaryimage\"},\"thumbnailUrl\":\"https:\\\/\\\/lamarinabj.com\\\/wp-content\\\/uploads\\\/2024\\\/12\\\/GridArt_20241202_071938372-scaled.jpg\",\"datePublished\":\"2024-12-02T07:23:00+00:00\",\"author\":{\"@id\":\"https:\\\/\\\/lamarinabj.com\\\/#\\\/schema\\\/person\\\/70c372a4c3c86bd4844a0382357a0f2d\"},\"description\":\"...sa strat\u00e9gie, articul\u00e9e autour de trois axes majeurs : emp\u00eacher une proc\u00e9dure rapide, inclure le chef de l'\u00c9tat Patrice Talon dans l\u2019instruction, et obtenir un non-lieu pour Olivier Boko.\",\"breadcrumb\":{\"@id\":\"https:\\\/\\\/lamarinabj.com\\\/index.php\\\/2024\\\/12\\\/02\\\/nouveau-avocat-dolivier-boko-quelle-strategie-pour-me-paul-kato-attita\\\/#breadcrumb\"},\"inLanguage\":\"fr-FR\",\"potentialAction\":[{\"@type\":\"ReadAction\",\"target\":[\"https:\\\/\\\/lamarinabj.com\\\/index.php\\\/2024\\\/12\\\/02\\\/nouveau-avocat-dolivier-boko-quelle-strategie-pour-me-paul-kato-attita\\\/\"]}]},{\"@type\":\"ImageObject\",\"inLanguage\":\"fr-FR\",\"@id\":\"https:\\\/\\\/lamarinabj.com\\\/index.php\\\/2024\\\/12\\\/02\\\/nouveau-avocat-dolivier-boko-quelle-strategie-pour-me-paul-kato-attita\\\/#primaryimage\",\"url\":\"https:\\\/\\\/lamarinabj.com\\\/wp-content\\\/uploads\\\/2024\\\/12\\\/GridArt_20241202_071938372-scaled.jpg\",\"contentUrl\":\"https:\\\/\\\/lamarinabj.com\\\/wp-content\\\/uploads\\\/2024\\\/12\\\/GridArt_20241202_071938372-scaled.jpg\",\"width\":2560,\"height\":2560},{\"@type\":\"BreadcrumbList\",\"@id\":\"https:\\\/\\\/lamarinabj.com\\\/index.php\\\/2024\\\/12\\\/02\\\/nouveau-avocat-dolivier-boko-quelle-strategie-pour-me-paul-kato-attita\\\/#breadcrumb\",\"itemListElement\":[{\"@type\":\"ListItem\",\"position\":1,\"name\":\"Accueil\",\"item\":\"https:\\\/\\\/lamarinabj.com\\\/\"},{\"@type\":\"ListItem\",\"position\":2,\"name\":\"Nouveau avocat d\u2019Olivier Boko, quelle strat\u00e9gie pour Me Paul Kato Attita ?\"}]},{\"@type\":\"WebSite\",\"@id\":\"https:\\\/\\\/lamarinabj.com\\\/#website\",\"url\":\"https:\\\/\\\/lamarinabj.com\\\/\",\"name\":\"LA MARINA BJ\",\"description\":\"Votre portail vers l&#039;information strat\u00e9gique au B\u00e9nin, en Afrique et au-del\u00e0\",\"potentialAction\":[{\"@type\":\"SearchAction\",\"target\":{\"@type\":\"EntryPoint\",\"urlTemplate\":\"https:\\\/\\\/lamarinabj.com\\\/?s={search_term_string}\"},\"query-input\":{\"@type\":\"PropertyValueSpecification\",\"valueRequired\":true,\"valueName\":\"search_term_string\"}}],\"inLanguage\":\"fr-FR\"},{\"@type\":\"Person\",\"@id\":\"https:\\\/\\\/lamarinabj.com\\\/#\\\/schema\\\/person\\\/70c372a4c3c86bd4844a0382357a0f2d\",\"name\":\"La Marina BJ - Team Veille &amp; Projets publics\",\"image\":{\"@type\":\"ImageObject\",\"inLanguage\":\"fr-FR\",\"@id\":\"https:\\\/\\\/secure.gravatar.com\\\/avatar\\\/b56740eda81210101c8acebdd7c5c7db1bd0ab57f63df607996683fa153ff0d0?s=96&d=mm&r=g\",\"url\":\"https:\\\/\\\/secure.gravatar.com\\\/avatar\\\/b56740eda81210101c8acebdd7c5c7db1bd0ab57f63df607996683fa153ff0d0?s=96&d=mm&r=g\",\"contentUrl\":\"https:\\\/\\\/secure.gravatar.com\\\/avatar\\\/b56740eda81210101c8acebdd7c5c7db1bd0ab57f63df607996683fa153ff0d0?s=96&d=mm&r=g\",\"caption\":\"La Marina BJ - Team Veille &amp; Projets publics\"},\"description\":\"La Team Veille &amp; Projets publics de La Marina BJ est d\u00e9di\u00e9e \u00e0 la surveillance proactive des dynamiques institutionnelles impuls\u00e9es par l\u2019\u00c9tat, les agences publiques, les collectivit\u00e9s territoriales ainsi que les partenaires techniques et financiers. Gr\u00e2ce \u00e0 une veille strat\u00e9gique permanente, cette \u00e9quipe identifie et suit les projets de d\u00e9veloppement, les \u00e9tudes pr\u00e9alables et les investissements publics majeurs. Elle documente les politiques sectorielles, analyse les enjeux techniques, \u00e9conomiques, sociaux et environnementaux, et produit des contenus exclusifs pour \u00e9clairer les mutations structurelles.\",\"url\":\"https:\\\/\\\/lamarinabj.com\\\/index.php\\\/author\\\/simahou\\\/\"}]}<\/script>\n<!-- \/ Yoast SEO plugin. -->","yoast_head_json":{"title":"Nouveau avocat d\u2019Olivier Boko, quelle strat\u00e9gie pour Me Paul Kato Attita ? - LA MARINA BJ","description":"...sa strat\u00e9gie, articul\u00e9e autour de trois axes majeurs : emp\u00eacher une proc\u00e9dure rapide, inclure le chef de l'\u00c9tat Patrice Talon dans l\u2019instruction, et obtenir un non-lieu pour Olivier Boko.","robots":{"index":"index","follow":"follow","max-snippet":"max-snippet:-1","max-image-preview":"max-image-preview:large","max-video-preview":"max-video-preview:-1"},"canonical":"https:\/\/lamarinabj.com\/index.php\/2024\/12\/02\/nouveau-avocat-dolivier-boko-quelle-strategie-pour-me-paul-kato-attita\/","og_locale":"fr_FR","og_type":"article","og_title":"Nouveau avocat d\u2019Olivier Boko, quelle strat\u00e9gie pour Me Paul Kato Attita ? - LA MARINA BJ","og_description":"...sa strat\u00e9gie, articul\u00e9e autour de trois axes majeurs : emp\u00eacher une proc\u00e9dure rapide, inclure le chef de l'\u00c9tat Patrice Talon dans l\u2019instruction, et obtenir un non-lieu pour Olivier Boko.","og_url":"https:\/\/lamarinabj.com\/index.php\/2024\/12\/02\/nouveau-avocat-dolivier-boko-quelle-strategie-pour-me-paul-kato-attita\/","og_site_name":"LA MARINA BJ","article_published_time":"2024-12-02T07:23:00+00:00","og_image":[{"width":2560,"height":2560,"url":"https:\/\/lamarinabj.com\/wp-content\/uploads\/2024\/12\/GridArt_20241202_071938372-scaled.jpg","type":"image\/jpeg"}],"author":"La Marina BJ - Team Veille &amp; Projets publics","twitter_card":"summary_large_image","twitter_misc":{"\u00c9crit par":"La Marina BJ - Team Veille &amp; Projets publics","Dur\u00e9e de lecture estim\u00e9e":"5 minutes"},"schema":{"@context":"https:\/\/schema.org","@graph":[{"@type":"NewsArticle","@id":"https:\/\/lamarinabj.com\/index.php\/2024\/12\/02\/nouveau-avocat-dolivier-boko-quelle-strategie-pour-me-paul-kato-attita\/#article","isPartOf":{"@id":"https:\/\/lamarinabj.com\/index.php\/2024\/12\/02\/nouveau-avocat-dolivier-boko-quelle-strategie-pour-me-paul-kato-attita\/"},"author":{"name":"La Marina BJ - Team Veille &amp; Projets publics","@id":"https:\/\/lamarinabj.com\/#\/schema\/person\/70c372a4c3c86bd4844a0382357a0f2d"},"headline":"Nouveau avocat d\u2019Olivier Boko, quelle strat\u00e9gie pour Me Paul Kato Attita ?","datePublished":"2024-12-02T07:23:00+00:00","mainEntityOfPage":{"@id":"https:\/\/lamarinabj.com\/index.php\/2024\/12\/02\/nouveau-avocat-dolivier-boko-quelle-strategie-pour-me-paul-kato-attita\/"},"wordCount":979,"commentCount":0,"image":{"@id":"https:\/\/lamarinabj.com\/index.php\/2024\/12\/02\/nouveau-avocat-dolivier-boko-quelle-strategie-pour-me-paul-kato-attita\/#primaryimage"},"thumbnailUrl":"https:\/\/lamarinabj.com\/wp-content\/uploads\/2024\/12\/GridArt_20241202_071938372-scaled.jpg","keywords":["Coup d'\u00c9tat","CRIET","Olivier Boko","Patrice Talon","Paul Kato Attita"],"articleSection":["L'\u00c9V\u00c9NEMENT"],"inLanguage":"fr-FR","potentialAction":[{"@type":"CommentAction","name":"Comment","target":["https:\/\/lamarinabj.com\/index.php\/2024\/12\/02\/nouveau-avocat-dolivier-boko-quelle-strategie-pour-me-paul-kato-attita\/#respond"]}]},{"@type":["WebPage","SearchResultsPage"],"@id":"https:\/\/lamarinabj.com\/index.php\/2024\/12\/02\/nouveau-avocat-dolivier-boko-quelle-strategie-pour-me-paul-kato-attita\/","url":"https:\/\/lamarinabj.com\/index.php\/2024\/12\/02\/nouveau-avocat-dolivier-boko-quelle-strategie-pour-me-paul-kato-attita\/","name":"Nouveau avocat d\u2019Olivier Boko, quelle strat\u00e9gie pour Me Paul Kato Attita ? - LA MARINA BJ","isPartOf":{"@id":"https:\/\/lamarinabj.com\/#website"},"primaryImageOfPage":{"@id":"https:\/\/lamarinabj.com\/index.php\/2024\/12\/02\/nouveau-avocat-dolivier-boko-quelle-strategie-pour-me-paul-kato-attita\/#primaryimage"},"image":{"@id":"https:\/\/lamarinabj.com\/index.php\/2024\/12\/02\/nouveau-avocat-dolivier-boko-quelle-strategie-pour-me-paul-kato-attita\/#primaryimage"},"thumbnailUrl":"https:\/\/lamarinabj.com\/wp-content\/uploads\/2024\/12\/GridArt_20241202_071938372-scaled.jpg","datePublished":"2024-12-02T07:23:00+00:00","author":{"@id":"https:\/\/lamarinabj.com\/#\/schema\/person\/70c372a4c3c86bd4844a0382357a0f2d"},"description":"...sa strat\u00e9gie, articul\u00e9e autour de trois axes majeurs : emp\u00eacher une proc\u00e9dure rapide, inclure le chef de l'\u00c9tat Patrice Talon dans l\u2019instruction, et obtenir un non-lieu pour Olivier Boko.","breadcrumb":{"@id":"https:\/\/lamarinabj.com\/index.php\/2024\/12\/02\/nouveau-avocat-dolivier-boko-quelle-strategie-pour-me-paul-kato-attita\/#breadcrumb"},"inLanguage":"fr-FR","potentialAction":[{"@type":"ReadAction","target":["https:\/\/lamarinabj.com\/index.php\/2024\/12\/02\/nouveau-avocat-dolivier-boko-quelle-strategie-pour-me-paul-kato-attita\/"]}]},{"@type":"ImageObject","inLanguage":"fr-FR","@id":"https:\/\/lamarinabj.com\/index.php\/2024\/12\/02\/nouveau-avocat-dolivier-boko-quelle-strategie-pour-me-paul-kato-attita\/#primaryimage","url":"https:\/\/lamarinabj.com\/wp-content\/uploads\/2024\/12\/GridArt_20241202_071938372-scaled.jpg","contentUrl":"https:\/\/lamarinabj.com\/wp-content\/uploads\/2024\/12\/GridArt_20241202_071938372-scaled.jpg","width":2560,"height":2560},{"@type":"BreadcrumbList","@id":"https:\/\/lamarinabj.com\/index.php\/2024\/12\/02\/nouveau-avocat-dolivier-boko-quelle-strategie-pour-me-paul-kato-attita\/#breadcrumb","itemListElement":[{"@type":"ListItem","position":1,"name":"Accueil","item":"https:\/\/lamarinabj.com\/"},{"@type":"ListItem","position":2,"name":"Nouveau avocat d\u2019Olivier Boko, quelle strat\u00e9gie pour Me Paul Kato Attita ?"}]},{"@type":"WebSite","@id":"https:\/\/lamarinabj.com\/#website","url":"https:\/\/lamarinabj.com\/","name":"LA MARINA BJ","description":"Votre portail vers l&#039;information strat\u00e9gique au B\u00e9nin, en Afrique et au-del\u00e0","potentialAction":[{"@type":"SearchAction","target":{"@type":"EntryPoint","urlTemplate":"https:\/\/lamarinabj.com\/?s={search_term_string}"},"query-input":{"@type":"PropertyValueSpecification","valueRequired":true,"valueName":"search_term_string"}}],"inLanguage":"fr-FR"},{"@type":"Person","@id":"https:\/\/lamarinabj.com\/#\/schema\/person\/70c372a4c3c86bd4844a0382357a0f2d","name":"La Marina BJ - Team Veille &amp; Projets publics","image":{"@type":"ImageObject","inLanguage":"fr-FR","@id":"https:\/\/secure.gravatar.com\/avatar\/b56740eda81210101c8acebdd7c5c7db1bd0ab57f63df607996683fa153ff0d0?s=96&d=mm&r=g","url":"https:\/\/secure.gravatar.com\/avatar\/b56740eda81210101c8acebdd7c5c7db1bd0ab57f63df607996683fa153ff0d0?s=96&d=mm&r=g","contentUrl":"https:\/\/secure.gravatar.com\/avatar\/b56740eda81210101c8acebdd7c5c7db1bd0ab57f63df607996683fa153ff0d0?s=96&d=mm&r=g","caption":"La Marina BJ - Team Veille &amp; Projets publics"},"description":"La Team Veille &amp; Projets publics de La Marina BJ est d\u00e9di\u00e9e \u00e0 la surveillance proactive des dynamiques institutionnelles impuls\u00e9es par l\u2019\u00c9tat, les agences publiques, les collectivit\u00e9s territoriales ainsi que les partenaires techniques et financiers. Gr\u00e2ce \u00e0 une veille strat\u00e9gique permanente, cette \u00e9quipe identifie et suit les projets de d\u00e9veloppement, les \u00e9tudes pr\u00e9alables et les investissements publics majeurs. Elle documente les politiques sectorielles, analyse les enjeux techniques, \u00e9conomiques, sociaux et environnementaux, et produit des contenus exclusifs pour \u00e9clairer les mutations structurelles.","url":"https:\/\/lamarinabj.com\/index.php\/author\/simahou\/"}]}},"_links":{"self":[{"href":"https:\/\/lamarinabj.com\/index.php\/wp-json\/wp\/v2\/posts\/9341","targetHints":{"allow":["GET"]}}],"collection":[{"href":"https:\/\/lamarinabj.com\/index.php\/wp-json\/wp\/v2\/posts"}],"about":[{"href":"https:\/\/lamarinabj.com\/index.php\/wp-json\/wp\/v2\/types\/post"}],"author":[{"embeddable":true,"href":"https:\/\/lamarinabj.com\/index.php\/wp-json\/wp\/v2\/users\/3"}],"replies":[{"embeddable":true,"href":"https:\/\/lamarinabj.com\/index.php\/wp-json\/wp\/v2\/comments?post=9341"}],"version-history":[{"count":1,"href":"https:\/\/lamarinabj.com\/index.php\/wp-json\/wp\/v2\/posts\/9341\/revisions"}],"predecessor-version":[{"id":9343,"href":"https:\/\/lamarinabj.com\/index.php\/wp-json\/wp\/v2\/posts\/9341\/revisions\/9343"}],"wp:featuredmedia":[{"embeddable":true,"href":"https:\/\/lamarinabj.com\/index.php\/wp-json\/wp\/v2\/media\/9342"}],"wp:attachment":[{"href":"https:\/\/lamarinabj.com\/index.php\/wp-json\/wp\/v2\/media?parent=9341"}],"wp:term":[{"taxonomy":"category","embeddable":true,"href":"https:\/\/lamarinabj.com\/index.php\/wp-json\/wp\/v2\/categories?post=9341"},{"taxonomy":"post_tag","embeddable":true,"href":"https:\/\/lamarinabj.com\/index.php\/wp-json\/wp\/v2\/tags?post=9341"}],"curies":[{"name":"wp","href":"https:\/\/api.w.org\/{rel}","templated":true}]}}