{"id":9368,"date":"2024-12-03T17:32:30","date_gmt":"2024-12-03T16:32:30","guid":{"rendered":"https:\/\/lamarinabj.com\/?p=9368"},"modified":"2024-12-03T17:34:02","modified_gmt":"2024-12-03T16:34:02","slug":"session-criminelle-au-tpi-de-ouidah-dix-ans-de-reclusion-pour-un-marin-national","status":"publish","type":"post","link":"https:\/\/lamarinabj.com\/index.php\/2024\/12\/03\/session-criminelle-au-tpi-de-ouidah-dix-ans-de-reclusion-pour-un-marin-national\/","title":{"rendered":"Session criminelle au TPI de Ouidah : Dix ans de r\u00e9clusion pour un marin national"},"content":{"rendered":"\n<hr class=\"wp-block-separator has-alpha-channel-opacity\"\/>\n\n\n\n<p><strong><mark style=\"background-color:rgba(0, 0, 0, 0)\" class=\"has-inline-color has-red-color\">Justice, B\u00e9nin<\/mark><\/strong> &#8211; <strong><em>La session criminelle du Tribunal de premi\u00e8re instance de deuxi\u00e8me classe de Ouidah, ouverte le lundi 18 novembre 2024, a livr\u00e9 un verdict marquant. Lors de cette audience inaugurale, Xy, un matelot de la marine nationale, a \u00e9t\u00e9 condamn\u00e9 \u00e0 dix ans de r\u00e9clusion criminelle pour l\u2019homicide de sa conjointe, Xx, apr\u00e8s des d\u00e9bats marqu\u00e9s par les d\u00e9n\u00e9gations de l\u2019accus\u00e9.<\/em><\/strong><\/p>\n\n\n\n<p>Les faits remontent \u00e0 la nuit du 16 au 17 mai 2022. Une dispute \u00e9clate entre wy et xx autour d\u2019accusations d\u2019infid\u00e9lit\u00e9. Aux environs de 1 heure du matin, xy confisque la moto et le sac de sa conjointe, exigeant qu\u2019elle lui restitue des packs de boissons qu\u2019il lui avait confi\u00e9s plus t\u00f4t. Xx ob\u00e9it et revient vers 2 heures du matin. La situation d\u00e9g\u00e9n\u00e8re lorsque le conducteur de taxi-moto, sur ordre de xy, s\u2019\u00e9loigne, laissant la jeune femme seule devant le portail du domicile conjugal.<\/p>\n\n\n\n<p>Trois jours plus tard, le corps sans vie de xx est d\u00e9couvert, jetant une ombre sur les circonstances de la nuit fatidique.<\/p>\n\n\n\n<h2 id=\"un-verdict-qui-interroge\" class=\"wp-block-heading\"><mark style=\"background-color:rgba(0, 0, 0, 0)\" class=\"has-inline-color has-red-color\">Un verdict qui interroge<\/mark><\/h2>\n\n\n\n<p>Devant la cour, xy a ni\u00e9 en bloc les faits reproch\u00e9s, mais cela n\u2019a pas emp\u00each\u00e9 le minist\u00e8re public de r\u00e9clamer une peine de 20 ans de r\u00e9clusion criminelle, arguant de la gravit\u00e9 des circonstances au regard des pi\u00e8ces du dossier. Apr\u00e8s d\u00e9lib\u00e9ration, la cour a finalement prononc\u00e9 une peine de dix ans de r\u00e9clusion criminelle \u00e0 l\u2019encontre de l\u2019accus\u00e9.<\/p>\n\n\n\n<p>Ce verdict soul\u00e8ve plusieurs questions. La peine de dix ans, bien que cons\u00e9quente, peut para\u00eetre en de\u00e7\u00e0 des r\u00e9quisitions du minist\u00e8re public, qui demandait 20 ans de r\u00e9clusion criminelle. Cette d\u00e9cision laisse entrevoir la possibilit\u00e9 que le tribunal ait pris en compte des \u00e9l\u00e9ments att\u00e9nuants, m\u00eame si ceux-ci n\u2019ont pas \u00e9t\u00e9 largement abord\u00e9s dans les d\u00e9bats publics.<\/p>\n\n\n\n<p>L&rsquo;affaire r\u00e9v\u00e8le \u00e9galement la difficult\u00e9 de juger des cas o\u00f9 les faits, bien que graves, sont contest\u00e9s par l\u2019accus\u00e9. La justice doit composer avec les preuves disponibles tout en respectant les principes fondamentaux des droits de la d\u00e9fense.<\/p>\n\n\n\n<p>Enfin, cette premi\u00e8re affaire \u00e9claire une probl\u00e9matique sociale plus large dans notre soci\u00e9t\u00e9 : la violence conjugale. Les trag\u00e9dies de ce type rappellent la n\u00e9cessit\u00e9 de renforcer les dispositifs de pr\u00e9vention et de sensibilisation pour prot\u00e9ger les victimes potentielles. Elles posent aussi la question de l\u2019\u00e9ducation \u00e0 des relations non violentes au sein des foyers. L\u2019Institut National de la Femme (INF) se doit donc de redoubler d\u2019efforts en renfor\u00e7ant et en intensifiant ses actions de sensibilisation.<\/p>\n\n\n\n<h2 id=\"la-redaction-vous-conseille\" class=\"wp-block-heading\"><mark style=\"background-color:rgba(0, 0, 0, 0)\" class=\"has-inline-color has-red-color\">La r\u00e9daction vous conseille :<\/mark><\/h2>\n\n\n\n<ol class=\"wp-block-list\">\n<li><a href=\"https:\/\/lamarinabj.com\/index.php\/2024\/10\/18\/le-benin-et-legalite-des-sexes-que-retenir-du-rapport-national-beijing30\/\"><mark style=\"background-color:rgba(0, 0, 0, 0)\" class=\"has-inline-color has-green-color\">Le B\u00e9nin et l\u2019\u00e9galit\u00e9 des sexes : Que retenir du rapport national Beijing +30 ?<\/mark><\/a><\/li>\n\n\n\n<li><a href=\"https:\/\/lamarinabj.com\/index.php\/2024\/11\/29\/parc-dattraction-a-lokossa-les-etudes-architecturales-et-dingenierie-dureront-trois-mois\/\"><mark style=\"background-color:rgba(0, 0, 0, 0)\" class=\"has-inline-color has-green-color\">Parc d\u2019attraction \u00e0 Lokossa : Les \u00e9tudes architecturales et d\u2019ing\u00e9nierie dureront trois mois<\/mark><\/a><\/li>\n\n\n\n<li><a href=\"https:\/\/lamarinabj.com\/index.php\/2024\/11\/22\/au-benin-la-banque-atlantique-obtient-gain-de-cause-dans-une-affaire-de-saisie-immobiliere-complexe\/\"><mark style=\"background-color:rgba(0, 0, 0, 0)\" class=\"has-inline-color has-green-color\">Au B\u00e9nin, la Banque Atlantique obtient gain de cause dans une affaire de saisie immobili\u00e8re complexe<\/mark><\/a><\/li>\n<\/ol>\n\n\n\n<p><\/p>\n\n\n\n<p><\/p>\n","protected":false},"excerpt":{"rendered":"Justice, B\u00e9nin &#8211; La session criminelle du Tribunal de premi\u00e8re instance de deuxi\u00e8me classe de Ouidah, ouverte le&hellip;\n","protected":false},"author":4,"featured_media":9369,"comment_status":"open","ping_status":"open","sticky":false,"template":"elementor_theme","format":"standard","meta":{"csco_singular_sidebar":"","csco_page_header_type":"standard","csco_appearance_masonry":"","csco_page_load_nextpost":"","csco_post_video_location":[],"csco_post_video_location_hash":"","csco_post_video_url":"","csco_post_video_bg_start_time":0,"csco_post_video_bg_end_time":0,"footnotes":""},"categories":[191,239],"tags":[41,1222,1223],"class_list":{"0":"post-9368","1":"post","2":"type-post","3":"status-publish","4":"format-standard","5":"has-post-thumbnail","7":"category-en-savoir-plus-2","8":"category-levenement-2","9":"tag-benin","10":"tag-session-criminelle","11":"tag-tribunal-de-ouidah","12":"cs-entry","13":"cs-video-wrap"},"yoast_head":"<!-- This site is optimized with the Yoast SEO plugin v27.4 - https:\/\/yoast.com\/product\/yoast-seo-wordpress\/ -->\n<title>Session criminelle au TPI de Ouidah : Dix ans de r\u00e9clusion pour un marin national - LA MARINA BJ<\/title>\n<meta name=\"description\" content=\"Les faits remontent \u00e0 la nuit du 16 au 17 mai 2022. Une dispute \u00e9clate entre wy et xx autour d\u2019accusations d\u2019infid\u00e9lit\u00e9. Aux environs de 1 heure du matin, xy confisque la moto et le sac de sa conjointe, exigeant qu\u2019elle lui restitue des packs de boissons qu\u2019il lui avait confi\u00e9s plus t\u00f4t. Xx ob\u00e9it et revient vers 2 heures du matin\" \/>\n<meta name=\"robots\" content=\"index, follow, max-snippet:-1, max-image-preview:large, max-video-preview:-1\" \/>\n<link rel=\"canonical\" href=\"https:\/\/lamarinabj.com\/index.php\/2024\/12\/03\/session-criminelle-au-tpi-de-ouidah-dix-ans-de-reclusion-pour-un-marin-national\/\" \/>\n<meta property=\"og:locale\" content=\"fr_FR\" \/>\n<meta property=\"og:type\" content=\"article\" \/>\n<meta property=\"og:title\" content=\"Session criminelle au TPI de Ouidah : Dix ans de r\u00e9clusion pour un marin national - LA MARINA BJ\" \/>\n<meta property=\"og:description\" content=\"Les faits remontent \u00e0 la nuit du 16 au 17 mai 2022. Une dispute \u00e9clate entre wy et xx autour d\u2019accusations d\u2019infid\u00e9lit\u00e9. Aux environs de 1 heure du matin, xy confisque la moto et le sac de sa conjointe, exigeant qu\u2019elle lui restitue des packs de boissons qu\u2019il lui avait confi\u00e9s plus t\u00f4t. Xx ob\u00e9it et revient vers 2 heures du matin\" \/>\n<meta property=\"og:url\" content=\"https:\/\/lamarinabj.com\/index.php\/2024\/12\/03\/session-criminelle-au-tpi-de-ouidah-dix-ans-de-reclusion-pour-un-marin-national\/\" \/>\n<meta property=\"og:site_name\" content=\"LA MARINA BJ\" \/>\n<meta property=\"article:published_time\" content=\"2024-12-03T16:32:30+00:00\" \/>\n<meta property=\"article:modified_time\" content=\"2024-12-03T16:34:02+00:00\" \/>\n<meta property=\"og:image\" content=\"https:\/\/lamarinabj.com\/wp-content\/uploads\/2024\/12\/avocat-justice-04.jpg\" \/>\n\t<meta property=\"og:image:width\" content=\"1200\" \/>\n\t<meta property=\"og:image:height\" content=\"675\" \/>\n\t<meta property=\"og:image:type\" content=\"image\/jpeg\" \/>\n<meta name=\"author\" content=\"La Marina BJ - Team Affaires Judiciaires\" \/>\n<meta name=\"twitter:card\" content=\"summary_large_image\" \/>\n<meta name=\"twitter:label1\" content=\"\u00c9crit par\" \/>\n\t<meta name=\"twitter:data1\" content=\"La Marina BJ - Team Affaires Judiciaires\" \/>\n\t<meta name=\"twitter:label2\" content=\"Dur\u00e9e de lecture estim\u00e9e\" \/>\n\t<meta name=\"twitter:data2\" content=\"3 minutes\" \/>\n<script type=\"application\/ld+json\" class=\"yoast-schema-graph\">{\"@context\":\"https:\\\/\\\/schema.org\",\"@graph\":[{\"@type\":\"NewsArticle\",\"@id\":\"https:\\\/\\\/lamarinabj.com\\\/index.php\\\/2024\\\/12\\\/03\\\/session-criminelle-au-tpi-de-ouidah-dix-ans-de-reclusion-pour-un-marin-national\\\/#article\",\"isPartOf\":{\"@id\":\"https:\\\/\\\/lamarinabj.com\\\/index.php\\\/2024\\\/12\\\/03\\\/session-criminelle-au-tpi-de-ouidah-dix-ans-de-reclusion-pour-un-marin-national\\\/\"},\"author\":{\"name\":\"La Marina BJ - Team Affaires Judiciaires\",\"@id\":\"https:\\\/\\\/lamarinabj.com\\\/#\\\/schema\\\/person\\\/e64c6145b3fb25d98218ef3bafce37de\"},\"headline\":\"Session criminelle au TPI de Ouidah : Dix ans de r\u00e9clusion pour un marin national\",\"datePublished\":\"2024-12-03T16:32:30+00:00\",\"dateModified\":\"2024-12-03T16:34:02+00:00\",\"mainEntityOfPage\":{\"@id\":\"https:\\\/\\\/lamarinabj.com\\\/index.php\\\/2024\\\/12\\\/03\\\/session-criminelle-au-tpi-de-ouidah-dix-ans-de-reclusion-pour-un-marin-national\\\/\"},\"wordCount\":525,\"commentCount\":0,\"image\":{\"@id\":\"https:\\\/\\\/lamarinabj.com\\\/index.php\\\/2024\\\/12\\\/03\\\/session-criminelle-au-tpi-de-ouidah-dix-ans-de-reclusion-pour-un-marin-national\\\/#primaryimage\"},\"thumbnailUrl\":\"https:\\\/\\\/lamarinabj.com\\\/wp-content\\\/uploads\\\/2024\\\/12\\\/avocat-justice-04.jpg\",\"keywords\":[\"B\u00e9nin\",\"Session criminelle\",\"Tribunal de Ouidah\"],\"articleSection\":[\"EN SAVOIR PLUS\",\"L'\u00c9V\u00c9NEMENT\"],\"inLanguage\":\"fr-FR\",\"potentialAction\":[{\"@type\":\"CommentAction\",\"name\":\"Comment\",\"target\":[\"https:\\\/\\\/lamarinabj.com\\\/index.php\\\/2024\\\/12\\\/03\\\/session-criminelle-au-tpi-de-ouidah-dix-ans-de-reclusion-pour-un-marin-national\\\/#respond\"]}]},{\"@type\":[\"WebPage\",\"SearchResultsPage\"],\"@id\":\"https:\\\/\\\/lamarinabj.com\\\/index.php\\\/2024\\\/12\\\/03\\\/session-criminelle-au-tpi-de-ouidah-dix-ans-de-reclusion-pour-un-marin-national\\\/\",\"url\":\"https:\\\/\\\/lamarinabj.com\\\/index.php\\\/2024\\\/12\\\/03\\\/session-criminelle-au-tpi-de-ouidah-dix-ans-de-reclusion-pour-un-marin-national\\\/\",\"name\":\"Session criminelle au TPI de Ouidah : Dix ans de r\u00e9clusion pour un marin national - LA MARINA BJ\",\"isPartOf\":{\"@id\":\"https:\\\/\\\/lamarinabj.com\\\/#website\"},\"primaryImageOfPage\":{\"@id\":\"https:\\\/\\\/lamarinabj.com\\\/index.php\\\/2024\\\/12\\\/03\\\/session-criminelle-au-tpi-de-ouidah-dix-ans-de-reclusion-pour-un-marin-national\\\/#primaryimage\"},\"image\":{\"@id\":\"https:\\\/\\\/lamarinabj.com\\\/index.php\\\/2024\\\/12\\\/03\\\/session-criminelle-au-tpi-de-ouidah-dix-ans-de-reclusion-pour-un-marin-national\\\/#primaryimage\"},\"thumbnailUrl\":\"https:\\\/\\\/lamarinabj.com\\\/wp-content\\\/uploads\\\/2024\\\/12\\\/avocat-justice-04.jpg\",\"datePublished\":\"2024-12-03T16:32:30+00:00\",\"dateModified\":\"2024-12-03T16:34:02+00:00\",\"author\":{\"@id\":\"https:\\\/\\\/lamarinabj.com\\\/#\\\/schema\\\/person\\\/e64c6145b3fb25d98218ef3bafce37de\"},\"description\":\"Les faits remontent \u00e0 la nuit du 16 au 17 mai 2022. Une dispute \u00e9clate entre wy et xx autour d\u2019accusations d\u2019infid\u00e9lit\u00e9. Aux environs de 1 heure du matin, xy confisque la moto et le sac de sa conjointe, exigeant qu\u2019elle lui restitue des packs de boissons qu\u2019il lui avait confi\u00e9s plus t\u00f4t. Xx ob\u00e9it et revient vers 2 heures du matin\",\"breadcrumb\":{\"@id\":\"https:\\\/\\\/lamarinabj.com\\\/index.php\\\/2024\\\/12\\\/03\\\/session-criminelle-au-tpi-de-ouidah-dix-ans-de-reclusion-pour-un-marin-national\\\/#breadcrumb\"},\"inLanguage\":\"fr-FR\",\"potentialAction\":[{\"@type\":\"ReadAction\",\"target\":[\"https:\\\/\\\/lamarinabj.com\\\/index.php\\\/2024\\\/12\\\/03\\\/session-criminelle-au-tpi-de-ouidah-dix-ans-de-reclusion-pour-un-marin-national\\\/\"]}]},{\"@type\":\"ImageObject\",\"inLanguage\":\"fr-FR\",\"@id\":\"https:\\\/\\\/lamarinabj.com\\\/index.php\\\/2024\\\/12\\\/03\\\/session-criminelle-au-tpi-de-ouidah-dix-ans-de-reclusion-pour-un-marin-national\\\/#primaryimage\",\"url\":\"https:\\\/\\\/lamarinabj.com\\\/wp-content\\\/uploads\\\/2024\\\/12\\\/avocat-justice-04.jpg\",\"contentUrl\":\"https:\\\/\\\/lamarinabj.com\\\/wp-content\\\/uploads\\\/2024\\\/12\\\/avocat-justice-04.jpg\",\"width\":1200,\"height\":675},{\"@type\":\"BreadcrumbList\",\"@id\":\"https:\\\/\\\/lamarinabj.com\\\/index.php\\\/2024\\\/12\\\/03\\\/session-criminelle-au-tpi-de-ouidah-dix-ans-de-reclusion-pour-un-marin-national\\\/#breadcrumb\",\"itemListElement\":[{\"@type\":\"ListItem\",\"position\":1,\"name\":\"Accueil\",\"item\":\"https:\\\/\\\/lamarinabj.com\\\/\"},{\"@type\":\"ListItem\",\"position\":2,\"name\":\"Session criminelle au TPI de Ouidah : Dix ans de r\u00e9clusion pour un marin national\"}]},{\"@type\":\"WebSite\",\"@id\":\"https:\\\/\\\/lamarinabj.com\\\/#website\",\"url\":\"https:\\\/\\\/lamarinabj.com\\\/\",\"name\":\"LA MARINA BJ\",\"description\":\"Votre portail vers l&#039;information strat\u00e9gique au B\u00e9nin, en Afrique et au-del\u00e0\",\"potentialAction\":[{\"@type\":\"SearchAction\",\"target\":{\"@type\":\"EntryPoint\",\"urlTemplate\":\"https:\\\/\\\/lamarinabj.com\\\/?s={search_term_string}\"},\"query-input\":{\"@type\":\"PropertyValueSpecification\",\"valueRequired\":true,\"valueName\":\"search_term_string\"}}],\"inLanguage\":\"fr-FR\"},{\"@type\":\"Person\",\"@id\":\"https:\\\/\\\/lamarinabj.com\\\/#\\\/schema\\\/person\\\/e64c6145b3fb25d98218ef3bafce37de\",\"name\":\"La Marina BJ - Team Affaires Judiciaires\",\"image\":{\"@type\":\"ImageObject\",\"inLanguage\":\"fr-FR\",\"@id\":\"https:\\\/\\\/secure.gravatar.com\\\/avatar\\\/dcd47faa85727203c51c1a84009b684b305ba179e4848c26009abb855df90961?s=96&d=mm&r=g\",\"url\":\"https:\\\/\\\/secure.gravatar.com\\\/avatar\\\/dcd47faa85727203c51c1a84009b684b305ba179e4848c26009abb855df90961?s=96&d=mm&r=g\",\"contentUrl\":\"https:\\\/\\\/secure.gravatar.com\\\/avatar\\\/dcd47faa85727203c51c1a84009b684b305ba179e4848c26009abb855df90961?s=96&d=mm&r=g\",\"caption\":\"La Marina BJ - Team Affaires Judiciaires\"},\"description\":\"Au c\u0153ur de l\u2019actualit\u00e9 juridico-\u00e9conomique, la Team Justice &amp; Affaires judiciaires de La Marina BJ s'affirme comme un p\u00f4le de r\u00e9f\u00e9rence dans la couverture des proc\u00e9dures judiciaires, des contentieux commerciaux et des d\u00e9cisions de justice \u00e0 fort impact strat\u00e9gique.\",\"url\":\"https:\\\/\\\/lamarinabj.com\\\/index.php\\\/author\\\/marc\\\/\"}]}<\/script>\n<!-- \/ Yoast SEO plugin. -->","yoast_head_json":{"title":"Session criminelle au TPI de Ouidah : Dix ans de r\u00e9clusion pour un marin national - LA MARINA BJ","description":"Les faits remontent \u00e0 la nuit du 16 au 17 mai 2022. Une dispute \u00e9clate entre wy et xx autour d\u2019accusations d\u2019infid\u00e9lit\u00e9. Aux environs de 1 heure du matin, xy confisque la moto et le sac de sa conjointe, exigeant qu\u2019elle lui restitue des packs de boissons qu\u2019il lui avait confi\u00e9s plus t\u00f4t. Xx ob\u00e9it et revient vers 2 heures du matin","robots":{"index":"index","follow":"follow","max-snippet":"max-snippet:-1","max-image-preview":"max-image-preview:large","max-video-preview":"max-video-preview:-1"},"canonical":"https:\/\/lamarinabj.com\/index.php\/2024\/12\/03\/session-criminelle-au-tpi-de-ouidah-dix-ans-de-reclusion-pour-un-marin-national\/","og_locale":"fr_FR","og_type":"article","og_title":"Session criminelle au TPI de Ouidah : Dix ans de r\u00e9clusion pour un marin national - LA MARINA BJ","og_description":"Les faits remontent \u00e0 la nuit du 16 au 17 mai 2022. Une dispute \u00e9clate entre wy et xx autour d\u2019accusations d\u2019infid\u00e9lit\u00e9. Aux environs de 1 heure du matin, xy confisque la moto et le sac de sa conjointe, exigeant qu\u2019elle lui restitue des packs de boissons qu\u2019il lui avait confi\u00e9s plus t\u00f4t. Xx ob\u00e9it et revient vers 2 heures du matin","og_url":"https:\/\/lamarinabj.com\/index.php\/2024\/12\/03\/session-criminelle-au-tpi-de-ouidah-dix-ans-de-reclusion-pour-un-marin-national\/","og_site_name":"LA MARINA BJ","article_published_time":"2024-12-03T16:32:30+00:00","article_modified_time":"2024-12-03T16:34:02+00:00","og_image":[{"width":1200,"height":675,"url":"https:\/\/lamarinabj.com\/wp-content\/uploads\/2024\/12\/avocat-justice-04.jpg","type":"image\/jpeg"}],"author":"La Marina BJ - Team Affaires Judiciaires","twitter_card":"summary_large_image","twitter_misc":{"\u00c9crit par":"La Marina BJ - Team Affaires Judiciaires","Dur\u00e9e de lecture estim\u00e9e":"3 minutes"},"schema":{"@context":"https:\/\/schema.org","@graph":[{"@type":"NewsArticle","@id":"https:\/\/lamarinabj.com\/index.php\/2024\/12\/03\/session-criminelle-au-tpi-de-ouidah-dix-ans-de-reclusion-pour-un-marin-national\/#article","isPartOf":{"@id":"https:\/\/lamarinabj.com\/index.php\/2024\/12\/03\/session-criminelle-au-tpi-de-ouidah-dix-ans-de-reclusion-pour-un-marin-national\/"},"author":{"name":"La Marina BJ - Team Affaires Judiciaires","@id":"https:\/\/lamarinabj.com\/#\/schema\/person\/e64c6145b3fb25d98218ef3bafce37de"},"headline":"Session criminelle au TPI de Ouidah : Dix ans de r\u00e9clusion pour un marin national","datePublished":"2024-12-03T16:32:30+00:00","dateModified":"2024-12-03T16:34:02+00:00","mainEntityOfPage":{"@id":"https:\/\/lamarinabj.com\/index.php\/2024\/12\/03\/session-criminelle-au-tpi-de-ouidah-dix-ans-de-reclusion-pour-un-marin-national\/"},"wordCount":525,"commentCount":0,"image":{"@id":"https:\/\/lamarinabj.com\/index.php\/2024\/12\/03\/session-criminelle-au-tpi-de-ouidah-dix-ans-de-reclusion-pour-un-marin-national\/#primaryimage"},"thumbnailUrl":"https:\/\/lamarinabj.com\/wp-content\/uploads\/2024\/12\/avocat-justice-04.jpg","keywords":["B\u00e9nin","Session criminelle","Tribunal de Ouidah"],"articleSection":["EN SAVOIR PLUS","L'\u00c9V\u00c9NEMENT"],"inLanguage":"fr-FR","potentialAction":[{"@type":"CommentAction","name":"Comment","target":["https:\/\/lamarinabj.com\/index.php\/2024\/12\/03\/session-criminelle-au-tpi-de-ouidah-dix-ans-de-reclusion-pour-un-marin-national\/#respond"]}]},{"@type":["WebPage","SearchResultsPage"],"@id":"https:\/\/lamarinabj.com\/index.php\/2024\/12\/03\/session-criminelle-au-tpi-de-ouidah-dix-ans-de-reclusion-pour-un-marin-national\/","url":"https:\/\/lamarinabj.com\/index.php\/2024\/12\/03\/session-criminelle-au-tpi-de-ouidah-dix-ans-de-reclusion-pour-un-marin-national\/","name":"Session criminelle au TPI de Ouidah : Dix ans de r\u00e9clusion pour un marin national - LA MARINA BJ","isPartOf":{"@id":"https:\/\/lamarinabj.com\/#website"},"primaryImageOfPage":{"@id":"https:\/\/lamarinabj.com\/index.php\/2024\/12\/03\/session-criminelle-au-tpi-de-ouidah-dix-ans-de-reclusion-pour-un-marin-national\/#primaryimage"},"image":{"@id":"https:\/\/lamarinabj.com\/index.php\/2024\/12\/03\/session-criminelle-au-tpi-de-ouidah-dix-ans-de-reclusion-pour-un-marin-national\/#primaryimage"},"thumbnailUrl":"https:\/\/lamarinabj.com\/wp-content\/uploads\/2024\/12\/avocat-justice-04.jpg","datePublished":"2024-12-03T16:32:30+00:00","dateModified":"2024-12-03T16:34:02+00:00","author":{"@id":"https:\/\/lamarinabj.com\/#\/schema\/person\/e64c6145b3fb25d98218ef3bafce37de"},"description":"Les faits remontent \u00e0 la nuit du 16 au 17 mai 2022. Une dispute \u00e9clate entre wy et xx autour d\u2019accusations d\u2019infid\u00e9lit\u00e9. Aux environs de 1 heure du matin, xy confisque la moto et le sac de sa conjointe, exigeant qu\u2019elle lui restitue des packs de boissons qu\u2019il lui avait confi\u00e9s plus t\u00f4t. Xx ob\u00e9it et revient vers 2 heures du matin","breadcrumb":{"@id":"https:\/\/lamarinabj.com\/index.php\/2024\/12\/03\/session-criminelle-au-tpi-de-ouidah-dix-ans-de-reclusion-pour-un-marin-national\/#breadcrumb"},"inLanguage":"fr-FR","potentialAction":[{"@type":"ReadAction","target":["https:\/\/lamarinabj.com\/index.php\/2024\/12\/03\/session-criminelle-au-tpi-de-ouidah-dix-ans-de-reclusion-pour-un-marin-national\/"]}]},{"@type":"ImageObject","inLanguage":"fr-FR","@id":"https:\/\/lamarinabj.com\/index.php\/2024\/12\/03\/session-criminelle-au-tpi-de-ouidah-dix-ans-de-reclusion-pour-un-marin-national\/#primaryimage","url":"https:\/\/lamarinabj.com\/wp-content\/uploads\/2024\/12\/avocat-justice-04.jpg","contentUrl":"https:\/\/lamarinabj.com\/wp-content\/uploads\/2024\/12\/avocat-justice-04.jpg","width":1200,"height":675},{"@type":"BreadcrumbList","@id":"https:\/\/lamarinabj.com\/index.php\/2024\/12\/03\/session-criminelle-au-tpi-de-ouidah-dix-ans-de-reclusion-pour-un-marin-national\/#breadcrumb","itemListElement":[{"@type":"ListItem","position":1,"name":"Accueil","item":"https:\/\/lamarinabj.com\/"},{"@type":"ListItem","position":2,"name":"Session criminelle au TPI de Ouidah : Dix ans de r\u00e9clusion pour un marin national"}]},{"@type":"WebSite","@id":"https:\/\/lamarinabj.com\/#website","url":"https:\/\/lamarinabj.com\/","name":"LA MARINA BJ","description":"Votre portail vers l&#039;information strat\u00e9gique au B\u00e9nin, en Afrique et au-del\u00e0","potentialAction":[{"@type":"SearchAction","target":{"@type":"EntryPoint","urlTemplate":"https:\/\/lamarinabj.com\/?s={search_term_string}"},"query-input":{"@type":"PropertyValueSpecification","valueRequired":true,"valueName":"search_term_string"}}],"inLanguage":"fr-FR"},{"@type":"Person","@id":"https:\/\/lamarinabj.com\/#\/schema\/person\/e64c6145b3fb25d98218ef3bafce37de","name":"La Marina BJ - Team Affaires Judiciaires","image":{"@type":"ImageObject","inLanguage":"fr-FR","@id":"https:\/\/secure.gravatar.com\/avatar\/dcd47faa85727203c51c1a84009b684b305ba179e4848c26009abb855df90961?s=96&d=mm&r=g","url":"https:\/\/secure.gravatar.com\/avatar\/dcd47faa85727203c51c1a84009b684b305ba179e4848c26009abb855df90961?s=96&d=mm&r=g","contentUrl":"https:\/\/secure.gravatar.com\/avatar\/dcd47faa85727203c51c1a84009b684b305ba179e4848c26009abb855df90961?s=96&d=mm&r=g","caption":"La Marina BJ - Team Affaires Judiciaires"},"description":"Au c\u0153ur de l\u2019actualit\u00e9 juridico-\u00e9conomique, la Team Justice &amp; Affaires judiciaires de La Marina BJ s'affirme comme un p\u00f4le de r\u00e9f\u00e9rence dans la couverture des proc\u00e9dures judiciaires, des contentieux commerciaux et des d\u00e9cisions de justice \u00e0 fort impact strat\u00e9gique.","url":"https:\/\/lamarinabj.com\/index.php\/author\/marc\/"}]}},"_links":{"self":[{"href":"https:\/\/lamarinabj.com\/index.php\/wp-json\/wp\/v2\/posts\/9368","targetHints":{"allow":["GET"]}}],"collection":[{"href":"https:\/\/lamarinabj.com\/index.php\/wp-json\/wp\/v2\/posts"}],"about":[{"href":"https:\/\/lamarinabj.com\/index.php\/wp-json\/wp\/v2\/types\/post"}],"author":[{"embeddable":true,"href":"https:\/\/lamarinabj.com\/index.php\/wp-json\/wp\/v2\/users\/4"}],"replies":[{"embeddable":true,"href":"https:\/\/lamarinabj.com\/index.php\/wp-json\/wp\/v2\/comments?post=9368"}],"version-history":[{"count":2,"href":"https:\/\/lamarinabj.com\/index.php\/wp-json\/wp\/v2\/posts\/9368\/revisions"}],"predecessor-version":[{"id":9371,"href":"https:\/\/lamarinabj.com\/index.php\/wp-json\/wp\/v2\/posts\/9368\/revisions\/9371"}],"wp:featuredmedia":[{"embeddable":true,"href":"https:\/\/lamarinabj.com\/index.php\/wp-json\/wp\/v2\/media\/9369"}],"wp:attachment":[{"href":"https:\/\/lamarinabj.com\/index.php\/wp-json\/wp\/v2\/media?parent=9368"}],"wp:term":[{"taxonomy":"category","embeddable":true,"href":"https:\/\/lamarinabj.com\/index.php\/wp-json\/wp\/v2\/categories?post=9368"},{"taxonomy":"post_tag","embeddable":true,"href":"https:\/\/lamarinabj.com\/index.php\/wp-json\/wp\/v2\/tags?post=9368"}],"curies":[{"name":"wp","href":"https:\/\/api.w.org\/{rel}","templated":true}]}}