{"id":9455,"date":"2024-12-10T08:55:39","date_gmt":"2024-12-10T07:55:39","guid":{"rendered":"https:\/\/lamarinabj.com\/?p=9455"},"modified":"2025-02-15T16:26:40","modified_gmt":"2025-02-15T15:26:40","slug":"presidence-de-la-commission-de-lunion-africaine-djibouti-en-quete-du-soutien-du-benin","status":"publish","type":"post","link":"https:\/\/lamarinabj.com\/index.php\/2024\/12\/10\/presidence-de-la-commission-de-lunion-africaine-djibouti-en-quete-du-soutien-du-benin\/","title":{"rendered":"Pr\u00e9sidence de la Commission de l\u2019Union africaine : Djibouti en qu\u00eate du soutien du B\u00e9nin"},"content":{"rendered":"\n<p><strong><mark style=\"background-color:rgba(0, 0, 0, 0)\" class=\"has-inline-color has-red-color\">Diplomatie, Djibouti,B\u00e9nin<\/mark><\/strong> &#8211; <strong><em>En campagne pour promouvoir la candidature de Mahmoud Ali Youssouf \u00e0 la pr\u00e9sidence de la Commission de l\u2019Union africaine (UA), Omar Abdi Sa\u00efd, ministre djiboutien du Travail charg\u00e9 de la Formalisation et de la Protection sociale, a \u00e9t\u00e9 re\u00e7u le lundi 9 d\u00e9cembre 2024 \u00e0 Cotonou par le chef de la diplomatie b\u00e9ninoise, Olushegun Bakari. <\/em><\/strong><\/p>\n\n\n\n<p>Cette visite strat\u00e9gique avait pour principal objectif de rallier le soutien des autorit\u00e9s b\u00e9ninoises, notamment celui du pr\u00e9sident Patrice Talon, \u00e0 l\u2019approche de l\u2019\u00e9lection pr\u00e9vue le 15 f\u00e9vrier 2025. Le ministre des Affaires \u00e9trang\u00e8res de Djibouti, Mahmoud Ali Youssouf, ambitionne de succ\u00e9der \u00e0 Moussa Faki Mahamat, dont le mandat prendra fin en f\u00e9vrier prochain.<\/p>\n\n\n\n<h2 id=\"une-candidature-renforcee-par-des-alliances-diplomatiques\" class=\"wp-block-heading\"><mark style=\"background-color:rgba(0, 0, 0, 0)\" class=\"has-inline-color has-red-color\">Une candidature renforc\u00e9e par des alliances diplomatiques<\/mark><\/h2>\n\n\n\n<p>Lors de cette rencontre, Omar Abdi Sa\u00efd a soulign\u00e9 la robustesse des relations bilat\u00e9rales entre Djibouti et le B\u00e9nin, tout en soulignant leur potentiel croissant. Dans le cadre de sa mission, il a plaid\u00e9 pour un appui actif des autorit\u00e9s b\u00e9ninoises en faveur de Mahmoud Ali Youssouf, per\u00e7u comme un dirigeant exp\u00e9riment\u00e9 et visionnaire. Djibouti consid\u00e8re que cette candidature peut insuffler une nouvelle dynamique \u00e0 la Commission de l\u2019Union africaine, notamment dans les domaines de l\u2019int\u00e9gration \u00e9conomique et de la s\u00e9curit\u00e9 collective, des priorit\u00e9s majeures pour le continent.<\/p>\n\n\n\n<p>La pr\u00e9sidence de la Commission de l\u2019Union africaine, poste strat\u00e9gique, est cette fois r\u00e9serv\u00e9e \u00e0 un ressortissant de l\u2019Afrique de l\u2019Est, conform\u00e9ment aux r\u00e8gles en vigueur. Quatre candidats sont en lice : Raila Odinga (Kenya), per\u00e7u comme le favori, Mahmoud Ali Youssouf (Djibouti), Richard Randriamanto (Madagascar) et Anil Kumarsingh Gayan (Maurice). Si le K\u00e9nyan b\u00e9n\u00e9ficie d\u2019une reconnaissance continentale, le candidat djiboutien semble \u00e9galement jouir d\u2019un soutien croissant parmi les \u00c9tats membres.<\/p>\n\n\n\n<h2 id=\"une-promesse-pour-un-commerce-interafricain-renforce\" class=\"wp-block-heading\"><mark style=\"background-color:rgba(0, 0, 0, 0)\" class=\"has-inline-color has-red-color\">Une promesse pour un commerce interafricain renforc\u00e9<\/mark><\/h2>\n\n\n\n<p>Djibouti multiplie les efforts diplomatiques pour rallier les voix n\u00e9cessaires. Apr\u00e8s une \u00e9tape au Maroc, o\u00f9 Mahmoud Ali Youssouf a \u00e9t\u00e9 re\u00e7u par le ministre des Affaires \u00e9trang\u00e8res marocain le 3 d\u00e9cembre dernier, il a affirm\u00e9 son engagement \u00e0 promouvoir le d\u00e9veloppement du commerce interafricain en cas de victoire. Cet axe strat\u00e9gique s\u2019aligne sur les ambitions \u00e9conomiques de nombreux \u00c9tats africains.<\/p>\n\n\n\n<p>Pour Djibouti, le soutien du B\u00e9nin, <a href=\"https:\/\/lamarinabj.com\/index.php\/2024\/10\/30\/79-ans-de-lonu-le-ministre-olushegun-bakari-propose-un-multilateralisme-equitable-et-reforme\/\"><mark style=\"background-color:rgba(0, 0, 0, 0)\" class=\"has-inline-color has-green-color\">pays reconnu pour son r\u00f4le actif au sein de la diplomatie africaine, pourrait s\u2019av\u00e9rer d\u00e9cisif.<\/mark> <\/a>Tandis que les tractations diplomatiques se poursuivent, cette \u00e9lection promet d\u2019\u00eatre un moment cl\u00e9 pour le leadership et l\u2019avenir de l\u2019Union africaine.<\/p>\n","protected":false},"excerpt":{"rendered":"Diplomatie, Djibouti,B\u00e9nin &#8211; En campagne pour promouvoir la candidature de Mahmoud Ali Youssouf \u00e0 la pr\u00e9sidence de la&hellip;\n","protected":false},"author":3,"featured_media":9456,"comment_status":"open","ping_status":"open","sticky":false,"template":"elementor_theme","format":"standard","meta":{"csco_singular_sidebar":"","csco_page_header_type":"standard","csco_appearance_masonry":"","csco_page_load_nextpost":"","csco_post_video_location":[],"csco_post_video_location_hash":"","csco_post_video_url":"","csco_post_video_bg_start_time":0,"csco_post_video_bg_end_time":0,"footnotes":""},"categories":[85,239],"tags":[41,1250,1249],"class_list":{"0":"post-9455","1":"post","2":"type-post","3":"status-publish","4":"format-standard","5":"has-post-thumbnail","7":"category-diplomatie","8":"category-levenement-2","9":"tag-benin","10":"tag-commission-union-africaine","11":"tag-djibouti","12":"cs-entry","13":"cs-video-wrap"},"yoast_head":"<!-- This site is optimized with the Yoast SEO plugin v27.4 - https:\/\/yoast.com\/product\/yoast-seo-wordpress\/ -->\n<title>Pr\u00e9sidence de la Commission de l\u2019Union africaine : Djibouti en qu\u00eate du soutien du B\u00e9nin - LA MARINA BJ<\/title>\n<meta name=\"description\" content=\"Cette visite strat\u00e9gique avait pour principal objectif de rallier le soutien des autorit\u00e9s b\u00e9ninoises, notamment celui du pr\u00e9sident Patrice Talon, \u00e0 l\u2019approche de l\u2019\u00e9lection pr\u00e9vue le 25 f\u00e9vrier 2025.\" \/>\n<meta name=\"robots\" content=\"index, follow, max-snippet:-1, max-image-preview:large, max-video-preview:-1\" \/>\n<link rel=\"canonical\" href=\"https:\/\/lamarinabj.com\/index.php\/2024\/12\/10\/presidence-de-la-commission-de-lunion-africaine-djibouti-en-quete-du-soutien-du-benin\/\" \/>\n<meta property=\"og:locale\" content=\"fr_FR\" \/>\n<meta property=\"og:type\" content=\"article\" \/>\n<meta property=\"og:title\" content=\"Pr\u00e9sidence de la Commission de l\u2019Union africaine : Djibouti en qu\u00eate du soutien du B\u00e9nin - LA MARINA BJ\" \/>\n<meta property=\"og:description\" content=\"Cette visite strat\u00e9gique avait pour principal objectif de rallier le soutien des autorit\u00e9s b\u00e9ninoises, notamment celui du pr\u00e9sident Patrice Talon, \u00e0 l\u2019approche de l\u2019\u00e9lection pr\u00e9vue le 25 f\u00e9vrier 2025.\" \/>\n<meta property=\"og:url\" content=\"https:\/\/lamarinabj.com\/index.php\/2024\/12\/10\/presidence-de-la-commission-de-lunion-africaine-djibouti-en-quete-du-soutien-du-benin\/\" \/>\n<meta property=\"og:site_name\" content=\"LA MARINA BJ\" \/>\n<meta property=\"article:published_time\" content=\"2024-12-10T07:55:39+00:00\" \/>\n<meta property=\"article:modified_time\" content=\"2025-02-15T15:26:40+00:00\" \/>\n<meta property=\"og:image\" content=\"https:\/\/lamarinabj.com\/wp-content\/uploads\/2024\/12\/imageresize-3.jpeg\" \/>\n\t<meta property=\"og:image:width\" content=\"800\" \/>\n\t<meta property=\"og:image:height\" content=\"457\" \/>\n\t<meta property=\"og:image:type\" content=\"image\/jpeg\" \/>\n<meta name=\"author\" content=\"La Marina BJ - Team Veille &amp; Projets publics\" \/>\n<meta name=\"twitter:card\" content=\"summary_large_image\" \/>\n<meta name=\"twitter:label1\" content=\"\u00c9crit par\" \/>\n\t<meta name=\"twitter:data1\" content=\"La Marina BJ - Team Veille &amp; Projets publics\" \/>\n\t<meta name=\"twitter:label2\" content=\"Dur\u00e9e de lecture estim\u00e9e\" \/>\n\t<meta name=\"twitter:data2\" content=\"3 minutes\" \/>\n<script type=\"application\/ld+json\" class=\"yoast-schema-graph\">{\"@context\":\"https:\\\/\\\/schema.org\",\"@graph\":[{\"@type\":\"NewsArticle\",\"@id\":\"https:\\\/\\\/lamarinabj.com\\\/index.php\\\/2024\\\/12\\\/10\\\/presidence-de-la-commission-de-lunion-africaine-djibouti-en-quete-du-soutien-du-benin\\\/#article\",\"isPartOf\":{\"@id\":\"https:\\\/\\\/lamarinabj.com\\\/index.php\\\/2024\\\/12\\\/10\\\/presidence-de-la-commission-de-lunion-africaine-djibouti-en-quete-du-soutien-du-benin\\\/\"},\"author\":{\"name\":\"La Marina BJ - Team Veille &amp; Projets publics\",\"@id\":\"https:\\\/\\\/lamarinabj.com\\\/#\\\/schema\\\/person\\\/70c372a4c3c86bd4844a0382357a0f2d\"},\"headline\":\"Pr\u00e9sidence de la Commission de l\u2019Union africaine : Djibouti en qu\u00eate du soutien du B\u00e9nin\",\"datePublished\":\"2024-12-10T07:55:39+00:00\",\"dateModified\":\"2025-02-15T15:26:40+00:00\",\"mainEntityOfPage\":{\"@id\":\"https:\\\/\\\/lamarinabj.com\\\/index.php\\\/2024\\\/12\\\/10\\\/presidence-de-la-commission-de-lunion-africaine-djibouti-en-quete-du-soutien-du-benin\\\/\"},\"wordCount\":458,\"commentCount\":0,\"image\":{\"@id\":\"https:\\\/\\\/lamarinabj.com\\\/index.php\\\/2024\\\/12\\\/10\\\/presidence-de-la-commission-de-lunion-africaine-djibouti-en-quete-du-soutien-du-benin\\\/#primaryimage\"},\"thumbnailUrl\":\"https:\\\/\\\/lamarinabj.com\\\/wp-content\\\/uploads\\\/2024\\\/12\\\/imageresize-3.jpeg\",\"keywords\":[\"B\u00e9nin\",\"Commission Union africaine\",\"Djibouti\"],\"articleSection\":[\"DIPLOMATIE\",\"L'\u00c9V\u00c9NEMENT\"],\"inLanguage\":\"fr-FR\",\"potentialAction\":[{\"@type\":\"CommentAction\",\"name\":\"Comment\",\"target\":[\"https:\\\/\\\/lamarinabj.com\\\/index.php\\\/2024\\\/12\\\/10\\\/presidence-de-la-commission-de-lunion-africaine-djibouti-en-quete-du-soutien-du-benin\\\/#respond\"]}]},{\"@type\":\"WebPage\",\"@id\":\"https:\\\/\\\/lamarinabj.com\\\/index.php\\\/2024\\\/12\\\/10\\\/presidence-de-la-commission-de-lunion-africaine-djibouti-en-quete-du-soutien-du-benin\\\/\",\"url\":\"https:\\\/\\\/lamarinabj.com\\\/index.php\\\/2024\\\/12\\\/10\\\/presidence-de-la-commission-de-lunion-africaine-djibouti-en-quete-du-soutien-du-benin\\\/\",\"name\":\"Pr\u00e9sidence de la Commission de l\u2019Union africaine : Djibouti en qu\u00eate du soutien du B\u00e9nin - LA MARINA BJ\",\"isPartOf\":{\"@id\":\"https:\\\/\\\/lamarinabj.com\\\/#website\"},\"primaryImageOfPage\":{\"@id\":\"https:\\\/\\\/lamarinabj.com\\\/index.php\\\/2024\\\/12\\\/10\\\/presidence-de-la-commission-de-lunion-africaine-djibouti-en-quete-du-soutien-du-benin\\\/#primaryimage\"},\"image\":{\"@id\":\"https:\\\/\\\/lamarinabj.com\\\/index.php\\\/2024\\\/12\\\/10\\\/presidence-de-la-commission-de-lunion-africaine-djibouti-en-quete-du-soutien-du-benin\\\/#primaryimage\"},\"thumbnailUrl\":\"https:\\\/\\\/lamarinabj.com\\\/wp-content\\\/uploads\\\/2024\\\/12\\\/imageresize-3.jpeg\",\"datePublished\":\"2024-12-10T07:55:39+00:00\",\"dateModified\":\"2025-02-15T15:26:40+00:00\",\"author\":{\"@id\":\"https:\\\/\\\/lamarinabj.com\\\/#\\\/schema\\\/person\\\/70c372a4c3c86bd4844a0382357a0f2d\"},\"description\":\"Cette visite strat\u00e9gique avait pour principal objectif de rallier le soutien des autorit\u00e9s b\u00e9ninoises, notamment celui du pr\u00e9sident Patrice Talon, \u00e0 l\u2019approche de l\u2019\u00e9lection pr\u00e9vue le 25 f\u00e9vrier 2025.\",\"breadcrumb\":{\"@id\":\"https:\\\/\\\/lamarinabj.com\\\/index.php\\\/2024\\\/12\\\/10\\\/presidence-de-la-commission-de-lunion-africaine-djibouti-en-quete-du-soutien-du-benin\\\/#breadcrumb\"},\"inLanguage\":\"fr-FR\",\"potentialAction\":[{\"@type\":\"ReadAction\",\"target\":[\"https:\\\/\\\/lamarinabj.com\\\/index.php\\\/2024\\\/12\\\/10\\\/presidence-de-la-commission-de-lunion-africaine-djibouti-en-quete-du-soutien-du-benin\\\/\"]}]},{\"@type\":\"ImageObject\",\"inLanguage\":\"fr-FR\",\"@id\":\"https:\\\/\\\/lamarinabj.com\\\/index.php\\\/2024\\\/12\\\/10\\\/presidence-de-la-commission-de-lunion-africaine-djibouti-en-quete-du-soutien-du-benin\\\/#primaryimage\",\"url\":\"https:\\\/\\\/lamarinabj.com\\\/wp-content\\\/uploads\\\/2024\\\/12\\\/imageresize-3.jpeg\",\"contentUrl\":\"https:\\\/\\\/lamarinabj.com\\\/wp-content\\\/uploads\\\/2024\\\/12\\\/imageresize-3.jpeg\",\"width\":800,\"height\":457},{\"@type\":\"BreadcrumbList\",\"@id\":\"https:\\\/\\\/lamarinabj.com\\\/index.php\\\/2024\\\/12\\\/10\\\/presidence-de-la-commission-de-lunion-africaine-djibouti-en-quete-du-soutien-du-benin\\\/#breadcrumb\",\"itemListElement\":[{\"@type\":\"ListItem\",\"position\":1,\"name\":\"Accueil\",\"item\":\"https:\\\/\\\/lamarinabj.com\\\/\"},{\"@type\":\"ListItem\",\"position\":2,\"name\":\"Pr\u00e9sidence de la Commission de l\u2019Union africaine : Djibouti en qu\u00eate du soutien du B\u00e9nin\"}]},{\"@type\":\"WebSite\",\"@id\":\"https:\\\/\\\/lamarinabj.com\\\/#website\",\"url\":\"https:\\\/\\\/lamarinabj.com\\\/\",\"name\":\"LA MARINA BJ\",\"description\":\"Votre portail vers l&#039;information strat\u00e9gique au B\u00e9nin, en Afrique et au-del\u00e0\",\"potentialAction\":[{\"@type\":\"SearchAction\",\"target\":{\"@type\":\"EntryPoint\",\"urlTemplate\":\"https:\\\/\\\/lamarinabj.com\\\/?s={search_term_string}\"},\"query-input\":{\"@type\":\"PropertyValueSpecification\",\"valueRequired\":true,\"valueName\":\"search_term_string\"}}],\"inLanguage\":\"fr-FR\"},{\"@type\":\"Person\",\"@id\":\"https:\\\/\\\/lamarinabj.com\\\/#\\\/schema\\\/person\\\/70c372a4c3c86bd4844a0382357a0f2d\",\"name\":\"La Marina BJ - Team Veille &amp; Projets publics\",\"image\":{\"@type\":\"ImageObject\",\"inLanguage\":\"fr-FR\",\"@id\":\"https:\\\/\\\/secure.gravatar.com\\\/avatar\\\/b56740eda81210101c8acebdd7c5c7db1bd0ab57f63df607996683fa153ff0d0?s=96&d=mm&r=g\",\"url\":\"https:\\\/\\\/secure.gravatar.com\\\/avatar\\\/b56740eda81210101c8acebdd7c5c7db1bd0ab57f63df607996683fa153ff0d0?s=96&d=mm&r=g\",\"contentUrl\":\"https:\\\/\\\/secure.gravatar.com\\\/avatar\\\/b56740eda81210101c8acebdd7c5c7db1bd0ab57f63df607996683fa153ff0d0?s=96&d=mm&r=g\",\"caption\":\"La Marina BJ - Team Veille &amp; Projets publics\"},\"description\":\"La Team Veille &amp; Projets publics de La Marina BJ est d\u00e9di\u00e9e \u00e0 la surveillance proactive des dynamiques institutionnelles impuls\u00e9es par l\u2019\u00c9tat, les agences publiques, les collectivit\u00e9s territoriales ainsi que les partenaires techniques et financiers. Gr\u00e2ce \u00e0 une veille strat\u00e9gique permanente, cette \u00e9quipe identifie et suit les projets de d\u00e9veloppement, les \u00e9tudes pr\u00e9alables et les investissements publics majeurs. Elle documente les politiques sectorielles, analyse les enjeux techniques, \u00e9conomiques, sociaux et environnementaux, et produit des contenus exclusifs pour \u00e9clairer les mutations structurelles.\",\"url\":\"https:\\\/\\\/lamarinabj.com\\\/index.php\\\/author\\\/simahou\\\/\"}]}<\/script>\n<!-- \/ Yoast SEO plugin. -->","yoast_head_json":{"title":"Pr\u00e9sidence de la Commission de l\u2019Union africaine : Djibouti en qu\u00eate du soutien du B\u00e9nin - LA MARINA BJ","description":"Cette visite strat\u00e9gique avait pour principal objectif de rallier le soutien des autorit\u00e9s b\u00e9ninoises, notamment celui du pr\u00e9sident Patrice Talon, \u00e0 l\u2019approche de l\u2019\u00e9lection pr\u00e9vue le 25 f\u00e9vrier 2025.","robots":{"index":"index","follow":"follow","max-snippet":"max-snippet:-1","max-image-preview":"max-image-preview:large","max-video-preview":"max-video-preview:-1"},"canonical":"https:\/\/lamarinabj.com\/index.php\/2024\/12\/10\/presidence-de-la-commission-de-lunion-africaine-djibouti-en-quete-du-soutien-du-benin\/","og_locale":"fr_FR","og_type":"article","og_title":"Pr\u00e9sidence de la Commission de l\u2019Union africaine : Djibouti en qu\u00eate du soutien du B\u00e9nin - LA MARINA BJ","og_description":"Cette visite strat\u00e9gique avait pour principal objectif de rallier le soutien des autorit\u00e9s b\u00e9ninoises, notamment celui du pr\u00e9sident Patrice Talon, \u00e0 l\u2019approche de l\u2019\u00e9lection pr\u00e9vue le 25 f\u00e9vrier 2025.","og_url":"https:\/\/lamarinabj.com\/index.php\/2024\/12\/10\/presidence-de-la-commission-de-lunion-africaine-djibouti-en-quete-du-soutien-du-benin\/","og_site_name":"LA MARINA BJ","article_published_time":"2024-12-10T07:55:39+00:00","article_modified_time":"2025-02-15T15:26:40+00:00","og_image":[{"width":800,"height":457,"url":"https:\/\/lamarinabj.com\/wp-content\/uploads\/2024\/12\/imageresize-3.jpeg","type":"image\/jpeg"}],"author":"La Marina BJ - Team Veille &amp; Projets publics","twitter_card":"summary_large_image","twitter_misc":{"\u00c9crit par":"La Marina BJ - Team Veille &amp; Projets publics","Dur\u00e9e de lecture estim\u00e9e":"3 minutes"},"schema":{"@context":"https:\/\/schema.org","@graph":[{"@type":"NewsArticle","@id":"https:\/\/lamarinabj.com\/index.php\/2024\/12\/10\/presidence-de-la-commission-de-lunion-africaine-djibouti-en-quete-du-soutien-du-benin\/#article","isPartOf":{"@id":"https:\/\/lamarinabj.com\/index.php\/2024\/12\/10\/presidence-de-la-commission-de-lunion-africaine-djibouti-en-quete-du-soutien-du-benin\/"},"author":{"name":"La Marina BJ - Team Veille &amp; Projets publics","@id":"https:\/\/lamarinabj.com\/#\/schema\/person\/70c372a4c3c86bd4844a0382357a0f2d"},"headline":"Pr\u00e9sidence de la Commission de l\u2019Union africaine : Djibouti en qu\u00eate du soutien du B\u00e9nin","datePublished":"2024-12-10T07:55:39+00:00","dateModified":"2025-02-15T15:26:40+00:00","mainEntityOfPage":{"@id":"https:\/\/lamarinabj.com\/index.php\/2024\/12\/10\/presidence-de-la-commission-de-lunion-africaine-djibouti-en-quete-du-soutien-du-benin\/"},"wordCount":458,"commentCount":0,"image":{"@id":"https:\/\/lamarinabj.com\/index.php\/2024\/12\/10\/presidence-de-la-commission-de-lunion-africaine-djibouti-en-quete-du-soutien-du-benin\/#primaryimage"},"thumbnailUrl":"https:\/\/lamarinabj.com\/wp-content\/uploads\/2024\/12\/imageresize-3.jpeg","keywords":["B\u00e9nin","Commission Union africaine","Djibouti"],"articleSection":["DIPLOMATIE","L'\u00c9V\u00c9NEMENT"],"inLanguage":"fr-FR","potentialAction":[{"@type":"CommentAction","name":"Comment","target":["https:\/\/lamarinabj.com\/index.php\/2024\/12\/10\/presidence-de-la-commission-de-lunion-africaine-djibouti-en-quete-du-soutien-du-benin\/#respond"]}]},{"@type":"WebPage","@id":"https:\/\/lamarinabj.com\/index.php\/2024\/12\/10\/presidence-de-la-commission-de-lunion-africaine-djibouti-en-quete-du-soutien-du-benin\/","url":"https:\/\/lamarinabj.com\/index.php\/2024\/12\/10\/presidence-de-la-commission-de-lunion-africaine-djibouti-en-quete-du-soutien-du-benin\/","name":"Pr\u00e9sidence de la Commission de l\u2019Union africaine : Djibouti en qu\u00eate du soutien du B\u00e9nin - LA MARINA BJ","isPartOf":{"@id":"https:\/\/lamarinabj.com\/#website"},"primaryImageOfPage":{"@id":"https:\/\/lamarinabj.com\/index.php\/2024\/12\/10\/presidence-de-la-commission-de-lunion-africaine-djibouti-en-quete-du-soutien-du-benin\/#primaryimage"},"image":{"@id":"https:\/\/lamarinabj.com\/index.php\/2024\/12\/10\/presidence-de-la-commission-de-lunion-africaine-djibouti-en-quete-du-soutien-du-benin\/#primaryimage"},"thumbnailUrl":"https:\/\/lamarinabj.com\/wp-content\/uploads\/2024\/12\/imageresize-3.jpeg","datePublished":"2024-12-10T07:55:39+00:00","dateModified":"2025-02-15T15:26:40+00:00","author":{"@id":"https:\/\/lamarinabj.com\/#\/schema\/person\/70c372a4c3c86bd4844a0382357a0f2d"},"description":"Cette visite strat\u00e9gique avait pour principal objectif de rallier le soutien des autorit\u00e9s b\u00e9ninoises, notamment celui du pr\u00e9sident Patrice Talon, \u00e0 l\u2019approche de l\u2019\u00e9lection pr\u00e9vue le 25 f\u00e9vrier 2025.","breadcrumb":{"@id":"https:\/\/lamarinabj.com\/index.php\/2024\/12\/10\/presidence-de-la-commission-de-lunion-africaine-djibouti-en-quete-du-soutien-du-benin\/#breadcrumb"},"inLanguage":"fr-FR","potentialAction":[{"@type":"ReadAction","target":["https:\/\/lamarinabj.com\/index.php\/2024\/12\/10\/presidence-de-la-commission-de-lunion-africaine-djibouti-en-quete-du-soutien-du-benin\/"]}]},{"@type":"ImageObject","inLanguage":"fr-FR","@id":"https:\/\/lamarinabj.com\/index.php\/2024\/12\/10\/presidence-de-la-commission-de-lunion-africaine-djibouti-en-quete-du-soutien-du-benin\/#primaryimage","url":"https:\/\/lamarinabj.com\/wp-content\/uploads\/2024\/12\/imageresize-3.jpeg","contentUrl":"https:\/\/lamarinabj.com\/wp-content\/uploads\/2024\/12\/imageresize-3.jpeg","width":800,"height":457},{"@type":"BreadcrumbList","@id":"https:\/\/lamarinabj.com\/index.php\/2024\/12\/10\/presidence-de-la-commission-de-lunion-africaine-djibouti-en-quete-du-soutien-du-benin\/#breadcrumb","itemListElement":[{"@type":"ListItem","position":1,"name":"Accueil","item":"https:\/\/lamarinabj.com\/"},{"@type":"ListItem","position":2,"name":"Pr\u00e9sidence de la Commission de l\u2019Union africaine : Djibouti en qu\u00eate du soutien du B\u00e9nin"}]},{"@type":"WebSite","@id":"https:\/\/lamarinabj.com\/#website","url":"https:\/\/lamarinabj.com\/","name":"LA MARINA BJ","description":"Votre portail vers l&#039;information strat\u00e9gique au B\u00e9nin, en Afrique et au-del\u00e0","potentialAction":[{"@type":"SearchAction","target":{"@type":"EntryPoint","urlTemplate":"https:\/\/lamarinabj.com\/?s={search_term_string}"},"query-input":{"@type":"PropertyValueSpecification","valueRequired":true,"valueName":"search_term_string"}}],"inLanguage":"fr-FR"},{"@type":"Person","@id":"https:\/\/lamarinabj.com\/#\/schema\/person\/70c372a4c3c86bd4844a0382357a0f2d","name":"La Marina BJ - Team Veille &amp; Projets publics","image":{"@type":"ImageObject","inLanguage":"fr-FR","@id":"https:\/\/secure.gravatar.com\/avatar\/b56740eda81210101c8acebdd7c5c7db1bd0ab57f63df607996683fa153ff0d0?s=96&d=mm&r=g","url":"https:\/\/secure.gravatar.com\/avatar\/b56740eda81210101c8acebdd7c5c7db1bd0ab57f63df607996683fa153ff0d0?s=96&d=mm&r=g","contentUrl":"https:\/\/secure.gravatar.com\/avatar\/b56740eda81210101c8acebdd7c5c7db1bd0ab57f63df607996683fa153ff0d0?s=96&d=mm&r=g","caption":"La Marina BJ - Team Veille &amp; Projets publics"},"description":"La Team Veille &amp; Projets publics de La Marina BJ est d\u00e9di\u00e9e \u00e0 la surveillance proactive des dynamiques institutionnelles impuls\u00e9es par l\u2019\u00c9tat, les agences publiques, les collectivit\u00e9s territoriales ainsi que les partenaires techniques et financiers. Gr\u00e2ce \u00e0 une veille strat\u00e9gique permanente, cette \u00e9quipe identifie et suit les projets de d\u00e9veloppement, les \u00e9tudes pr\u00e9alables et les investissements publics majeurs. Elle documente les politiques sectorielles, analyse les enjeux techniques, \u00e9conomiques, sociaux et environnementaux, et produit des contenus exclusifs pour \u00e9clairer les mutations structurelles.","url":"https:\/\/lamarinabj.com\/index.php\/author\/simahou\/"}]}},"_links":{"self":[{"href":"https:\/\/lamarinabj.com\/index.php\/wp-json\/wp\/v2\/posts\/9455","targetHints":{"allow":["GET"]}}],"collection":[{"href":"https:\/\/lamarinabj.com\/index.php\/wp-json\/wp\/v2\/posts"}],"about":[{"href":"https:\/\/lamarinabj.com\/index.php\/wp-json\/wp\/v2\/types\/post"}],"author":[{"embeddable":true,"href":"https:\/\/lamarinabj.com\/index.php\/wp-json\/wp\/v2\/users\/3"}],"replies":[{"embeddable":true,"href":"https:\/\/lamarinabj.com\/index.php\/wp-json\/wp\/v2\/comments?post=9455"}],"version-history":[{"count":3,"href":"https:\/\/lamarinabj.com\/index.php\/wp-json\/wp\/v2\/posts\/9455\/revisions"}],"predecessor-version":[{"id":10253,"href":"https:\/\/lamarinabj.com\/index.php\/wp-json\/wp\/v2\/posts\/9455\/revisions\/10253"}],"wp:featuredmedia":[{"embeddable":true,"href":"https:\/\/lamarinabj.com\/index.php\/wp-json\/wp\/v2\/media\/9456"}],"wp:attachment":[{"href":"https:\/\/lamarinabj.com\/index.php\/wp-json\/wp\/v2\/media?parent=9455"}],"wp:term":[{"taxonomy":"category","embeddable":true,"href":"https:\/\/lamarinabj.com\/index.php\/wp-json\/wp\/v2\/categories?post=9455"},{"taxonomy":"post_tag","embeddable":true,"href":"https:\/\/lamarinabj.com\/index.php\/wp-json\/wp\/v2\/tags?post=9455"}],"curies":[{"name":"wp","href":"https:\/\/api.w.org\/{rel}","templated":true}]}}