{"id":9538,"date":"2024-12-17T16:19:08","date_gmt":"2024-12-17T15:19:08","guid":{"rendered":"https:\/\/lamarinabj.com\/?p=9538"},"modified":"2024-12-17T16:19:09","modified_gmt":"2024-12-17T15:19:09","slug":"delais-fiscaux-pourquoi-le-benin-passe-de-jour-ouvrable-a-jour-ouvre","status":"publish","type":"post","link":"https:\/\/lamarinabj.com\/index.php\/2024\/12\/17\/delais-fiscaux-pourquoi-le-benin-passe-de-jour-ouvrable-a-jour-ouvre\/","title":{"rendered":"D\u00e9lais fiscaux : Pourquoi le B\u00e9nin passe de jour ouvrable \u00e0 jour ouvr\u00e9 ?"},"content":{"rendered":"\n<p><strong><mark style=\"background-color:rgba(0, 0, 0, 0)\" class=\"has-inline-color has-red-color\">Gouvernance, B\u00e9nin <\/mark><\/strong>&#8211; <strong><em>La loi de finances pour l\u2019exercice 2025 introduit une r\u00e9forme majeure dans la gestion des d\u00e9lais fiscaux. D\u00e9sormais, la notion de jours consid\u00e9r\u00e9s comme ouvrables est abandonn\u00e9e au profit d\u2019une nouvelle d\u00e9finition qu&rsquo;est le jour ouvr\u00e9.<\/em><\/strong><\/p>\n\n\n\n<p>En modifiant l\u2019article 514, paragraphe 3, du Code G\u00e9n\u00e9ral des Imp\u00f4ts, cette mesure r\u00e9pond aux d\u00e9fis pratiques rencontr\u00e9s par les contribuables et l\u2019administration fiscale. Retour sur une r\u00e9forme qui promet plus de clart\u00e9 et d\u2019\u00e9quit\u00e9 dans la gestion des obligations fiscales.<\/p>\n\n\n\n<h2 id=\"les-limites-de-la-notion-de-jour-ouvrable\" class=\"wp-block-heading\"><mark style=\"background-color:rgba(0, 0, 0, 0)\" class=\"has-inline-color has-red-color\">Les limites de la notion de jour ouvrable<\/mark><\/h2>\n\n\n\n<p>Jusqu\u2019\u00e0 cette r\u00e9forme, qui entrera en vigueur le 1er janvier 2025, l\u2019article 514, paragraphe 3, du Code G\u00e9n\u00e9ral des Imp\u00f4ts reconnaissait conform\u00e9ment au droit positif b\u00e9ninois les jours ouvrables comme tous les jours de la semaine, \u00e0 l\u2019exception du dimanche et des jours f\u00e9ri\u00e9s. Cette d\u00e9finition incluait le samedi, bien que ce jour corresponde souvent \u00e0 la fermeture des administrations fiscales.<\/p>\n\n\n\n<p>Dans la pratique, cette situation p\u00e9nalisait \u00e0 la fois les contribuables et l\u2019administration. Par exemple, lorsqu\u2019une obligation fiscale (d\u00e9claration ou paiement) arrivait \u00e0 \u00e9ch\u00e9ance un samedi, elle n\u2019\u00e9tait pas automatiquement report\u00e9e au lundi suivant. Les contribuables se retrouvaient alors sous la menace de p\u00e9nalit\u00e9s pour d\u00e9passement de d\u00e9lai. Du c\u00f4t\u00e9 de l\u2019administration, l\u2019ex\u00e9cution de certaines proc\u00e9dures tombant un samedi devenait probl\u00e9matique, cr\u00e9ant des d\u00e9calages dans le traitement des dossiers.<\/p>\n\n\n\n<h2 id=\"la-reforme-passer-du-jour-ouvrable-au-jour-ouvre-pour-plus-dequite\" class=\"wp-block-heading\"><mark style=\"background-color:rgba(0, 0, 0, 0)\" class=\"has-inline-color has-red-color\">La r\u00e9forme : passer du jour ouvrable au jour ouvr\u00e9 pour plus d\u2019\u00e9quit\u00e9<\/mark><\/h2>\n\n\n\n<p>Avec l\u2019amendement le 5 d\u00e9cembre 2024 de l\u2019article 514, paragraphe 3, la notion de jour ouvr\u00e9 remplace d\u00e9sormais celle de jour ouvrable. Les jours ouvr\u00e9s sont d\u00e9finis comme ceux o\u00f9 les services publics sont ouverts et fonctionnels, soit du lundi au vendredi. Cette nouvelle approche exclut le samedi, un jour o\u00f9 les services fiscaux ne sont g\u00e9n\u00e9ralement pas accessibles.<\/p>\n\n\n\n<p>\u00c0 compter de janvier 2025, lorsqu\u2019une \u00e9ch\u00e9ance fiscale co\u00efncide avec un samedi, celle-ci sera automatiquement report\u00e9e au lundi ou au jour ouvr\u00e9 suivant. Cette modification garantit une plus grande souplesse pour les contribuables, leur permettant de respecter leurs obligations sans risquer de p\u00e9nalit\u00e9s injustifi\u00e9es. Pour l\u2019administration, cette clarification facilite \u00e9galement la gestion des d\u00e9lais et r\u00e9duit les litiges li\u00e9s aux d\u00e9passements de dates.<\/p>\n\n\n\n<p>En substituant la notion de jour ouvr\u00e9 \u00e0 celle de jour ouvrable, le B\u00e9nin franchit une \u00e9tape importante dans sa volont\u00e9 de simplifier et d\u2019am\u00e9liorer son syst\u00e8me fiscal. Cette mesure, qui semble technique, illustre une attention particuli\u00e8re port\u00e9e aux besoins des contribuables et \u00e0 la transparence administrative. <a href=\"https:\/\/lamarinabj.com\/index.php\/2024\/12\/12\/benin-produits-petroliers-le-gouvernement-met-en-place-un-mecanisme-de-tarification-previsible\/\"><mark style=\"background-color:rgba(0, 0, 0, 0)\" class=\"has-inline-color has-green-color\">Elle marque une avanc\u00e9e vers une fiscalit\u00e9 plus moderne, plus juste et mieux adapt\u00e9e aux r\u00e9alit\u00e9s du pays.<\/mark><\/a><\/p>\n","protected":false},"excerpt":{"rendered":"Gouvernance, B\u00e9nin &#8211; La loi de finances pour l\u2019exercice 2025 introduit une r\u00e9forme majeure dans la gestion des&hellip;\n","protected":false},"author":8,"featured_media":7300,"comment_status":"open","ping_status":"open","sticky":false,"template":"elementor_theme","format":"standard","meta":{"csco_singular_sidebar":"","csco_page_header_type":"standard","csco_appearance_masonry":"","csco_page_load_nextpost":"","csco_post_video_location":[],"csco_post_video_location_hash":"","csco_post_video_url":"","csco_post_video_bg_start_time":0,"csco_post_video_bg_end_time":0,"footnotes":""},"categories":[191,45],"tags":[41,1274,1235],"class_list":{"0":"post-9538","1":"post","2":"type-post","3":"status-publish","4":"format-standard","5":"has-post-thumbnail","7":"category-en-savoir-plus-2","8":"category-gouvernance","9":"tag-benin","10":"tag-delais-fiscaux","11":"tag-loi-de-finances","12":"cs-entry","13":"cs-video-wrap"},"yoast_head":"<!-- This site is optimized with the Yoast SEO plugin v27.4 - https:\/\/yoast.com\/product\/yoast-seo-wordpress\/ -->\n<title>D\u00e9lais fiscaux : Pourquoi le B\u00e9nin passe de jour ouvrable \u00e0 jour ouvr\u00e9 ? - LA MARINA BJ<\/title>\n<meta name=\"description\" content=\"En modifiant l\u2019article 514, paragraphe 3, du Code G\u00e9n\u00e9ral des Imp\u00f4ts, cette mesure r\u00e9pond aux d\u00e9fis pratiques rencontr\u00e9s par les contribuables et l\u2019administration fiscale. Retour sur une r\u00e9forme qui promet plus de clart\u00e9 et d\u2019\u00e9quit\u00e9 dans la gestion des obligations fiscales.\" \/>\n<meta name=\"robots\" content=\"index, follow, max-snippet:-1, max-image-preview:large, max-video-preview:-1\" \/>\n<link rel=\"canonical\" href=\"https:\/\/lamarinabj.com\/index.php\/2024\/12\/17\/delais-fiscaux-pourquoi-le-benin-passe-de-jour-ouvrable-a-jour-ouvre\/\" \/>\n<meta property=\"og:locale\" content=\"fr_FR\" \/>\n<meta property=\"og:type\" content=\"article\" \/>\n<meta property=\"og:title\" content=\"D\u00e9lais fiscaux : Pourquoi le B\u00e9nin passe de jour ouvrable \u00e0 jour ouvr\u00e9 ? - LA MARINA BJ\" \/>\n<meta property=\"og:description\" content=\"En modifiant l\u2019article 514, paragraphe 3, du Code G\u00e9n\u00e9ral des Imp\u00f4ts, cette mesure r\u00e9pond aux d\u00e9fis pratiques rencontr\u00e9s par les contribuables et l\u2019administration fiscale. Retour sur une r\u00e9forme qui promet plus de clart\u00e9 et d\u2019\u00e9quit\u00e9 dans la gestion des obligations fiscales.\" \/>\n<meta property=\"og:url\" content=\"https:\/\/lamarinabj.com\/index.php\/2024\/12\/17\/delais-fiscaux-pourquoi-le-benin-passe-de-jour-ouvrable-a-jour-ouvre\/\" \/>\n<meta property=\"og:site_name\" content=\"LA MARINA BJ\" \/>\n<meta property=\"article:published_time\" content=\"2024-12-17T15:19:08+00:00\" \/>\n<meta property=\"article:modified_time\" content=\"2024-12-17T15:19:09+00:00\" \/>\n<meta property=\"og:image\" content=\"https:\/\/lamarinabj.com\/wp-content\/uploads\/2024\/08\/SAVE_20240731_103927-scaled.jpg\" \/>\n\t<meta property=\"og:image:width\" content=\"2560\" \/>\n\t<meta property=\"og:image:height\" content=\"1344\" \/>\n\t<meta property=\"og:image:type\" content=\"image\/jpeg\" \/>\n<meta name=\"author\" content=\"La Marina BJ - Team Business &amp; \u00c9conomie &amp; Finances\" \/>\n<meta name=\"twitter:card\" content=\"summary_large_image\" \/>\n<meta name=\"twitter:label1\" content=\"\u00c9crit par\" \/>\n\t<meta name=\"twitter:data1\" content=\"La Marina BJ - Team Business &amp; \u00c9conomie &amp; Finances\" \/>\n\t<meta name=\"twitter:label2\" content=\"Dur\u00e9e de lecture estim\u00e9e\" \/>\n\t<meta name=\"twitter:data2\" content=\"3 minutes\" \/>\n<script type=\"application\/ld+json\" class=\"yoast-schema-graph\">{\"@context\":\"https:\\\/\\\/schema.org\",\"@graph\":[{\"@type\":\"NewsArticle\",\"@id\":\"https:\\\/\\\/lamarinabj.com\\\/index.php\\\/2024\\\/12\\\/17\\\/delais-fiscaux-pourquoi-le-benin-passe-de-jour-ouvrable-a-jour-ouvre\\\/#article\",\"isPartOf\":{\"@id\":\"https:\\\/\\\/lamarinabj.com\\\/index.php\\\/2024\\\/12\\\/17\\\/delais-fiscaux-pourquoi-le-benin-passe-de-jour-ouvrable-a-jour-ouvre\\\/\"},\"author\":{\"name\":\"La Marina BJ - Team Business &amp; \u00c9conomie &amp; Finances\",\"@id\":\"https:\\\/\\\/lamarinabj.com\\\/#\\\/schema\\\/person\\\/daecc7fb1eea21418f92763d06a3f4b4\"},\"headline\":\"D\u00e9lais fiscaux : Pourquoi le B\u00e9nin passe de jour ouvrable \u00e0 jour ouvr\u00e9 ?\",\"datePublished\":\"2024-12-17T15:19:08+00:00\",\"dateModified\":\"2024-12-17T15:19:09+00:00\",\"mainEntityOfPage\":{\"@id\":\"https:\\\/\\\/lamarinabj.com\\\/index.php\\\/2024\\\/12\\\/17\\\/delais-fiscaux-pourquoi-le-benin-passe-de-jour-ouvrable-a-jour-ouvre\\\/\"},\"wordCount\":495,\"commentCount\":0,\"image\":{\"@id\":\"https:\\\/\\\/lamarinabj.com\\\/index.php\\\/2024\\\/12\\\/17\\\/delais-fiscaux-pourquoi-le-benin-passe-de-jour-ouvrable-a-jour-ouvre\\\/#primaryimage\"},\"thumbnailUrl\":\"https:\\\/\\\/lamarinabj.com\\\/wp-content\\\/uploads\\\/2024\\\/08\\\/SAVE_20240731_103927-scaled.jpg\",\"keywords\":[\"B\u00e9nin\",\"D\u00e9lais fiscaux\",\"Loi de finances\"],\"articleSection\":[\"EN SAVOIR PLUS\",\"GOUVERNANCE\"],\"inLanguage\":\"fr-FR\",\"potentialAction\":[{\"@type\":\"CommentAction\",\"name\":\"Comment\",\"target\":[\"https:\\\/\\\/lamarinabj.com\\\/index.php\\\/2024\\\/12\\\/17\\\/delais-fiscaux-pourquoi-le-benin-passe-de-jour-ouvrable-a-jour-ouvre\\\/#respond\"]}]},{\"@type\":[\"WebPage\",\"SearchResultsPage\"],\"@id\":\"https:\\\/\\\/lamarinabj.com\\\/index.php\\\/2024\\\/12\\\/17\\\/delais-fiscaux-pourquoi-le-benin-passe-de-jour-ouvrable-a-jour-ouvre\\\/\",\"url\":\"https:\\\/\\\/lamarinabj.com\\\/index.php\\\/2024\\\/12\\\/17\\\/delais-fiscaux-pourquoi-le-benin-passe-de-jour-ouvrable-a-jour-ouvre\\\/\",\"name\":\"D\u00e9lais fiscaux : Pourquoi le B\u00e9nin passe de jour ouvrable \u00e0 jour ouvr\u00e9 ? - LA MARINA BJ\",\"isPartOf\":{\"@id\":\"https:\\\/\\\/lamarinabj.com\\\/#website\"},\"primaryImageOfPage\":{\"@id\":\"https:\\\/\\\/lamarinabj.com\\\/index.php\\\/2024\\\/12\\\/17\\\/delais-fiscaux-pourquoi-le-benin-passe-de-jour-ouvrable-a-jour-ouvre\\\/#primaryimage\"},\"image\":{\"@id\":\"https:\\\/\\\/lamarinabj.com\\\/index.php\\\/2024\\\/12\\\/17\\\/delais-fiscaux-pourquoi-le-benin-passe-de-jour-ouvrable-a-jour-ouvre\\\/#primaryimage\"},\"thumbnailUrl\":\"https:\\\/\\\/lamarinabj.com\\\/wp-content\\\/uploads\\\/2024\\\/08\\\/SAVE_20240731_103927-scaled.jpg\",\"datePublished\":\"2024-12-17T15:19:08+00:00\",\"dateModified\":\"2024-12-17T15:19:09+00:00\",\"author\":{\"@id\":\"https:\\\/\\\/lamarinabj.com\\\/#\\\/schema\\\/person\\\/daecc7fb1eea21418f92763d06a3f4b4\"},\"description\":\"En modifiant l\u2019article 514, paragraphe 3, du Code G\u00e9n\u00e9ral des Imp\u00f4ts, cette mesure r\u00e9pond aux d\u00e9fis pratiques rencontr\u00e9s par les contribuables et l\u2019administration fiscale. Retour sur une r\u00e9forme qui promet plus de clart\u00e9 et d\u2019\u00e9quit\u00e9 dans la gestion des obligations fiscales.\",\"breadcrumb\":{\"@id\":\"https:\\\/\\\/lamarinabj.com\\\/index.php\\\/2024\\\/12\\\/17\\\/delais-fiscaux-pourquoi-le-benin-passe-de-jour-ouvrable-a-jour-ouvre\\\/#breadcrumb\"},\"inLanguage\":\"fr-FR\",\"potentialAction\":[{\"@type\":\"ReadAction\",\"target\":[\"https:\\\/\\\/lamarinabj.com\\\/index.php\\\/2024\\\/12\\\/17\\\/delais-fiscaux-pourquoi-le-benin-passe-de-jour-ouvrable-a-jour-ouvre\\\/\"]}]},{\"@type\":\"ImageObject\",\"inLanguage\":\"fr-FR\",\"@id\":\"https:\\\/\\\/lamarinabj.com\\\/index.php\\\/2024\\\/12\\\/17\\\/delais-fiscaux-pourquoi-le-benin-passe-de-jour-ouvrable-a-jour-ouvre\\\/#primaryimage\",\"url\":\"https:\\\/\\\/lamarinabj.com\\\/wp-content\\\/uploads\\\/2024\\\/08\\\/SAVE_20240731_103927-scaled.jpg\",\"contentUrl\":\"https:\\\/\\\/lamarinabj.com\\\/wp-content\\\/uploads\\\/2024\\\/08\\\/SAVE_20240731_103927-scaled.jpg\",\"width\":2560,\"height\":1344},{\"@type\":\"BreadcrumbList\",\"@id\":\"https:\\\/\\\/lamarinabj.com\\\/index.php\\\/2024\\\/12\\\/17\\\/delais-fiscaux-pourquoi-le-benin-passe-de-jour-ouvrable-a-jour-ouvre\\\/#breadcrumb\",\"itemListElement\":[{\"@type\":\"ListItem\",\"position\":1,\"name\":\"Accueil\",\"item\":\"https:\\\/\\\/lamarinabj.com\\\/\"},{\"@type\":\"ListItem\",\"position\":2,\"name\":\"D\u00e9lais fiscaux : Pourquoi le B\u00e9nin passe de jour ouvrable \u00e0 jour ouvr\u00e9 ?\"}]},{\"@type\":\"WebSite\",\"@id\":\"https:\\\/\\\/lamarinabj.com\\\/#website\",\"url\":\"https:\\\/\\\/lamarinabj.com\\\/\",\"name\":\"LA MARINA BJ\",\"description\":\"Votre portail vers l&#039;information strat\u00e9gique au B\u00e9nin, en Afrique et au-del\u00e0\",\"potentialAction\":[{\"@type\":\"SearchAction\",\"target\":{\"@type\":\"EntryPoint\",\"urlTemplate\":\"https:\\\/\\\/lamarinabj.com\\\/?s={search_term_string}\"},\"query-input\":{\"@type\":\"PropertyValueSpecification\",\"valueRequired\":true,\"valueName\":\"search_term_string\"}}],\"inLanguage\":\"fr-FR\"},{\"@type\":\"Person\",\"@id\":\"https:\\\/\\\/lamarinabj.com\\\/#\\\/schema\\\/person\\\/daecc7fb1eea21418f92763d06a3f4b4\",\"name\":\"La Marina BJ - Team Business &amp; \u00c9conomie &amp; Finances\",\"image\":{\"@type\":\"ImageObject\",\"inLanguage\":\"fr-FR\",\"@id\":\"https:\\\/\\\/secure.gravatar.com\\\/avatar\\\/007be62133093bb48d247a392503beff272bc6a9503872d32895035e0e72b4f7?s=96&d=mm&r=g\",\"url\":\"https:\\\/\\\/secure.gravatar.com\\\/avatar\\\/007be62133093bb48d247a392503beff272bc6a9503872d32895035e0e72b4f7?s=96&d=mm&r=g\",\"contentUrl\":\"https:\\\/\\\/secure.gravatar.com\\\/avatar\\\/007be62133093bb48d247a392503beff272bc6a9503872d32895035e0e72b4f7?s=96&d=mm&r=g\",\"caption\":\"La Marina BJ - Team Business &amp; \u00c9conomie &amp; Finances\"},\"description\":\"La Team \u00c9conomie &amp; Finances de La Marina BJ d\u00e9crypte les dynamiques \u00e9conomiques qui fa\u00e7onnent le B\u00e9nin, l\u2019Afrique et le monde. Compos\u00e9e de journalistes \u00e9conomiques, d\u2019analystes sectoriels et de veilleurs sp\u00e9cialis\u00e9s, elle s\u2019attache \u00e0 rendre lisibles les m\u00e9canismes financiers, les politiques budg\u00e9taires, les r\u00e9formes fiscales et les grandes orientations macro\u00e9conomiques. Son ambition : \u00e9clairer les choix, anticiper les tendances et outiller les d\u00e9cideurs \u2014 publics comme priv\u00e9s \u2014 dans un environnement \u00e9conomique en constante mutation.\",\"url\":\"https:\\\/\\\/lamarinabj.com\\\/index.php\\\/author\\\/ernestine\\\/\"}]}<\/script>\n<!-- \/ Yoast SEO plugin. -->","yoast_head_json":{"title":"D\u00e9lais fiscaux : Pourquoi le B\u00e9nin passe de jour ouvrable \u00e0 jour ouvr\u00e9 ? - LA MARINA BJ","description":"En modifiant l\u2019article 514, paragraphe 3, du Code G\u00e9n\u00e9ral des Imp\u00f4ts, cette mesure r\u00e9pond aux d\u00e9fis pratiques rencontr\u00e9s par les contribuables et l\u2019administration fiscale. Retour sur une r\u00e9forme qui promet plus de clart\u00e9 et d\u2019\u00e9quit\u00e9 dans la gestion des obligations fiscales.","robots":{"index":"index","follow":"follow","max-snippet":"max-snippet:-1","max-image-preview":"max-image-preview:large","max-video-preview":"max-video-preview:-1"},"canonical":"https:\/\/lamarinabj.com\/index.php\/2024\/12\/17\/delais-fiscaux-pourquoi-le-benin-passe-de-jour-ouvrable-a-jour-ouvre\/","og_locale":"fr_FR","og_type":"article","og_title":"D\u00e9lais fiscaux : Pourquoi le B\u00e9nin passe de jour ouvrable \u00e0 jour ouvr\u00e9 ? - LA MARINA BJ","og_description":"En modifiant l\u2019article 514, paragraphe 3, du Code G\u00e9n\u00e9ral des Imp\u00f4ts, cette mesure r\u00e9pond aux d\u00e9fis pratiques rencontr\u00e9s par les contribuables et l\u2019administration fiscale. Retour sur une r\u00e9forme qui promet plus de clart\u00e9 et d\u2019\u00e9quit\u00e9 dans la gestion des obligations fiscales.","og_url":"https:\/\/lamarinabj.com\/index.php\/2024\/12\/17\/delais-fiscaux-pourquoi-le-benin-passe-de-jour-ouvrable-a-jour-ouvre\/","og_site_name":"LA MARINA BJ","article_published_time":"2024-12-17T15:19:08+00:00","article_modified_time":"2024-12-17T15:19:09+00:00","og_image":[{"width":2560,"height":1344,"url":"https:\/\/lamarinabj.com\/wp-content\/uploads\/2024\/08\/SAVE_20240731_103927-scaled.jpg","type":"image\/jpeg"}],"author":"La Marina BJ - Team Business &amp; \u00c9conomie &amp; Finances","twitter_card":"summary_large_image","twitter_misc":{"\u00c9crit par":"La Marina BJ - Team Business &amp; \u00c9conomie &amp; Finances","Dur\u00e9e de lecture estim\u00e9e":"3 minutes"},"schema":{"@context":"https:\/\/schema.org","@graph":[{"@type":"NewsArticle","@id":"https:\/\/lamarinabj.com\/index.php\/2024\/12\/17\/delais-fiscaux-pourquoi-le-benin-passe-de-jour-ouvrable-a-jour-ouvre\/#article","isPartOf":{"@id":"https:\/\/lamarinabj.com\/index.php\/2024\/12\/17\/delais-fiscaux-pourquoi-le-benin-passe-de-jour-ouvrable-a-jour-ouvre\/"},"author":{"name":"La Marina BJ - Team Business &amp; \u00c9conomie &amp; Finances","@id":"https:\/\/lamarinabj.com\/#\/schema\/person\/daecc7fb1eea21418f92763d06a3f4b4"},"headline":"D\u00e9lais fiscaux : Pourquoi le B\u00e9nin passe de jour ouvrable \u00e0 jour ouvr\u00e9 ?","datePublished":"2024-12-17T15:19:08+00:00","dateModified":"2024-12-17T15:19:09+00:00","mainEntityOfPage":{"@id":"https:\/\/lamarinabj.com\/index.php\/2024\/12\/17\/delais-fiscaux-pourquoi-le-benin-passe-de-jour-ouvrable-a-jour-ouvre\/"},"wordCount":495,"commentCount":0,"image":{"@id":"https:\/\/lamarinabj.com\/index.php\/2024\/12\/17\/delais-fiscaux-pourquoi-le-benin-passe-de-jour-ouvrable-a-jour-ouvre\/#primaryimage"},"thumbnailUrl":"https:\/\/lamarinabj.com\/wp-content\/uploads\/2024\/08\/SAVE_20240731_103927-scaled.jpg","keywords":["B\u00e9nin","D\u00e9lais fiscaux","Loi de finances"],"articleSection":["EN SAVOIR PLUS","GOUVERNANCE"],"inLanguage":"fr-FR","potentialAction":[{"@type":"CommentAction","name":"Comment","target":["https:\/\/lamarinabj.com\/index.php\/2024\/12\/17\/delais-fiscaux-pourquoi-le-benin-passe-de-jour-ouvrable-a-jour-ouvre\/#respond"]}]},{"@type":["WebPage","SearchResultsPage"],"@id":"https:\/\/lamarinabj.com\/index.php\/2024\/12\/17\/delais-fiscaux-pourquoi-le-benin-passe-de-jour-ouvrable-a-jour-ouvre\/","url":"https:\/\/lamarinabj.com\/index.php\/2024\/12\/17\/delais-fiscaux-pourquoi-le-benin-passe-de-jour-ouvrable-a-jour-ouvre\/","name":"D\u00e9lais fiscaux : Pourquoi le B\u00e9nin passe de jour ouvrable \u00e0 jour ouvr\u00e9 ? - LA MARINA BJ","isPartOf":{"@id":"https:\/\/lamarinabj.com\/#website"},"primaryImageOfPage":{"@id":"https:\/\/lamarinabj.com\/index.php\/2024\/12\/17\/delais-fiscaux-pourquoi-le-benin-passe-de-jour-ouvrable-a-jour-ouvre\/#primaryimage"},"image":{"@id":"https:\/\/lamarinabj.com\/index.php\/2024\/12\/17\/delais-fiscaux-pourquoi-le-benin-passe-de-jour-ouvrable-a-jour-ouvre\/#primaryimage"},"thumbnailUrl":"https:\/\/lamarinabj.com\/wp-content\/uploads\/2024\/08\/SAVE_20240731_103927-scaled.jpg","datePublished":"2024-12-17T15:19:08+00:00","dateModified":"2024-12-17T15:19:09+00:00","author":{"@id":"https:\/\/lamarinabj.com\/#\/schema\/person\/daecc7fb1eea21418f92763d06a3f4b4"},"description":"En modifiant l\u2019article 514, paragraphe 3, du Code G\u00e9n\u00e9ral des Imp\u00f4ts, cette mesure r\u00e9pond aux d\u00e9fis pratiques rencontr\u00e9s par les contribuables et l\u2019administration fiscale. Retour sur une r\u00e9forme qui promet plus de clart\u00e9 et d\u2019\u00e9quit\u00e9 dans la gestion des obligations fiscales.","breadcrumb":{"@id":"https:\/\/lamarinabj.com\/index.php\/2024\/12\/17\/delais-fiscaux-pourquoi-le-benin-passe-de-jour-ouvrable-a-jour-ouvre\/#breadcrumb"},"inLanguage":"fr-FR","potentialAction":[{"@type":"ReadAction","target":["https:\/\/lamarinabj.com\/index.php\/2024\/12\/17\/delais-fiscaux-pourquoi-le-benin-passe-de-jour-ouvrable-a-jour-ouvre\/"]}]},{"@type":"ImageObject","inLanguage":"fr-FR","@id":"https:\/\/lamarinabj.com\/index.php\/2024\/12\/17\/delais-fiscaux-pourquoi-le-benin-passe-de-jour-ouvrable-a-jour-ouvre\/#primaryimage","url":"https:\/\/lamarinabj.com\/wp-content\/uploads\/2024\/08\/SAVE_20240731_103927-scaled.jpg","contentUrl":"https:\/\/lamarinabj.com\/wp-content\/uploads\/2024\/08\/SAVE_20240731_103927-scaled.jpg","width":2560,"height":1344},{"@type":"BreadcrumbList","@id":"https:\/\/lamarinabj.com\/index.php\/2024\/12\/17\/delais-fiscaux-pourquoi-le-benin-passe-de-jour-ouvrable-a-jour-ouvre\/#breadcrumb","itemListElement":[{"@type":"ListItem","position":1,"name":"Accueil","item":"https:\/\/lamarinabj.com\/"},{"@type":"ListItem","position":2,"name":"D\u00e9lais fiscaux : Pourquoi le B\u00e9nin passe de jour ouvrable \u00e0 jour ouvr\u00e9 ?"}]},{"@type":"WebSite","@id":"https:\/\/lamarinabj.com\/#website","url":"https:\/\/lamarinabj.com\/","name":"LA MARINA BJ","description":"Votre portail vers l&#039;information strat\u00e9gique au B\u00e9nin, en Afrique et au-del\u00e0","potentialAction":[{"@type":"SearchAction","target":{"@type":"EntryPoint","urlTemplate":"https:\/\/lamarinabj.com\/?s={search_term_string}"},"query-input":{"@type":"PropertyValueSpecification","valueRequired":true,"valueName":"search_term_string"}}],"inLanguage":"fr-FR"},{"@type":"Person","@id":"https:\/\/lamarinabj.com\/#\/schema\/person\/daecc7fb1eea21418f92763d06a3f4b4","name":"La Marina BJ - Team Business &amp; \u00c9conomie &amp; Finances","image":{"@type":"ImageObject","inLanguage":"fr-FR","@id":"https:\/\/secure.gravatar.com\/avatar\/007be62133093bb48d247a392503beff272bc6a9503872d32895035e0e72b4f7?s=96&d=mm&r=g","url":"https:\/\/secure.gravatar.com\/avatar\/007be62133093bb48d247a392503beff272bc6a9503872d32895035e0e72b4f7?s=96&d=mm&r=g","contentUrl":"https:\/\/secure.gravatar.com\/avatar\/007be62133093bb48d247a392503beff272bc6a9503872d32895035e0e72b4f7?s=96&d=mm&r=g","caption":"La Marina BJ - Team Business &amp; \u00c9conomie &amp; Finances"},"description":"La Team \u00c9conomie &amp; Finances de La Marina BJ d\u00e9crypte les dynamiques \u00e9conomiques qui fa\u00e7onnent le B\u00e9nin, l\u2019Afrique et le monde. Compos\u00e9e de journalistes \u00e9conomiques, d\u2019analystes sectoriels et de veilleurs sp\u00e9cialis\u00e9s, elle s\u2019attache \u00e0 rendre lisibles les m\u00e9canismes financiers, les politiques budg\u00e9taires, les r\u00e9formes fiscales et les grandes orientations macro\u00e9conomiques. Son ambition : \u00e9clairer les choix, anticiper les tendances et outiller les d\u00e9cideurs \u2014 publics comme priv\u00e9s \u2014 dans un environnement \u00e9conomique en constante mutation.","url":"https:\/\/lamarinabj.com\/index.php\/author\/ernestine\/"}]}},"_links":{"self":[{"href":"https:\/\/lamarinabj.com\/index.php\/wp-json\/wp\/v2\/posts\/9538","targetHints":{"allow":["GET"]}}],"collection":[{"href":"https:\/\/lamarinabj.com\/index.php\/wp-json\/wp\/v2\/posts"}],"about":[{"href":"https:\/\/lamarinabj.com\/index.php\/wp-json\/wp\/v2\/types\/post"}],"author":[{"embeddable":true,"href":"https:\/\/lamarinabj.com\/index.php\/wp-json\/wp\/v2\/users\/8"}],"replies":[{"embeddable":true,"href":"https:\/\/lamarinabj.com\/index.php\/wp-json\/wp\/v2\/comments?post=9538"}],"version-history":[{"count":1,"href":"https:\/\/lamarinabj.com\/index.php\/wp-json\/wp\/v2\/posts\/9538\/revisions"}],"predecessor-version":[{"id":9539,"href":"https:\/\/lamarinabj.com\/index.php\/wp-json\/wp\/v2\/posts\/9538\/revisions\/9539"}],"wp:featuredmedia":[{"embeddable":true,"href":"https:\/\/lamarinabj.com\/index.php\/wp-json\/wp\/v2\/media\/7300"}],"wp:attachment":[{"href":"https:\/\/lamarinabj.com\/index.php\/wp-json\/wp\/v2\/media?parent=9538"}],"wp:term":[{"taxonomy":"category","embeddable":true,"href":"https:\/\/lamarinabj.com\/index.php\/wp-json\/wp\/v2\/categories?post=9538"},{"taxonomy":"post_tag","embeddable":true,"href":"https:\/\/lamarinabj.com\/index.php\/wp-json\/wp\/v2\/tags?post=9538"}],"curies":[{"name":"wp","href":"https:\/\/api.w.org\/{rel}","templated":true}]}}