{"id":9564,"date":"2024-12-18T11:31:36","date_gmt":"2024-12-18T10:31:36","guid":{"rendered":"https:\/\/lamarinabj.com\/?p=9564"},"modified":"2024-12-18T11:04:45","modified_gmt":"2024-12-18T10:04:45","slug":"connectivite-des-sites-administratifs-au-benin-20-communes-selectionnees-pour-la-deuxieme-phase","status":"publish","type":"post","link":"https:\/\/lamarinabj.com\/index.php\/2024\/12\/18\/connectivite-des-sites-administratifs-au-benin-20-communes-selectionnees-pour-la-deuxieme-phase\/","title":{"rendered":"Connectivit\u00e9 des sites administratifs au B\u00e9nin : 20 communes s\u00e9lectionn\u00e9es pour la deuxi\u00e8me phase"},"content":{"rendered":"\n<p><strong><mark style=\"background-color:rgba(0, 0, 0, 0)\" class=\"has-inline-color has-red-color\">Internet, B\u00e9nin<\/mark><\/strong> &#8211; <strong><em>L&rsquo;\u00c9tat b\u00e9ninois poursuit sa transition num\u00e9rique avec l&rsquo;annonce de la deuxi\u00e8me phase du d\u00e9ploiement d&rsquo;infrastructures num\u00e9riques pour connecter les sites administratifs. D&rsquo;apr\u00e8s nos informations, le programme a retenu 30 sites administratifs pour cette \u00e9tape, s&rsquo;inscrivant dans le projet d&rsquo;inclusion num\u00e9rique du pays.<br><\/em><\/strong><br>Celui-ci pr\u00e9voit d\u2019\u00e9quiper 20 communes, r\u00e9parties dans huit d\u00e9partements, de solutions de connectivit\u00e9 par satellite. L&rsquo;objectif vise \u00e0 moderniser les services administratifs et \u00e0 fournir un acc\u00e8s \u00e0 internet haut d\u00e9bit dans les zones rurales jusque-l\u00e0 isol\u00e9es.<br><br><\/p>\n\n\n\n<h2 id=\"une-couverture-elargie-pour-une-connectivite-inclusive\" class=\"wp-block-heading\"><mark style=\"background-color:rgba(0, 0, 0, 0)\" class=\"has-inline-color has-red-color\">Une couverture \u00e9largie pour une connectivit\u00e9 inclusive<\/mark><\/h2>\n\n\n\n<p>Cette deuxi\u00e8me phase du projet vise \u00e0 connecter 30 sites administratifs situ\u00e9s dans les d\u00e9partements de l&rsquo;Alibori, de l\u2019Atacora, de l\u2019Atlantique, du Borgou, des Collines, de la Donga, du Mono et du Plateau. Ces travaux s\u2019inscrivent dans une vision globale d\u2019inclusion num\u00e9rique, mettant un accent particulier sur les zones rurales. <\/p>\n\n\n\n<p>Gr\u00e2ce \u00e0 des infrastructures de connectivit\u00e9 par satellite et des syst\u00e8mes d\u2019alimentation \u00e9lectrique solaire, chaque site b\u00e9n\u00e9ficiera d\u2019une connexion internet haut d\u00e9bit \u00e0 une capacit\u00e9 de 10 Mbps partag\u00e9e. Cela permettra non seulement d\u2019am\u00e9liorer l\u2019efficacit\u00e9 des administrations locales, mais aussi de fournir des services num\u00e9riques essentiels aux populations environnantes.<\/p>\n\n\n\n<p>Selon les informations recueillies aupr\u00e8s de notre source locale, l\u2019approche retenue pour cette phase repose sur des solutions simples et efficaces, adapt\u00e9es aux d\u00e9fis sp\u00e9cifiques des zones recul\u00e9es. Les travaux incluront l\u2019installation d\u2019\u00e9quipements de connectivit\u00e9, la mise en place de circuits \u00e9lectriques aliment\u00e9s par \u00e9nergie solaire et l\u2019exploitation des infrastructures pour une dur\u00e9e initiale de 24 mois renouvelables. Parmi les sites retenus, figurent des centres de sant\u00e9, des coll\u00e8ges et des maternit\u00e9s isol\u00e9es, t\u00e9moignant d\u2019une priorit\u00e9 accord\u00e9e aux services essentiels.<\/p>\n\n\n\n<h2 id=\"des-sites-soigneusement-selectionnes\" class=\"wp-block-heading\"><mark style=\"background-color:rgba(0, 0, 0, 0)\" class=\"has-inline-color has-red-color\">Des sites soigneusement s\u00e9lectionn\u00e9s<\/mark><\/h2>\n\n\n\n<p>Tout d&rsquo;abord dans le d\u00e9partement de l\u2019Alibori, les sites retenus sont le dispensaire isol\u00e9 de Fouet \u00e0 Kandi et le centre de sant\u00e9 de Gbarania \u00e0 S\u00e9gbana. Dans l\u2019Atacora, les infrastructures concern\u00e9es incluent le CEG Puya \u00e0 Kouand\u00e9, le CEG Bagapodi \u00e0 Cobly et le centre de sant\u00e9 de Kouba \u00e0 Toucountouna. Dans le d\u00e9partement de l\u2019Atlantique, seul le centre de sant\u00e9 de Djigb\u00e8, situ\u00e9 \u00e0 Z\u00e8, a \u00e9t\u00e9 s\u00e9lectionn\u00e9 pour cette phase.<\/p>\n\n\n\n<p>Les sites s\u00e9lectionn\u00e9s dans le Borgou comprennent la maternit\u00e9 isol\u00e9e de Gommey et le dispensaire isol\u00e9 de Sonon dans la commune de P\u00e8r\u00e8r\u00e8, ainsi que les dispensaires isol\u00e9s de Sonsonr\u00e9, Gbari et Ganrou dans la commune de Nikki. \u00c0 Tchaourou, les infrastructures concernent les centres de sant\u00e9 de Koko et Bio-Lafia, tandis que Sinend\u00e9 b\u00e9n\u00e9ficiera des dispensaires isol\u00e9s de Monsi, Seregourou et Yolla, ainsi que des centres de sant\u00e9 de Didi, Goro Bani et Bouro.<\/p>\n\n\n\n<p>Du c\u00f4t\u00e9 des Collines, les sites concern\u00e9s sont la maternit\u00e9 isol\u00e9e d\u2019Okpa dans la commune de Sav\u00e8, la maternit\u00e9 isol\u00e9e de Toui-PK \u00e0 Ouess\u00e8, la maternit\u00e9 isol\u00e9e de Vidjannatou \u00e0 Dassa-Zoum\u00e8 et le centre de sant\u00e9 de Coffee-Agbalia \u00e0 Savalou. Dans la Donga, les sites retenus incluent le centre de sant\u00e9 de Kikel\u00e8 \u00e0 Bassila, le CEG Djakpingou et le centre de sant\u00e9 de Yorossonga \u00e0 Djougou, ainsi que le centre de sant\u00e9 d\u2019Assod\u00e9 \u00e0 Ouak\u00e9.<\/p>\n\n\n\n<p>Dans le d\u00e9partement du Mono, le CEG Avlo, situ\u00e9 dans la commune de Grand-Popo, a \u00e9galement \u00e9t\u00e9 s\u00e9lectionn\u00e9 pour b\u00e9n\u00e9ficier des infrastructures pr\u00e9vues. Enfin, dans le Plateau, le centre de sant\u00e9 de Logou, situ\u00e9 dans la commune d\u2019Adja-Ou\u00e8r\u00e8, fait partie des sites retenus.<\/p>\n\n\n\n<p>Dot\u00e9e d\u2019un budget pr\u00e9visionnel de 200 millions de FCFA, cette phase du projet d\u00e9marrera d\u00e8s les premiers mois de 2025 et s\u2019\u00e9tendra sur une p\u00e9riode de huit mois. Ce projet marque une \u00e9tape importante dans la r\u00e9duction de la fracture num\u00e9rique et confirme l\u2019engagement du B\u00e9nin \u00e0 moderniser ses administrations tout en rapprochant les zones rurales des services num\u00e9riques essentiels.<\/p>\n","protected":false},"excerpt":{"rendered":"Internet, B\u00e9nin &#8211; L&rsquo;\u00c9tat b\u00e9ninois poursuit sa transition num\u00e9rique avec l&rsquo;annonce de la deuxi\u00e8me phase du d\u00e9ploiement d&rsquo;infrastructures&hellip;\n","protected":false},"author":4,"featured_media":9565,"comment_status":"open","ping_status":"open","sticky":false,"template":"elementor_theme","format":"standard","meta":{"csco_singular_sidebar":"","csco_page_header_type":"standard","csco_appearance_masonry":"","csco_page_load_nextpost":"","csco_post_video_location":[],"csco_post_video_location_hash":"","csco_post_video_url":"","csco_post_video_bg_start_time":0,"csco_post_video_bg_end_time":0,"footnotes":""},"categories":[57,191],"tags":[41,1279,1278],"class_list":{"0":"post-9564","1":"post","2":"type-post","3":"status-publish","4":"format-standard","5":"has-post-thumbnail","7":"category-a-suivre","8":"category-en-savoir-plus-2","9":"tag-benin","10":"tag-connectivite-des-sites-administratifs","11":"tag-internet","12":"cs-entry","13":"cs-video-wrap"},"yoast_head":"<!-- This site is optimized with the Yoast SEO plugin v27.4 - https:\/\/yoast.com\/product\/yoast-seo-wordpress\/ -->\n<title>Connectivit\u00e9 des sites administratifs au B\u00e9nin : 20 communes s\u00e9lectionn\u00e9es pour la deuxi\u00e8me phase - LA MARINA BJ<\/title>\n<meta name=\"description\" content=\"Selon les informations recueillies aupr\u00e8s de notre source locale, l\u2019approche retenue pour cette phase repose sur des solutions simples et efficaces, adapt\u00e9es aux d\u00e9fis sp\u00e9cifiques des zones recul\u00e9es.\" \/>\n<meta name=\"robots\" content=\"index, follow, max-snippet:-1, max-image-preview:large, max-video-preview:-1\" \/>\n<link rel=\"canonical\" href=\"https:\/\/lamarinabj.com\/index.php\/2024\/12\/18\/connectivite-des-sites-administratifs-au-benin-20-communes-selectionnees-pour-la-deuxieme-phase\/\" \/>\n<meta property=\"og:locale\" content=\"fr_FR\" \/>\n<meta property=\"og:type\" content=\"article\" \/>\n<meta property=\"og:title\" content=\"Connectivit\u00e9 des sites administratifs au B\u00e9nin : 20 communes s\u00e9lectionn\u00e9es pour la deuxi\u00e8me phase - LA MARINA BJ\" \/>\n<meta property=\"og:description\" content=\"Selon les informations recueillies aupr\u00e8s de notre source locale, l\u2019approche retenue pour cette phase repose sur des solutions simples et efficaces, adapt\u00e9es aux d\u00e9fis sp\u00e9cifiques des zones recul\u00e9es.\" \/>\n<meta property=\"og:url\" content=\"https:\/\/lamarinabj.com\/index.php\/2024\/12\/18\/connectivite-des-sites-administratifs-au-benin-20-communes-selectionnees-pour-la-deuxieme-phase\/\" \/>\n<meta property=\"og:site_name\" content=\"LA MARINA BJ\" \/>\n<meta property=\"article:published_time\" content=\"2024-12-18T10:31:36+00:00\" \/>\n<meta property=\"og:image\" content=\"https:\/\/lamarinabj.com\/wp-content\/uploads\/2024\/12\/aurelie-adam-soule-zoumarou-696x463-1-cac8a.jpg\" \/>\n\t<meta property=\"og:image:width\" content=\"650\" \/>\n\t<meta property=\"og:image:height\" content=\"432\" \/>\n\t<meta property=\"og:image:type\" content=\"image\/jpeg\" \/>\n<meta name=\"author\" content=\"La Marina BJ - Team Affaires Judiciaires\" \/>\n<meta name=\"twitter:card\" content=\"summary_large_image\" \/>\n<meta name=\"twitter:label1\" content=\"\u00c9crit par\" \/>\n\t<meta name=\"twitter:data1\" content=\"La Marina BJ - Team Affaires Judiciaires\" \/>\n\t<meta name=\"twitter:label2\" content=\"Dur\u00e9e de lecture estim\u00e9e\" \/>\n\t<meta name=\"twitter:data2\" content=\"4 minutes\" \/>\n<script type=\"application\/ld+json\" class=\"yoast-schema-graph\">{\"@context\":\"https:\\\/\\\/schema.org\",\"@graph\":[{\"@type\":\"NewsArticle\",\"@id\":\"https:\\\/\\\/lamarinabj.com\\\/index.php\\\/2024\\\/12\\\/18\\\/connectivite-des-sites-administratifs-au-benin-20-communes-selectionnees-pour-la-deuxieme-phase\\\/#article\",\"isPartOf\":{\"@id\":\"https:\\\/\\\/lamarinabj.com\\\/index.php\\\/2024\\\/12\\\/18\\\/connectivite-des-sites-administratifs-au-benin-20-communes-selectionnees-pour-la-deuxieme-phase\\\/\"},\"author\":{\"name\":\"La Marina BJ - Team Affaires Judiciaires\",\"@id\":\"https:\\\/\\\/lamarinabj.com\\\/#\\\/schema\\\/person\\\/e64c6145b3fb25d98218ef3bafce37de\"},\"headline\":\"Connectivit\u00e9 des sites administratifs au B\u00e9nin : 20 communes s\u00e9lectionn\u00e9es pour la deuxi\u00e8me phase\",\"datePublished\":\"2024-12-18T10:31:36+00:00\",\"mainEntityOfPage\":{\"@id\":\"https:\\\/\\\/lamarinabj.com\\\/index.php\\\/2024\\\/12\\\/18\\\/connectivite-des-sites-administratifs-au-benin-20-communes-selectionnees-pour-la-deuxieme-phase\\\/\"},\"wordCount\":694,\"commentCount\":0,\"image\":{\"@id\":\"https:\\\/\\\/lamarinabj.com\\\/index.php\\\/2024\\\/12\\\/18\\\/connectivite-des-sites-administratifs-au-benin-20-communes-selectionnees-pour-la-deuxieme-phase\\\/#primaryimage\"},\"thumbnailUrl\":\"https:\\\/\\\/lamarinabj.com\\\/wp-content\\\/uploads\\\/2024\\\/12\\\/aurelie-adam-soule-zoumarou-696x463-1-cac8a.jpg\",\"keywords\":[\"B\u00e9nin\",\"Connectivit\u00e9 des sites administratifs\",\"Internet\"],\"articleSection\":[\"\u00c0 SUIVRE\",\"EN SAVOIR PLUS\"],\"inLanguage\":\"fr-FR\",\"potentialAction\":[{\"@type\":\"CommentAction\",\"name\":\"Comment\",\"target\":[\"https:\\\/\\\/lamarinabj.com\\\/index.php\\\/2024\\\/12\\\/18\\\/connectivite-des-sites-administratifs-au-benin-20-communes-selectionnees-pour-la-deuxieme-phase\\\/#respond\"]}]},{\"@type\":[\"WebPage\",\"SearchResultsPage\"],\"@id\":\"https:\\\/\\\/lamarinabj.com\\\/index.php\\\/2024\\\/12\\\/18\\\/connectivite-des-sites-administratifs-au-benin-20-communes-selectionnees-pour-la-deuxieme-phase\\\/\",\"url\":\"https:\\\/\\\/lamarinabj.com\\\/index.php\\\/2024\\\/12\\\/18\\\/connectivite-des-sites-administratifs-au-benin-20-communes-selectionnees-pour-la-deuxieme-phase\\\/\",\"name\":\"Connectivit\u00e9 des sites administratifs au B\u00e9nin : 20 communes s\u00e9lectionn\u00e9es pour la deuxi\u00e8me phase - LA MARINA BJ\",\"isPartOf\":{\"@id\":\"https:\\\/\\\/lamarinabj.com\\\/#website\"},\"primaryImageOfPage\":{\"@id\":\"https:\\\/\\\/lamarinabj.com\\\/index.php\\\/2024\\\/12\\\/18\\\/connectivite-des-sites-administratifs-au-benin-20-communes-selectionnees-pour-la-deuxieme-phase\\\/#primaryimage\"},\"image\":{\"@id\":\"https:\\\/\\\/lamarinabj.com\\\/index.php\\\/2024\\\/12\\\/18\\\/connectivite-des-sites-administratifs-au-benin-20-communes-selectionnees-pour-la-deuxieme-phase\\\/#primaryimage\"},\"thumbnailUrl\":\"https:\\\/\\\/lamarinabj.com\\\/wp-content\\\/uploads\\\/2024\\\/12\\\/aurelie-adam-soule-zoumarou-696x463-1-cac8a.jpg\",\"datePublished\":\"2024-12-18T10:31:36+00:00\",\"author\":{\"@id\":\"https:\\\/\\\/lamarinabj.com\\\/#\\\/schema\\\/person\\\/e64c6145b3fb25d98218ef3bafce37de\"},\"description\":\"Selon les informations recueillies aupr\u00e8s de notre source locale, l\u2019approche retenue pour cette phase repose sur des solutions simples et efficaces, adapt\u00e9es aux d\u00e9fis sp\u00e9cifiques des zones recul\u00e9es.\",\"breadcrumb\":{\"@id\":\"https:\\\/\\\/lamarinabj.com\\\/index.php\\\/2024\\\/12\\\/18\\\/connectivite-des-sites-administratifs-au-benin-20-communes-selectionnees-pour-la-deuxieme-phase\\\/#breadcrumb\"},\"inLanguage\":\"fr-FR\",\"potentialAction\":[{\"@type\":\"ReadAction\",\"target\":[\"https:\\\/\\\/lamarinabj.com\\\/index.php\\\/2024\\\/12\\\/18\\\/connectivite-des-sites-administratifs-au-benin-20-communes-selectionnees-pour-la-deuxieme-phase\\\/\"]}]},{\"@type\":\"ImageObject\",\"inLanguage\":\"fr-FR\",\"@id\":\"https:\\\/\\\/lamarinabj.com\\\/index.php\\\/2024\\\/12\\\/18\\\/connectivite-des-sites-administratifs-au-benin-20-communes-selectionnees-pour-la-deuxieme-phase\\\/#primaryimage\",\"url\":\"https:\\\/\\\/lamarinabj.com\\\/wp-content\\\/uploads\\\/2024\\\/12\\\/aurelie-adam-soule-zoumarou-696x463-1-cac8a.jpg\",\"contentUrl\":\"https:\\\/\\\/lamarinabj.com\\\/wp-content\\\/uploads\\\/2024\\\/12\\\/aurelie-adam-soule-zoumarou-696x463-1-cac8a.jpg\",\"width\":650,\"height\":432},{\"@type\":\"BreadcrumbList\",\"@id\":\"https:\\\/\\\/lamarinabj.com\\\/index.php\\\/2024\\\/12\\\/18\\\/connectivite-des-sites-administratifs-au-benin-20-communes-selectionnees-pour-la-deuxieme-phase\\\/#breadcrumb\",\"itemListElement\":[{\"@type\":\"ListItem\",\"position\":1,\"name\":\"Accueil\",\"item\":\"https:\\\/\\\/lamarinabj.com\\\/\"},{\"@type\":\"ListItem\",\"position\":2,\"name\":\"Connectivit\u00e9 des sites administratifs au B\u00e9nin : 20 communes s\u00e9lectionn\u00e9es pour la deuxi\u00e8me phase\"}]},{\"@type\":\"WebSite\",\"@id\":\"https:\\\/\\\/lamarinabj.com\\\/#website\",\"url\":\"https:\\\/\\\/lamarinabj.com\\\/\",\"name\":\"LA MARINA BJ\",\"description\":\"Votre portail vers l&#039;information strat\u00e9gique au B\u00e9nin, en Afrique et au-del\u00e0\",\"potentialAction\":[{\"@type\":\"SearchAction\",\"target\":{\"@type\":\"EntryPoint\",\"urlTemplate\":\"https:\\\/\\\/lamarinabj.com\\\/?s={search_term_string}\"},\"query-input\":{\"@type\":\"PropertyValueSpecification\",\"valueRequired\":true,\"valueName\":\"search_term_string\"}}],\"inLanguage\":\"fr-FR\"},{\"@type\":\"Person\",\"@id\":\"https:\\\/\\\/lamarinabj.com\\\/#\\\/schema\\\/person\\\/e64c6145b3fb25d98218ef3bafce37de\",\"name\":\"La Marina BJ - Team Affaires Judiciaires\",\"image\":{\"@type\":\"ImageObject\",\"inLanguage\":\"fr-FR\",\"@id\":\"https:\\\/\\\/secure.gravatar.com\\\/avatar\\\/dcd47faa85727203c51c1a84009b684b305ba179e4848c26009abb855df90961?s=96&d=mm&r=g\",\"url\":\"https:\\\/\\\/secure.gravatar.com\\\/avatar\\\/dcd47faa85727203c51c1a84009b684b305ba179e4848c26009abb855df90961?s=96&d=mm&r=g\",\"contentUrl\":\"https:\\\/\\\/secure.gravatar.com\\\/avatar\\\/dcd47faa85727203c51c1a84009b684b305ba179e4848c26009abb855df90961?s=96&d=mm&r=g\",\"caption\":\"La Marina BJ - Team Affaires Judiciaires\"},\"description\":\"Au c\u0153ur de l\u2019actualit\u00e9 juridico-\u00e9conomique, la Team Justice &amp; Affaires judiciaires de La Marina BJ s'affirme comme un p\u00f4le de r\u00e9f\u00e9rence dans la couverture des proc\u00e9dures judiciaires, des contentieux commerciaux et des d\u00e9cisions de justice \u00e0 fort impact strat\u00e9gique.\",\"url\":\"https:\\\/\\\/lamarinabj.com\\\/index.php\\\/author\\\/marc\\\/\"}]}<\/script>\n<!-- \/ Yoast SEO plugin. -->","yoast_head_json":{"title":"Connectivit\u00e9 des sites administratifs au B\u00e9nin : 20 communes s\u00e9lectionn\u00e9es pour la deuxi\u00e8me phase - LA MARINA BJ","description":"Selon les informations recueillies aupr\u00e8s de notre source locale, l\u2019approche retenue pour cette phase repose sur des solutions simples et efficaces, adapt\u00e9es aux d\u00e9fis sp\u00e9cifiques des zones recul\u00e9es.","robots":{"index":"index","follow":"follow","max-snippet":"max-snippet:-1","max-image-preview":"max-image-preview:large","max-video-preview":"max-video-preview:-1"},"canonical":"https:\/\/lamarinabj.com\/index.php\/2024\/12\/18\/connectivite-des-sites-administratifs-au-benin-20-communes-selectionnees-pour-la-deuxieme-phase\/","og_locale":"fr_FR","og_type":"article","og_title":"Connectivit\u00e9 des sites administratifs au B\u00e9nin : 20 communes s\u00e9lectionn\u00e9es pour la deuxi\u00e8me phase - LA MARINA BJ","og_description":"Selon les informations recueillies aupr\u00e8s de notre source locale, l\u2019approche retenue pour cette phase repose sur des solutions simples et efficaces, adapt\u00e9es aux d\u00e9fis sp\u00e9cifiques des zones recul\u00e9es.","og_url":"https:\/\/lamarinabj.com\/index.php\/2024\/12\/18\/connectivite-des-sites-administratifs-au-benin-20-communes-selectionnees-pour-la-deuxieme-phase\/","og_site_name":"LA MARINA BJ","article_published_time":"2024-12-18T10:31:36+00:00","og_image":[{"width":650,"height":432,"url":"https:\/\/lamarinabj.com\/wp-content\/uploads\/2024\/12\/aurelie-adam-soule-zoumarou-696x463-1-cac8a.jpg","type":"image\/jpeg"}],"author":"La Marina BJ - Team Affaires Judiciaires","twitter_card":"summary_large_image","twitter_misc":{"\u00c9crit par":"La Marina BJ - Team Affaires Judiciaires","Dur\u00e9e de lecture estim\u00e9e":"4 minutes"},"schema":{"@context":"https:\/\/schema.org","@graph":[{"@type":"NewsArticle","@id":"https:\/\/lamarinabj.com\/index.php\/2024\/12\/18\/connectivite-des-sites-administratifs-au-benin-20-communes-selectionnees-pour-la-deuxieme-phase\/#article","isPartOf":{"@id":"https:\/\/lamarinabj.com\/index.php\/2024\/12\/18\/connectivite-des-sites-administratifs-au-benin-20-communes-selectionnees-pour-la-deuxieme-phase\/"},"author":{"name":"La Marina BJ - Team Affaires Judiciaires","@id":"https:\/\/lamarinabj.com\/#\/schema\/person\/e64c6145b3fb25d98218ef3bafce37de"},"headline":"Connectivit\u00e9 des sites administratifs au B\u00e9nin : 20 communes s\u00e9lectionn\u00e9es pour la deuxi\u00e8me phase","datePublished":"2024-12-18T10:31:36+00:00","mainEntityOfPage":{"@id":"https:\/\/lamarinabj.com\/index.php\/2024\/12\/18\/connectivite-des-sites-administratifs-au-benin-20-communes-selectionnees-pour-la-deuxieme-phase\/"},"wordCount":694,"commentCount":0,"image":{"@id":"https:\/\/lamarinabj.com\/index.php\/2024\/12\/18\/connectivite-des-sites-administratifs-au-benin-20-communes-selectionnees-pour-la-deuxieme-phase\/#primaryimage"},"thumbnailUrl":"https:\/\/lamarinabj.com\/wp-content\/uploads\/2024\/12\/aurelie-adam-soule-zoumarou-696x463-1-cac8a.jpg","keywords":["B\u00e9nin","Connectivit\u00e9 des sites administratifs","Internet"],"articleSection":["\u00c0 SUIVRE","EN SAVOIR PLUS"],"inLanguage":"fr-FR","potentialAction":[{"@type":"CommentAction","name":"Comment","target":["https:\/\/lamarinabj.com\/index.php\/2024\/12\/18\/connectivite-des-sites-administratifs-au-benin-20-communes-selectionnees-pour-la-deuxieme-phase\/#respond"]}]},{"@type":["WebPage","SearchResultsPage"],"@id":"https:\/\/lamarinabj.com\/index.php\/2024\/12\/18\/connectivite-des-sites-administratifs-au-benin-20-communes-selectionnees-pour-la-deuxieme-phase\/","url":"https:\/\/lamarinabj.com\/index.php\/2024\/12\/18\/connectivite-des-sites-administratifs-au-benin-20-communes-selectionnees-pour-la-deuxieme-phase\/","name":"Connectivit\u00e9 des sites administratifs au B\u00e9nin : 20 communes s\u00e9lectionn\u00e9es pour la deuxi\u00e8me phase - LA MARINA BJ","isPartOf":{"@id":"https:\/\/lamarinabj.com\/#website"},"primaryImageOfPage":{"@id":"https:\/\/lamarinabj.com\/index.php\/2024\/12\/18\/connectivite-des-sites-administratifs-au-benin-20-communes-selectionnees-pour-la-deuxieme-phase\/#primaryimage"},"image":{"@id":"https:\/\/lamarinabj.com\/index.php\/2024\/12\/18\/connectivite-des-sites-administratifs-au-benin-20-communes-selectionnees-pour-la-deuxieme-phase\/#primaryimage"},"thumbnailUrl":"https:\/\/lamarinabj.com\/wp-content\/uploads\/2024\/12\/aurelie-adam-soule-zoumarou-696x463-1-cac8a.jpg","datePublished":"2024-12-18T10:31:36+00:00","author":{"@id":"https:\/\/lamarinabj.com\/#\/schema\/person\/e64c6145b3fb25d98218ef3bafce37de"},"description":"Selon les informations recueillies aupr\u00e8s de notre source locale, l\u2019approche retenue pour cette phase repose sur des solutions simples et efficaces, adapt\u00e9es aux d\u00e9fis sp\u00e9cifiques des zones recul\u00e9es.","breadcrumb":{"@id":"https:\/\/lamarinabj.com\/index.php\/2024\/12\/18\/connectivite-des-sites-administratifs-au-benin-20-communes-selectionnees-pour-la-deuxieme-phase\/#breadcrumb"},"inLanguage":"fr-FR","potentialAction":[{"@type":"ReadAction","target":["https:\/\/lamarinabj.com\/index.php\/2024\/12\/18\/connectivite-des-sites-administratifs-au-benin-20-communes-selectionnees-pour-la-deuxieme-phase\/"]}]},{"@type":"ImageObject","inLanguage":"fr-FR","@id":"https:\/\/lamarinabj.com\/index.php\/2024\/12\/18\/connectivite-des-sites-administratifs-au-benin-20-communes-selectionnees-pour-la-deuxieme-phase\/#primaryimage","url":"https:\/\/lamarinabj.com\/wp-content\/uploads\/2024\/12\/aurelie-adam-soule-zoumarou-696x463-1-cac8a.jpg","contentUrl":"https:\/\/lamarinabj.com\/wp-content\/uploads\/2024\/12\/aurelie-adam-soule-zoumarou-696x463-1-cac8a.jpg","width":650,"height":432},{"@type":"BreadcrumbList","@id":"https:\/\/lamarinabj.com\/index.php\/2024\/12\/18\/connectivite-des-sites-administratifs-au-benin-20-communes-selectionnees-pour-la-deuxieme-phase\/#breadcrumb","itemListElement":[{"@type":"ListItem","position":1,"name":"Accueil","item":"https:\/\/lamarinabj.com\/"},{"@type":"ListItem","position":2,"name":"Connectivit\u00e9 des sites administratifs au B\u00e9nin : 20 communes s\u00e9lectionn\u00e9es pour la deuxi\u00e8me phase"}]},{"@type":"WebSite","@id":"https:\/\/lamarinabj.com\/#website","url":"https:\/\/lamarinabj.com\/","name":"LA MARINA BJ","description":"Votre portail vers l&#039;information strat\u00e9gique au B\u00e9nin, en Afrique et au-del\u00e0","potentialAction":[{"@type":"SearchAction","target":{"@type":"EntryPoint","urlTemplate":"https:\/\/lamarinabj.com\/?s={search_term_string}"},"query-input":{"@type":"PropertyValueSpecification","valueRequired":true,"valueName":"search_term_string"}}],"inLanguage":"fr-FR"},{"@type":"Person","@id":"https:\/\/lamarinabj.com\/#\/schema\/person\/e64c6145b3fb25d98218ef3bafce37de","name":"La Marina BJ - Team Affaires Judiciaires","image":{"@type":"ImageObject","inLanguage":"fr-FR","@id":"https:\/\/secure.gravatar.com\/avatar\/dcd47faa85727203c51c1a84009b684b305ba179e4848c26009abb855df90961?s=96&d=mm&r=g","url":"https:\/\/secure.gravatar.com\/avatar\/dcd47faa85727203c51c1a84009b684b305ba179e4848c26009abb855df90961?s=96&d=mm&r=g","contentUrl":"https:\/\/secure.gravatar.com\/avatar\/dcd47faa85727203c51c1a84009b684b305ba179e4848c26009abb855df90961?s=96&d=mm&r=g","caption":"La Marina BJ - Team Affaires Judiciaires"},"description":"Au c\u0153ur de l\u2019actualit\u00e9 juridico-\u00e9conomique, la Team Justice &amp; Affaires judiciaires de La Marina BJ s'affirme comme un p\u00f4le de r\u00e9f\u00e9rence dans la couverture des proc\u00e9dures judiciaires, des contentieux commerciaux et des d\u00e9cisions de justice \u00e0 fort impact strat\u00e9gique.","url":"https:\/\/lamarinabj.com\/index.php\/author\/marc\/"}]}},"_links":{"self":[{"href":"https:\/\/lamarinabj.com\/index.php\/wp-json\/wp\/v2\/posts\/9564","targetHints":{"allow":["GET"]}}],"collection":[{"href":"https:\/\/lamarinabj.com\/index.php\/wp-json\/wp\/v2\/posts"}],"about":[{"href":"https:\/\/lamarinabj.com\/index.php\/wp-json\/wp\/v2\/types\/post"}],"author":[{"embeddable":true,"href":"https:\/\/lamarinabj.com\/index.php\/wp-json\/wp\/v2\/users\/4"}],"replies":[{"embeddable":true,"href":"https:\/\/lamarinabj.com\/index.php\/wp-json\/wp\/v2\/comments?post=9564"}],"version-history":[{"count":1,"href":"https:\/\/lamarinabj.com\/index.php\/wp-json\/wp\/v2\/posts\/9564\/revisions"}],"predecessor-version":[{"id":9566,"href":"https:\/\/lamarinabj.com\/index.php\/wp-json\/wp\/v2\/posts\/9564\/revisions\/9566"}],"wp:featuredmedia":[{"embeddable":true,"href":"https:\/\/lamarinabj.com\/index.php\/wp-json\/wp\/v2\/media\/9565"}],"wp:attachment":[{"href":"https:\/\/lamarinabj.com\/index.php\/wp-json\/wp\/v2\/media?parent=9564"}],"wp:term":[{"taxonomy":"category","embeddable":true,"href":"https:\/\/lamarinabj.com\/index.php\/wp-json\/wp\/v2\/categories?post=9564"},{"taxonomy":"post_tag","embeddable":true,"href":"https:\/\/lamarinabj.com\/index.php\/wp-json\/wp\/v2\/tags?post=9564"}],"curies":[{"name":"wp","href":"https:\/\/api.w.org\/{rel}","templated":true}]}}