{"id":9852,"date":"2025-01-14T06:31:58","date_gmt":"2025-01-14T05:31:58","guid":{"rendered":"https:\/\/lamarinabj.com\/?p=9852"},"modified":"2025-01-14T06:36:37","modified_gmt":"2025-01-14T05:36:37","slug":"benin-un-comite-ad-hoc-pour-enqueter-sur-lex-ministre-seidou-adambi","status":"publish","type":"post","link":"https:\/\/lamarinabj.com\/index.php\/2025\/01\/14\/benin-un-comite-ad-hoc-pour-enqueter-sur-lex-ministre-seidou-adambi\/","title":{"rendered":"B\u00e9nin : Un comit\u00e9 ad hoc pour enqu\u00eater sur l&rsquo;ex-ministre Se\u00efdou Adambi"},"content":{"rendered":"\n<p><strong><mark style=\"background-color:rgba(0, 0, 0, 0)\" class=\"has-inline-color has-red-color\">Politique, B\u00e9nin<\/mark><\/strong> &#8211; <strong><em>Le Bureau Ex\u00e9cutif National (BEN) du Bloc R\u00e9publicain intensifie ses d\u00e9marches pour faire toute la lumi\u00e8re sur les agissements de l\u2019un de ses cadres influents, l\u2019ex-ministre Se\u00efdou Adambi. Par une d\u00e9cision officielle dat\u00e9e du 13 janvier 2025, que la r\u00e9daction de La Marina BJ a pu consulter, le parti a mis en place un comit\u00e9 d\u2019investigation sp\u00e9cial charg\u00e9 d\u2019examiner des actions pr\u00e9sum\u00e9es contraires aux principes et valeurs du Bloc R\u00e9publicain, ayant conduit au limogeage de l\u2019int\u00e9ress\u00e9 du gouvernement.<\/em><\/strong><\/p>\n\n\n\n<h2 id=\"une-enquete-ciblee-sur-les-structures-paralleles\" class=\"wp-block-heading\"><mark style=\"background-color:rgba(0, 0, 0, 0)\" class=\"has-inline-color has-red-color\">Une enqu\u00eate cibl\u00e9e sur les structures parall\u00e8les<\/mark><\/h2>\n\n\n\n<p>Conform\u00e9ment \u00e0 la d\u00e9cision n\u00b02025-001 sign\u00e9e par Abdoulaye Bio Tchan\u00e9, pr\u00e9sident du Bloc R\u00e9publicain, la premi\u00e8re mission assign\u00e9e au comit\u00e9 consiste \u00e0 identifier les structures parall\u00e8les pr\u00e9tendument mises en place par \u00a0\u00bble camarade \u00a0\u00bb Se\u00efdou Adambi. Ces organisations, constitu\u00e9es en dehors des cadres statutaires du parti, sont accus\u00e9es d\u2019avoir port\u00e9 atteinte \u00e0 l\u2019unit\u00e9 et \u00e0 la discipline internes. Le comit\u00e9 devra \u00e9galement \u00e9valuer l\u2019ampleur des activit\u00e9s de ces structures et analyser leur impact sur la coh\u00e9sion et la dynamique du parti, particuli\u00e8rement \u00e0 l\u2019approche des \u00e9lections g\u00e9n\u00e9rales de 2026.<\/p>\n\n\n\n<p>Au-del\u00e0 de l\u2019identification des structures, le mandat du comit\u00e9 comprend l\u2019examen des responsabilit\u00e9s individuelles. Les membres du comit\u00e9 ont pour mission de d\u00e9signer les responsables ou complices, \u00e0 tous les niveaux du Bloc R\u00e9publicain, qui auraient particip\u00e9 ou facilit\u00e9 ces actions. L\u2019objectif est de clarifier les responsabilit\u00e9s et de veiller au respect des principes de discipline et de coh\u00e9sion au sein du parti.<\/p>\n\n\n\n<p>Une fois ces investigations achev\u00e9es, le comit\u00e9 devra analyser les cons\u00e9quences de ces d\u00e9rives sur l\u2019int\u00e9grit\u00e9 du Bloc R\u00e9publicain et formuler des recommandations en mati\u00e8re de sanctions, qui seront soumises au Secr\u00e9tariat Ex\u00e9cutif du Bureau Ex\u00e9cutif National.<\/p>\n\n\n\n<h2 id=\"une-mission-sous-pression-avec-un-delai-strict\" class=\"wp-block-heading\"><mark style=\"background-color:rgba(0, 0, 0, 0)\" class=\"has-inline-color has-red-color\">Une mission sous pression avec un d\u00e9lai strict<\/mark><\/h2>\n\n\n\n<p>La composition et les d\u00e9lais impartis au comit\u00e9 refl\u00e8tent l\u2019importance de sa mission. Le comit\u00e9, pr\u00e9sid\u00e9 par l&rsquo;ex d\u00e9put\u00e9 et actuel vice-pr\u00e9sident du parti charg\u00e9 des affaires administratives et \u00e9lectorales, Joseph Amavi Anani, comprend six autres membres \u00e0 savoir Romulus Biokou, qui en est le rapporteur, ainsi qu\u2019Assan Seibou, Mari\u00e9tou Tamba, Janvier Yahou\u00e9d\u00e9ou, Armand Gans\u00e8 et Eug\u00e8ne Dossoumou.<\/p>\n\n\n\n<p>Le comit\u00e9 dispose d\u2019un d\u00e9lai de cinq jours, \u00e0 compter du 13 janvier 2025, pour mener ses investigations et soumettre un rapport d\u00e9taill\u00e9 au Bureau Ex\u00e9cutif National. Ce court d\u00e9lai t\u00e9moigne de l\u2019urgence avec laquelle le Bloc R\u00e9publicain entend traiter cette affaire, qui constitue un v\u00e9ritable test pour l\u2019autorit\u00e9 du parti \u00e0 l\u2019aube des grandes \u00e9ch\u00e9ances \u00e9lectorales de 2026.<\/p>\n\n\n\n<h2 id=\"quelles-suites-apres-les-investigations-du-comite-ad-hoc\" class=\"wp-block-heading\"><mark style=\"background-color:rgba(0, 0, 0, 0)\" class=\"has-inline-color has-red-color\">Quelles suites apr\u00e8s les investigations du comit\u00e9 ad hoc ?<\/mark><\/h2>\n\n\n\n<p>Selon des indiscr\u00e9tions, les travaux du comit\u00e9 pourraient d\u00e9boucher sur des sanctions \u00e0 l&rsquo;encontre de l&rsquo;ex-ministre Se\u00efdou Adambi et des personnes identifi\u00e9es comme complices. Ces sanctions, qui pourraient inclure des suspensions ou des exclusions d\u00e9finitives du parti, marqueraient un tournant dans la gestion des diff\u00e9rends internes au Bloc R\u00e9publicain.<\/p>\n\n\n\n<p>Cependant, une exclusion de Se\u00efdou Adambi du parti suffira-t-elle \u00e0 entraver son \u00e9ventuel retour \u00e0 l&rsquo;Assembl\u00e9e nationale ? La question reste enti\u00e8re, d\u2019autant plus que des pr\u00e9c\u00e9dents juridiques, notamment celui de l\u2019ex-ministre Herv\u00e9 H\u00eahomey, pourraient jouer en sa faveur. Si tel est le cas, une bataille politique et juridique pourrait se profiler, avec des enjeux d\u00e9terminants pour l\u2019avenir de l\u2019ex-ministre en vue des prochaines \u00e9lections g\u00e9n\u00e9rales de 2026.<\/p>\n","protected":false},"excerpt":{"rendered":"Politique, B\u00e9nin &#8211; Le Bureau Ex\u00e9cutif National (BEN) du Bloc R\u00e9publicain intensifie ses d\u00e9marches pour faire toute la&hellip;\n","protected":false},"author":3,"featured_media":9853,"comment_status":"open","ping_status":"open","sticky":false,"template":"elementor_theme","format":"standard","meta":{"csco_singular_sidebar":"","csco_page_header_type":"standard","csco_appearance_masonry":"","csco_page_load_nextpost":"","csco_post_video_location":[],"csco_post_video_location_hash":"","csco_post_video_url":"","csco_post_video_bg_start_time":0,"csco_post_video_bg_end_time":0,"footnotes":""},"categories":[191,239],"tags":[41,1004,1326],"class_list":{"0":"post-9852","1":"post","2":"type-post","3":"status-publish","4":"format-standard","5":"has-post-thumbnail","7":"category-en-savoir-plus-2","8":"category-levenement-2","9":"tag-benin","10":"tag-bloc-republicain","11":"tag-seidou-adambi","12":"cs-entry","13":"cs-video-wrap"},"yoast_head":"<!-- This site is optimized with the Yoast SEO plugin v27.4 - https:\/\/yoast.com\/product\/yoast-seo-wordpress\/ -->\n<title>B\u00e9nin : Un comit\u00e9 ad hoc pour enqu\u00eater sur l&#039;ex-ministre Se\u00efdou Adambi - LA MARINA BJ<\/title>\n<meta name=\"description\" content=\"Par une d\u00e9cision officielle dat\u00e9e du 13 janvier 2025, que la r\u00e9daction de La Marina BJ a pu consulter, le parti a mis en place un comit\u00e9 d\u2019investigation sp\u00e9cial charg\u00e9 d\u2019examiner des actions pr\u00e9sum\u00e9es contraires aux principes et valeurs du Bloc R\u00e9publicain, ayant conduit au limogeage de l\u2019int\u00e9ress\u00e9 du gouvernement.\" \/>\n<meta name=\"robots\" content=\"index, follow, max-snippet:-1, max-image-preview:large, max-video-preview:-1\" \/>\n<link rel=\"canonical\" href=\"https:\/\/lamarinabj.com\/index.php\/2025\/01\/14\/benin-un-comite-ad-hoc-pour-enqueter-sur-lex-ministre-seidou-adambi\/\" \/>\n<meta property=\"og:locale\" content=\"fr_FR\" \/>\n<meta property=\"og:type\" content=\"article\" \/>\n<meta property=\"og:title\" content=\"B\u00e9nin : Un comit\u00e9 ad hoc pour enqu\u00eater sur l&#039;ex-ministre Se\u00efdou Adambi - LA MARINA BJ\" \/>\n<meta property=\"og:description\" content=\"Par une d\u00e9cision officielle dat\u00e9e du 13 janvier 2025, que la r\u00e9daction de La Marina BJ a pu consulter, le parti a mis en place un comit\u00e9 d\u2019investigation sp\u00e9cial charg\u00e9 d\u2019examiner des actions pr\u00e9sum\u00e9es contraires aux principes et valeurs du Bloc R\u00e9publicain, ayant conduit au limogeage de l\u2019int\u00e9ress\u00e9 du gouvernement.\" \/>\n<meta property=\"og:url\" content=\"https:\/\/lamarinabj.com\/index.php\/2025\/01\/14\/benin-un-comite-ad-hoc-pour-enqueter-sur-lex-ministre-seidou-adambi\/\" \/>\n<meta property=\"og:site_name\" content=\"LA MARINA BJ\" \/>\n<meta property=\"article:published_time\" content=\"2025-01-14T05:31:58+00:00\" \/>\n<meta property=\"article:modified_time\" content=\"2025-01-14T05:36:37+00:00\" \/>\n<meta property=\"og:image\" content=\"https:\/\/lamarinabj.com\/wp-content\/uploads\/2025\/01\/samou-seidou-adambi-nouveau.webp\" \/>\n\t<meta property=\"og:image:width\" content=\"800\" \/>\n\t<meta property=\"og:image:height\" content=\"456\" \/>\n\t<meta property=\"og:image:type\" content=\"image\/webp\" \/>\n<meta name=\"author\" content=\"La Marina BJ - Team Veille &amp; Projets publics\" \/>\n<meta name=\"twitter:card\" content=\"summary_large_image\" \/>\n<meta name=\"twitter:label1\" content=\"\u00c9crit par\" \/>\n\t<meta name=\"twitter:data1\" content=\"La Marina BJ - Team Veille &amp; Projets publics\" \/>\n\t<meta name=\"twitter:label2\" content=\"Dur\u00e9e de lecture estim\u00e9e\" \/>\n\t<meta name=\"twitter:data2\" content=\"3 minutes\" \/>\n<script type=\"application\/ld+json\" class=\"yoast-schema-graph\">{\"@context\":\"https:\\\/\\\/schema.org\",\"@graph\":[{\"@type\":\"NewsArticle\",\"@id\":\"https:\\\/\\\/lamarinabj.com\\\/index.php\\\/2025\\\/01\\\/14\\\/benin-un-comite-ad-hoc-pour-enqueter-sur-lex-ministre-seidou-adambi\\\/#article\",\"isPartOf\":{\"@id\":\"https:\\\/\\\/lamarinabj.com\\\/index.php\\\/2025\\\/01\\\/14\\\/benin-un-comite-ad-hoc-pour-enqueter-sur-lex-ministre-seidou-adambi\\\/\"},\"author\":{\"name\":\"La Marina BJ - Team Veille &amp; Projets publics\",\"@id\":\"https:\\\/\\\/lamarinabj.com\\\/#\\\/schema\\\/person\\\/70c372a4c3c86bd4844a0382357a0f2d\"},\"headline\":\"B\u00e9nin : Un comit\u00e9 ad hoc pour enqu\u00eater sur l&rsquo;ex-ministre Se\u00efdou Adambi\",\"datePublished\":\"2025-01-14T05:31:58+00:00\",\"dateModified\":\"2025-01-14T05:36:37+00:00\",\"mainEntityOfPage\":{\"@id\":\"https:\\\/\\\/lamarinabj.com\\\/index.php\\\/2025\\\/01\\\/14\\\/benin-un-comite-ad-hoc-pour-enqueter-sur-lex-ministre-seidou-adambi\\\/\"},\"wordCount\":633,\"commentCount\":0,\"image\":{\"@id\":\"https:\\\/\\\/lamarinabj.com\\\/index.php\\\/2025\\\/01\\\/14\\\/benin-un-comite-ad-hoc-pour-enqueter-sur-lex-ministre-seidou-adambi\\\/#primaryimage\"},\"thumbnailUrl\":\"https:\\\/\\\/lamarinabj.com\\\/wp-content\\\/uploads\\\/2025\\\/01\\\/samou-seidou-adambi-nouveau.webp\",\"keywords\":[\"B\u00e9nin\",\"Bloc R\u00e9publicain\",\"Seidou adambi\"],\"articleSection\":[\"EN SAVOIR PLUS\",\"L'\u00c9V\u00c9NEMENT\"],\"inLanguage\":\"fr-FR\",\"potentialAction\":[{\"@type\":\"CommentAction\",\"name\":\"Comment\",\"target\":[\"https:\\\/\\\/lamarinabj.com\\\/index.php\\\/2025\\\/01\\\/14\\\/benin-un-comite-ad-hoc-pour-enqueter-sur-lex-ministre-seidou-adambi\\\/#respond\"]}]},{\"@type\":[\"WebPage\",\"SearchResultsPage\"],\"@id\":\"https:\\\/\\\/lamarinabj.com\\\/index.php\\\/2025\\\/01\\\/14\\\/benin-un-comite-ad-hoc-pour-enqueter-sur-lex-ministre-seidou-adambi\\\/\",\"url\":\"https:\\\/\\\/lamarinabj.com\\\/index.php\\\/2025\\\/01\\\/14\\\/benin-un-comite-ad-hoc-pour-enqueter-sur-lex-ministre-seidou-adambi\\\/\",\"name\":\"B\u00e9nin : Un comit\u00e9 ad hoc pour enqu\u00eater sur l'ex-ministre Se\u00efdou Adambi - LA MARINA BJ\",\"isPartOf\":{\"@id\":\"https:\\\/\\\/lamarinabj.com\\\/#website\"},\"primaryImageOfPage\":{\"@id\":\"https:\\\/\\\/lamarinabj.com\\\/index.php\\\/2025\\\/01\\\/14\\\/benin-un-comite-ad-hoc-pour-enqueter-sur-lex-ministre-seidou-adambi\\\/#primaryimage\"},\"image\":{\"@id\":\"https:\\\/\\\/lamarinabj.com\\\/index.php\\\/2025\\\/01\\\/14\\\/benin-un-comite-ad-hoc-pour-enqueter-sur-lex-ministre-seidou-adambi\\\/#primaryimage\"},\"thumbnailUrl\":\"https:\\\/\\\/lamarinabj.com\\\/wp-content\\\/uploads\\\/2025\\\/01\\\/samou-seidou-adambi-nouveau.webp\",\"datePublished\":\"2025-01-14T05:31:58+00:00\",\"dateModified\":\"2025-01-14T05:36:37+00:00\",\"author\":{\"@id\":\"https:\\\/\\\/lamarinabj.com\\\/#\\\/schema\\\/person\\\/70c372a4c3c86bd4844a0382357a0f2d\"},\"description\":\"Par une d\u00e9cision officielle dat\u00e9e du 13 janvier 2025, que la r\u00e9daction de La Marina BJ a pu consulter, le parti a mis en place un comit\u00e9 d\u2019investigation sp\u00e9cial charg\u00e9 d\u2019examiner des actions pr\u00e9sum\u00e9es contraires aux principes et valeurs du Bloc R\u00e9publicain, ayant conduit au limogeage de l\u2019int\u00e9ress\u00e9 du gouvernement.\",\"breadcrumb\":{\"@id\":\"https:\\\/\\\/lamarinabj.com\\\/index.php\\\/2025\\\/01\\\/14\\\/benin-un-comite-ad-hoc-pour-enqueter-sur-lex-ministre-seidou-adambi\\\/#breadcrumb\"},\"inLanguage\":\"fr-FR\",\"potentialAction\":[{\"@type\":\"ReadAction\",\"target\":[\"https:\\\/\\\/lamarinabj.com\\\/index.php\\\/2025\\\/01\\\/14\\\/benin-un-comite-ad-hoc-pour-enqueter-sur-lex-ministre-seidou-adambi\\\/\"]}]},{\"@type\":\"ImageObject\",\"inLanguage\":\"fr-FR\",\"@id\":\"https:\\\/\\\/lamarinabj.com\\\/index.php\\\/2025\\\/01\\\/14\\\/benin-un-comite-ad-hoc-pour-enqueter-sur-lex-ministre-seidou-adambi\\\/#primaryimage\",\"url\":\"https:\\\/\\\/lamarinabj.com\\\/wp-content\\\/uploads\\\/2025\\\/01\\\/samou-seidou-adambi-nouveau.webp\",\"contentUrl\":\"https:\\\/\\\/lamarinabj.com\\\/wp-content\\\/uploads\\\/2025\\\/01\\\/samou-seidou-adambi-nouveau.webp\",\"width\":800,\"height\":456},{\"@type\":\"BreadcrumbList\",\"@id\":\"https:\\\/\\\/lamarinabj.com\\\/index.php\\\/2025\\\/01\\\/14\\\/benin-un-comite-ad-hoc-pour-enqueter-sur-lex-ministre-seidou-adambi\\\/#breadcrumb\",\"itemListElement\":[{\"@type\":\"ListItem\",\"position\":1,\"name\":\"Accueil\",\"item\":\"https:\\\/\\\/lamarinabj.com\\\/\"},{\"@type\":\"ListItem\",\"position\":2,\"name\":\"B\u00e9nin : Un comit\u00e9 ad hoc pour enqu\u00eater sur l&#8217;ex-ministre Se\u00efdou Adambi\"}]},{\"@type\":\"WebSite\",\"@id\":\"https:\\\/\\\/lamarinabj.com\\\/#website\",\"url\":\"https:\\\/\\\/lamarinabj.com\\\/\",\"name\":\"LA MARINA BJ\",\"description\":\"Votre portail vers l&#039;information strat\u00e9gique au B\u00e9nin, en Afrique et au-del\u00e0\",\"potentialAction\":[{\"@type\":\"SearchAction\",\"target\":{\"@type\":\"EntryPoint\",\"urlTemplate\":\"https:\\\/\\\/lamarinabj.com\\\/?s={search_term_string}\"},\"query-input\":{\"@type\":\"PropertyValueSpecification\",\"valueRequired\":true,\"valueName\":\"search_term_string\"}}],\"inLanguage\":\"fr-FR\"},{\"@type\":\"Person\",\"@id\":\"https:\\\/\\\/lamarinabj.com\\\/#\\\/schema\\\/person\\\/70c372a4c3c86bd4844a0382357a0f2d\",\"name\":\"La Marina BJ - Team Veille &amp; Projets publics\",\"image\":{\"@type\":\"ImageObject\",\"inLanguage\":\"fr-FR\",\"@id\":\"https:\\\/\\\/secure.gravatar.com\\\/avatar\\\/b56740eda81210101c8acebdd7c5c7db1bd0ab57f63df607996683fa153ff0d0?s=96&d=mm&r=g\",\"url\":\"https:\\\/\\\/secure.gravatar.com\\\/avatar\\\/b56740eda81210101c8acebdd7c5c7db1bd0ab57f63df607996683fa153ff0d0?s=96&d=mm&r=g\",\"contentUrl\":\"https:\\\/\\\/secure.gravatar.com\\\/avatar\\\/b56740eda81210101c8acebdd7c5c7db1bd0ab57f63df607996683fa153ff0d0?s=96&d=mm&r=g\",\"caption\":\"La Marina BJ - Team Veille &amp; Projets publics\"},\"description\":\"La Team Veille &amp; Projets publics de La Marina BJ est d\u00e9di\u00e9e \u00e0 la surveillance proactive des dynamiques institutionnelles impuls\u00e9es par l\u2019\u00c9tat, les agences publiques, les collectivit\u00e9s territoriales ainsi que les partenaires techniques et financiers. Gr\u00e2ce \u00e0 une veille strat\u00e9gique permanente, cette \u00e9quipe identifie et suit les projets de d\u00e9veloppement, les \u00e9tudes pr\u00e9alables et les investissements publics majeurs. Elle documente les politiques sectorielles, analyse les enjeux techniques, \u00e9conomiques, sociaux et environnementaux, et produit des contenus exclusifs pour \u00e9clairer les mutations structurelles.\",\"url\":\"https:\\\/\\\/lamarinabj.com\\\/index.php\\\/author\\\/simahou\\\/\"}]}<\/script>\n<!-- \/ Yoast SEO plugin. -->","yoast_head_json":{"title":"B\u00e9nin : Un comit\u00e9 ad hoc pour enqu\u00eater sur l'ex-ministre Se\u00efdou Adambi - LA MARINA BJ","description":"Par une d\u00e9cision officielle dat\u00e9e du 13 janvier 2025, que la r\u00e9daction de La Marina BJ a pu consulter, le parti a mis en place un comit\u00e9 d\u2019investigation sp\u00e9cial charg\u00e9 d\u2019examiner des actions pr\u00e9sum\u00e9es contraires aux principes et valeurs du Bloc R\u00e9publicain, ayant conduit au limogeage de l\u2019int\u00e9ress\u00e9 du gouvernement.","robots":{"index":"index","follow":"follow","max-snippet":"max-snippet:-1","max-image-preview":"max-image-preview:large","max-video-preview":"max-video-preview:-1"},"canonical":"https:\/\/lamarinabj.com\/index.php\/2025\/01\/14\/benin-un-comite-ad-hoc-pour-enqueter-sur-lex-ministre-seidou-adambi\/","og_locale":"fr_FR","og_type":"article","og_title":"B\u00e9nin : Un comit\u00e9 ad hoc pour enqu\u00eater sur l'ex-ministre Se\u00efdou Adambi - LA MARINA BJ","og_description":"Par une d\u00e9cision officielle dat\u00e9e du 13 janvier 2025, que la r\u00e9daction de La Marina BJ a pu consulter, le parti a mis en place un comit\u00e9 d\u2019investigation sp\u00e9cial charg\u00e9 d\u2019examiner des actions pr\u00e9sum\u00e9es contraires aux principes et valeurs du Bloc R\u00e9publicain, ayant conduit au limogeage de l\u2019int\u00e9ress\u00e9 du gouvernement.","og_url":"https:\/\/lamarinabj.com\/index.php\/2025\/01\/14\/benin-un-comite-ad-hoc-pour-enqueter-sur-lex-ministre-seidou-adambi\/","og_site_name":"LA MARINA BJ","article_published_time":"2025-01-14T05:31:58+00:00","article_modified_time":"2025-01-14T05:36:37+00:00","og_image":[{"width":800,"height":456,"url":"https:\/\/lamarinabj.com\/wp-content\/uploads\/2025\/01\/samou-seidou-adambi-nouveau.webp","type":"image\/webp"}],"author":"La Marina BJ - Team Veille &amp; Projets publics","twitter_card":"summary_large_image","twitter_misc":{"\u00c9crit par":"La Marina BJ - Team Veille &amp; Projets publics","Dur\u00e9e de lecture estim\u00e9e":"3 minutes"},"schema":{"@context":"https:\/\/schema.org","@graph":[{"@type":"NewsArticle","@id":"https:\/\/lamarinabj.com\/index.php\/2025\/01\/14\/benin-un-comite-ad-hoc-pour-enqueter-sur-lex-ministre-seidou-adambi\/#article","isPartOf":{"@id":"https:\/\/lamarinabj.com\/index.php\/2025\/01\/14\/benin-un-comite-ad-hoc-pour-enqueter-sur-lex-ministre-seidou-adambi\/"},"author":{"name":"La Marina BJ - Team Veille &amp; Projets publics","@id":"https:\/\/lamarinabj.com\/#\/schema\/person\/70c372a4c3c86bd4844a0382357a0f2d"},"headline":"B\u00e9nin : Un comit\u00e9 ad hoc pour enqu\u00eater sur l&rsquo;ex-ministre Se\u00efdou Adambi","datePublished":"2025-01-14T05:31:58+00:00","dateModified":"2025-01-14T05:36:37+00:00","mainEntityOfPage":{"@id":"https:\/\/lamarinabj.com\/index.php\/2025\/01\/14\/benin-un-comite-ad-hoc-pour-enqueter-sur-lex-ministre-seidou-adambi\/"},"wordCount":633,"commentCount":0,"image":{"@id":"https:\/\/lamarinabj.com\/index.php\/2025\/01\/14\/benin-un-comite-ad-hoc-pour-enqueter-sur-lex-ministre-seidou-adambi\/#primaryimage"},"thumbnailUrl":"https:\/\/lamarinabj.com\/wp-content\/uploads\/2025\/01\/samou-seidou-adambi-nouveau.webp","keywords":["B\u00e9nin","Bloc R\u00e9publicain","Seidou adambi"],"articleSection":["EN SAVOIR PLUS","L'\u00c9V\u00c9NEMENT"],"inLanguage":"fr-FR","potentialAction":[{"@type":"CommentAction","name":"Comment","target":["https:\/\/lamarinabj.com\/index.php\/2025\/01\/14\/benin-un-comite-ad-hoc-pour-enqueter-sur-lex-ministre-seidou-adambi\/#respond"]}]},{"@type":["WebPage","SearchResultsPage"],"@id":"https:\/\/lamarinabj.com\/index.php\/2025\/01\/14\/benin-un-comite-ad-hoc-pour-enqueter-sur-lex-ministre-seidou-adambi\/","url":"https:\/\/lamarinabj.com\/index.php\/2025\/01\/14\/benin-un-comite-ad-hoc-pour-enqueter-sur-lex-ministre-seidou-adambi\/","name":"B\u00e9nin : Un comit\u00e9 ad hoc pour enqu\u00eater sur l'ex-ministre Se\u00efdou Adambi - LA MARINA BJ","isPartOf":{"@id":"https:\/\/lamarinabj.com\/#website"},"primaryImageOfPage":{"@id":"https:\/\/lamarinabj.com\/index.php\/2025\/01\/14\/benin-un-comite-ad-hoc-pour-enqueter-sur-lex-ministre-seidou-adambi\/#primaryimage"},"image":{"@id":"https:\/\/lamarinabj.com\/index.php\/2025\/01\/14\/benin-un-comite-ad-hoc-pour-enqueter-sur-lex-ministre-seidou-adambi\/#primaryimage"},"thumbnailUrl":"https:\/\/lamarinabj.com\/wp-content\/uploads\/2025\/01\/samou-seidou-adambi-nouveau.webp","datePublished":"2025-01-14T05:31:58+00:00","dateModified":"2025-01-14T05:36:37+00:00","author":{"@id":"https:\/\/lamarinabj.com\/#\/schema\/person\/70c372a4c3c86bd4844a0382357a0f2d"},"description":"Par une d\u00e9cision officielle dat\u00e9e du 13 janvier 2025, que la r\u00e9daction de La Marina BJ a pu consulter, le parti a mis en place un comit\u00e9 d\u2019investigation sp\u00e9cial charg\u00e9 d\u2019examiner des actions pr\u00e9sum\u00e9es contraires aux principes et valeurs du Bloc R\u00e9publicain, ayant conduit au limogeage de l\u2019int\u00e9ress\u00e9 du gouvernement.","breadcrumb":{"@id":"https:\/\/lamarinabj.com\/index.php\/2025\/01\/14\/benin-un-comite-ad-hoc-pour-enqueter-sur-lex-ministre-seidou-adambi\/#breadcrumb"},"inLanguage":"fr-FR","potentialAction":[{"@type":"ReadAction","target":["https:\/\/lamarinabj.com\/index.php\/2025\/01\/14\/benin-un-comite-ad-hoc-pour-enqueter-sur-lex-ministre-seidou-adambi\/"]}]},{"@type":"ImageObject","inLanguage":"fr-FR","@id":"https:\/\/lamarinabj.com\/index.php\/2025\/01\/14\/benin-un-comite-ad-hoc-pour-enqueter-sur-lex-ministre-seidou-adambi\/#primaryimage","url":"https:\/\/lamarinabj.com\/wp-content\/uploads\/2025\/01\/samou-seidou-adambi-nouveau.webp","contentUrl":"https:\/\/lamarinabj.com\/wp-content\/uploads\/2025\/01\/samou-seidou-adambi-nouveau.webp","width":800,"height":456},{"@type":"BreadcrumbList","@id":"https:\/\/lamarinabj.com\/index.php\/2025\/01\/14\/benin-un-comite-ad-hoc-pour-enqueter-sur-lex-ministre-seidou-adambi\/#breadcrumb","itemListElement":[{"@type":"ListItem","position":1,"name":"Accueil","item":"https:\/\/lamarinabj.com\/"},{"@type":"ListItem","position":2,"name":"B\u00e9nin : Un comit\u00e9 ad hoc pour enqu\u00eater sur l&#8217;ex-ministre Se\u00efdou Adambi"}]},{"@type":"WebSite","@id":"https:\/\/lamarinabj.com\/#website","url":"https:\/\/lamarinabj.com\/","name":"LA MARINA BJ","description":"Votre portail vers l&#039;information strat\u00e9gique au B\u00e9nin, en Afrique et au-del\u00e0","potentialAction":[{"@type":"SearchAction","target":{"@type":"EntryPoint","urlTemplate":"https:\/\/lamarinabj.com\/?s={search_term_string}"},"query-input":{"@type":"PropertyValueSpecification","valueRequired":true,"valueName":"search_term_string"}}],"inLanguage":"fr-FR"},{"@type":"Person","@id":"https:\/\/lamarinabj.com\/#\/schema\/person\/70c372a4c3c86bd4844a0382357a0f2d","name":"La Marina BJ - Team Veille &amp; Projets publics","image":{"@type":"ImageObject","inLanguage":"fr-FR","@id":"https:\/\/secure.gravatar.com\/avatar\/b56740eda81210101c8acebdd7c5c7db1bd0ab57f63df607996683fa153ff0d0?s=96&d=mm&r=g","url":"https:\/\/secure.gravatar.com\/avatar\/b56740eda81210101c8acebdd7c5c7db1bd0ab57f63df607996683fa153ff0d0?s=96&d=mm&r=g","contentUrl":"https:\/\/secure.gravatar.com\/avatar\/b56740eda81210101c8acebdd7c5c7db1bd0ab57f63df607996683fa153ff0d0?s=96&d=mm&r=g","caption":"La Marina BJ - Team Veille &amp; Projets publics"},"description":"La Team Veille &amp; Projets publics de La Marina BJ est d\u00e9di\u00e9e \u00e0 la surveillance proactive des dynamiques institutionnelles impuls\u00e9es par l\u2019\u00c9tat, les agences publiques, les collectivit\u00e9s territoriales ainsi que les partenaires techniques et financiers. Gr\u00e2ce \u00e0 une veille strat\u00e9gique permanente, cette \u00e9quipe identifie et suit les projets de d\u00e9veloppement, les \u00e9tudes pr\u00e9alables et les investissements publics majeurs. Elle documente les politiques sectorielles, analyse les enjeux techniques, \u00e9conomiques, sociaux et environnementaux, et produit des contenus exclusifs pour \u00e9clairer les mutations structurelles.","url":"https:\/\/lamarinabj.com\/index.php\/author\/simahou\/"}]}},"_links":{"self":[{"href":"https:\/\/lamarinabj.com\/index.php\/wp-json\/wp\/v2\/posts\/9852","targetHints":{"allow":["GET"]}}],"collection":[{"href":"https:\/\/lamarinabj.com\/index.php\/wp-json\/wp\/v2\/posts"}],"about":[{"href":"https:\/\/lamarinabj.com\/index.php\/wp-json\/wp\/v2\/types\/post"}],"author":[{"embeddable":true,"href":"https:\/\/lamarinabj.com\/index.php\/wp-json\/wp\/v2\/users\/3"}],"replies":[{"embeddable":true,"href":"https:\/\/lamarinabj.com\/index.php\/wp-json\/wp\/v2\/comments?post=9852"}],"version-history":[{"count":2,"href":"https:\/\/lamarinabj.com\/index.php\/wp-json\/wp\/v2\/posts\/9852\/revisions"}],"predecessor-version":[{"id":9856,"href":"https:\/\/lamarinabj.com\/index.php\/wp-json\/wp\/v2\/posts\/9852\/revisions\/9856"}],"wp:featuredmedia":[{"embeddable":true,"href":"https:\/\/lamarinabj.com\/index.php\/wp-json\/wp\/v2\/media\/9853"}],"wp:attachment":[{"href":"https:\/\/lamarinabj.com\/index.php\/wp-json\/wp\/v2\/media?parent=9852"}],"wp:term":[{"taxonomy":"category","embeddable":true,"href":"https:\/\/lamarinabj.com\/index.php\/wp-json\/wp\/v2\/categories?post=9852"},{"taxonomy":"post_tag","embeddable":true,"href":"https:\/\/lamarinabj.com\/index.php\/wp-json\/wp\/v2\/tags?post=9852"}],"curies":[{"name":"wp","href":"https:\/\/api.w.org\/{rel}","templated":true}]}}