{"id":9926,"date":"2025-01-17T13:09:56","date_gmt":"2025-01-17T12:09:56","guid":{"rendered":"https:\/\/lamarinabj.com\/?p=9926"},"modified":"2025-01-17T13:21:37","modified_gmt":"2025-01-17T12:21:37","slug":"patrice-talon-olushegun-bakari-et-nicephore-soglo-dans-le-top-5-du-tout-premier-indice-de-reputation","status":"publish","type":"post","link":"https:\/\/lamarinabj.com\/index.php\/2025\/01\/17\/patrice-talon-olushegun-bakari-et-nicephore-soglo-dans-le-top-5-du-tout-premier-indice-de-reputation\/","title":{"rendered":"Patrice Talon, Olushegun Bakari et Nic\u00e9phore Soglo dans le Top 5 du tout premier Indice de R\u00e9putation"},"content":{"rendered":"\n<p><strong><mark style=\"background-color:rgba(0, 0, 0, 0)\" class=\"has-inline-color has-red-color\">Influence, B\u00e9nin <\/mark><\/strong>&#8211; <strong><em>Pour ce premier num\u00e9ro de l\u2019Indice de r\u00e9putation, notre <a href=\"https:\/\/lamarinabj.com\/index.php\/2025\/01\/06\/benin-la-marina-bj-et-we-connector-lancent-lindice-de-reputation\/\"><mark style=\"background-color:rgba(0, 0, 0, 0)\" class=\"has-inline-color has-green-color\">barom\u00e8tre<\/mark><\/a> analysant l\u2019influence num\u00e9rique des personnalit\u00e9s publiques du B\u00e9nin on y retrouve aussi bien des personnalit\u00e9s politiques de la mouvance pr\u00e9sidentielle que de l\u2019opposition. Si le chef de l\u2019\u00c9tat, Patrice Talon, occupe la premi\u00e8re position en t\u00eate de ce classement, la derni\u00e8re place revient \u00e0 un ancien partenaire d\u2019affaires actuellement en d\u00e9tention provisoire dans une affaire pr\u00e9sum\u00e9e de tentative de coup d\u2019\u00c9tat. <\/em><\/strong><\/p>\n\n\n\n<p>D\u00e9couvrez le Top 10, avec une surprise inattendue, l\u2019ancien pr\u00e9sident Nic\u00e9phore Soglo.<\/p>\n\n\n\n<h2 id=\"top-5-avec-une-surprise\" class=\"wp-block-heading\"><mark style=\"background-color:rgba(0, 0, 0, 0)\" class=\"has-inline-color has-red-color\">Top 5, avec une surprise<\/mark><\/h2>\n\n\n\n<p>Sans surprise, c\u2019est le pr\u00e9sident de la R\u00e9publique, SEM <strong>Patrice Talon<\/strong>, qui occupe la premi\u00e8re position. Avec un indice de r\u00e9putation de 31,36 %, le Chef de l&rsquo;\u00c9tat arrive en t\u00eate du classement. Selon les donn\u00e9es collect\u00e9es sur les r\u00e9seaux sociaux, gr\u00e2ce \u00e0 notre dispositif compar\u00e9 \u00e0 celui de Talkwalker et autres, la r\u00e9ussite de la deuxi\u00e8me \u00e9dition des Vodun Days, marqu\u00e9e par sa pr\u00e9sence active pendant les trois jours de l\u2019\u00e9v\u00e9nement, ainsi que l\u2019inauguration de l\u2019ar\u00e8ne de Ouidah, ont \u00e9t\u00e9 largement salu\u00e9es par les internautes. <\/p>\n\n\n\n<p>Ces diverses r\u00e9actions ont contribu\u00e9 \u00e0 g\u00e9n\u00e9rer des sentiments positifs (31,5 %), bien que des critiques aient \u00e9merg\u00e9 suite \u00e0 l\u2019attaque terroriste dans le nord du B\u00e9nin et \u00e0 des all\u00e9gations concernant une base militaire fran\u00e7aise dans le pays. La port\u00e9e de ses actions est colossale, atteignant 112,7 millions, tandis que son engagement sur les r\u00e9seaux sociaux est de 22,5 K. Cependant, l\u2019\u00e9quipe de communication du chef de l\u2019\u00c9tat fait face \u00e0 un sentiment n\u00e9gatif de 11,3 %, centr\u00e9 sur son silence face \u00e0 la r\u00e9cente attaque de Banikoara.<\/p>\n\n\n\n<p>En deuxi\u00e8me position se trouve le ministre des Affaires \u00e9trang\u00e8res, <strong>Olushegun Adjadi Bakari<\/strong>, avec un indice de 15,69 %. Le chef de la diplomatie b\u00e9ninoise occupe cette place gr\u00e2ce \u00e0 l\u2019organisation de la premi\u00e8re r\u00e9union minist\u00e9rielle entre le B\u00e9nin et la Communaut\u00e9 des Cara\u00efbes (CARICOM). La communication autour de cet \u00e9v\u00e9nement a \u00e9t\u00e9 largement favorable au ministre. Sa rencontre avec le ministre des Affaires \u00e9trang\u00e8res d\u2019Alg\u00e9rie et son d\u00e9placement au Qatar, bien que peu relay\u00e9s sur les r\u00e9seaux sociaux, ont contribu\u00e9 \u00e0 son taux de sentiments positifs (11,2 %). Toutefois, les r\u00e9centes d\u00e9clarations du pr\u00e9sident de la transition nig\u00e9rienne, qui compliquent encore une fois le r\u00e9tablissement des relations diplomatiques mises \u00e0 mal depuis le coup d\u2019\u00c9tat du 26 juillet 2023, expliquent son taux de sentiments n\u00e9gatifs (1,5 %). L\u2019engagement de sa personne sur les r\u00e9seaux sociaux est notable, avec 222 interactions, et il b\u00e9n\u00e9ficie d\u2019une port\u00e9e de 42,1 millions.<\/p>\n\n\n\n<p>Le ministre d\u2019\u00c9tat b\u00e9ninois de l\u2019\u00c9conomie et des Finances, <strong>Romuald Wadagni<\/strong>, se distingue avec un indice de r\u00e9putation de 14,01 %. Des discussions favorables li\u00e9es \u00e0 sa strat\u00e9gie de d\u00e9veloppement 2025-2027 et \u00e0 l\u2019annonce de la pr\u00e9paration d\u2019un eurobond en 2025 ont g\u00e9n\u00e9r\u00e9 un sentiment positif de 30,8 %. Ces discussions ont \u00e9t\u00e9 relay\u00e9es par certaines presses, valorisant la croissance \u00e9conomique projet\u00e9e du pays. Cependant, des critiques, concernant ses liens suppos\u00e9s avec les discussions sur un potentiel troisi\u00e8me mandat du pr\u00e9sident ont suscit\u00e9 un faible sentiment n\u00e9gatif (3,8 %). Par ailleurs, la mention de son nom par l\u2019opposant Candide Azanna\u00ef dans une publication, bien comment\u00e9 et relay\u00e9e dans la presse, relative au d\u00e9cret nommant David Koffi Aza, dont le ministre serait signataire, a notamment contribu\u00e9 \u00e0 ce sentiment n\u00e9gatif. Malgr\u00e9 une activit\u00e9 limit\u00e9e sur ses profils personnels, la port\u00e9e num\u00e9rique du ministre atteint 670,5 K, bien que son engagement reste faible.<\/p>\n\n\n\n<p>L\u2019ancien pr\u00e9sident <strong>Nic\u00e9phore Soglo<\/strong> occupe la quatri\u00e8me position avec un indice de 13,62 %. Une surprise pour l\u2019\u00e9quipe de l\u2019Indice de R\u00e9putation. La c\u00e9l\u00e9bration des Vodun Days, autrefois la f\u00eate des religions endog\u00e8nes qu\u2019il avait initi\u00e9e en 1992, lui a valu un hommage appuy\u00e9 sur les r\u00e9seaux sociaux. Son sentiment positif atteint 28,3 %, soulignant l\u2019estime publique pour son h\u00e9ritage. De nombreux internautes ont rappel\u00e9 que les Vodun Days sont \u00e0 l\u2019origine une initiative de l\u2019ancien pr\u00e9sident. Cependant, sa r\u00e9cente rencontre avec le pr\u00e9sident Talon, apr\u00e8s l\u2019attaque de Banikoara, a suscit\u00e9 des critiques, notamment parmi les panafricanistes, g\u00e9n\u00e9rant un sentiment n\u00e9gatif de 3,5 %. Sa port\u00e9e reste modeste avec 605,2 K, mais il jouit d\u2019une forte reconnaissance dans l\u2019opinion publique. Toutefois, la question de sa pr\u00e9sence dans le prochain classement reste en suspens.<\/p>\n\n\n\n<p>L\u2019ancien pr\u00e9sident <strong>Yayi Boni<\/strong>, \u00e9galement pr\u00e9sident du parti Les D\u00e9mocrates, se classe cinqui\u00e8me avec un indice de 12,61 %. La d\u00e9claration de son parti apr\u00e8s l\u2019attaque de Banikoara, largement relay\u00e9e par la presse en ligne, a g\u00e9n\u00e9r\u00e9 un sentiment positif de 27,2 %. L\u2019engagement de l\u2019ex-chef de l\u2019\u00c9tat sur les r\u00e9seaux sociaux reste limit\u00e9 (1 K), mais sa port\u00e9e atteint 6,2 millions.<\/p>\n\n\n\n<h2 id=\"du-top-6-au-top-10-des-influences-variees\" class=\"wp-block-heading\"><mark style=\"background-color:rgba(0, 0, 0, 0)\" class=\"has-inline-color has-red-color\">Du Top 6 au Top 10 : Des influences vari\u00e9es<\/mark><\/h2>\n\n\n\n<p>En sixi\u00e8me position, le ministre <strong>Abdoulaye Bio Tchan\u00e9<\/strong> affiche un indice de 12,31 %. Ses actions, telles que sa participation aux Vodun Days, ont \u00e9t\u00e9 bien per\u00e7ues (24 % de sentiment positif). Toutefois, des critiques concernant la gestion interne de son parti ( le cas du ministre Se\u00efdou Adambi suspendu puis limog\u00e9 du gouvernement est per\u00e7u par des internautes comme une d\u00e9cision impos\u00e9e) ont entra\u00een\u00e9 un sentiment n\u00e9gatif de 4 %.<\/p>\n\n\n\n<p>Le d\u00e9put\u00e9 <strong>\u00c9ric Hound\u00e9t\u00e9<\/strong>, vice-pr\u00e9sident du parti Les D\u00e9mocrates et probable candidat aux \u00e9lections pr\u00e9sidentielles de 2026, enregistre un indice de r\u00e9putation de 12,25 % pour se retrouver \u00e0 la septi\u00e8me position. Ses d\u00e9placements politiques notamment dans le d\u00e9partement du Couffo pour soutenir un militant de son parti ont g\u00e9n\u00e9r\u00e9 un sentiment positif de 50 %, bien qu\u2019il manque de soutien significatif sur les r\u00e9seaux sociaux, avec un engagement inexistant.<\/p>\n\n\n\n<p>Le pr\u00e9sident de l\u2019Assembl\u00e9e nationale, <strong>Louis Vlavonou<\/strong>, a un indice de 11,70 % est \u00e0 la 8eme place. Bien que sa participation aux Vodun Days ait \u00e9t\u00e9 salu\u00e9e, des critiques li\u00e9es \u00e0 la pr\u00e9sence militaire fran\u00e7aise m\u00eal\u00e9 \u00e0 son nom ont g\u00e9n\u00e9r\u00e9 un sentiment n\u00e9gatif de 2,5 %.<\/p>\n\n\n\n<p>Le pr\u00e9sident du parti Union Progressiste Le Renouveau, Me <strong>Joseph Djogb\u00e9nou<\/strong>, figure \u00e0 la neuvi\u00e8me place avec un indice de r\u00e9putation de 11,57 %. Peu d\u2019interactions notables ont aliment\u00e9 son image sur les r\u00e9seaux sociaux et sur le Web, et la majorit\u00e9 de ses sentiments restent neutres (89,5 %). Malgr\u00e9 l&rsquo;absence de traces de sentiments n\u00e9gatifs, il doit son sentiment positif de 10,5 % \u00e0 son nom associ\u00e9 \u00e0 cinq initiatives du parti, notamment la ligue des femmes de l\u2019Union Progressiste Le Renouveau.<\/p>\n\n\n\n<p>L&rsquo;homme d&rsquo;affaires <strong>Olivier Boko<\/strong>, actuellement en d\u00e9tention provisoire pour une affaire de tentative de coup d\u2019\u00c9tat, termine ce classement avec un indice de r\u00e9putation de 11,20 %. Son faible sentiment positif de 2 % et un engagement limit\u00e9 sur les r\u00e9seaux sociaux marquent sa situation complexe, tandis que son sentiment n\u00e9gatif de 6,9 % reste \u00e9lev\u00e9. Bien que ses avocats soient m\u00e9diatiquement pr\u00e9sents pour pr\u00e9parer le d\u00e9but de son proc\u00e8s, annonc\u00e9e pour la semaine prochaine, l\u2019absence totale d\u2019une communication judiciaire est notable. Cela \u00e9tonne, surtout pour un homme de son influence, pr\u00e9sum\u00e9 impliqu\u00e9 dans une affaire d\u2019atteinte \u00e0 la s\u00fbret\u00e9 de l\u2019\u00c9tat.<\/p>\n\n\n\n<h2 id=\"lindice-de-reputation-une-methode-rigoureuse-pour-evaluer-linfluence\" class=\"wp-block-heading\"><mark style=\"background-color:rgba(0, 0, 0, 0)\" class=\"has-inline-color has-red-color\">L&rsquo;Indice de R\u00e9putation : une m\u00e9thode rigoureuse pour \u00e9valuer l\u2019influence<\/mark><\/h2>\n\n\n\n<p>L&rsquo;indice de r\u00e9putation propos\u00e9 par La Marina BJ et We Connector repose sur trois crit\u00e8res essentiels \u00e0 savoir la perception, la visibilit\u00e9 et l\u2019impact. Ces crit\u00e8res sont \u00e9valu\u00e9s par une analyse des sentiments (positifs, neutres et n\u00e9gatifs), de la port\u00e9e (c&rsquo;est-\u00e0-dire l&rsquo;audience potentielle), et de l&rsquo;engagement (interactions des internautes avec les publications).<\/p>\n\n\n\n<p>Chaque crit\u00e8re est pond\u00e9r\u00e9 de mani\u00e8re sp\u00e9cifique c&rsquo;est \u00e0 dire 20 % pour la port\u00e9e, 15 % pour l&rsquo;engagement, 5 % pour les r\u00e9sultats, 25 % pour les sentiments positifs, 10 % pour les neutres et -25 % pour les sentiments n\u00e9gatifs. Cette pond\u00e9ration permet d&rsquo;obtenir un score global sur 100, synth\u00e9tisant ainsi l\u2019influence num\u00e9rique des personnalit\u00e9s publiques \u00e9tudi\u00e9es.<\/p>\n\n\n\n<p>Ce syst\u00e8me d\u2019analyse offre une vision claire et objective des figures publiques les plus influentes sur la sc\u00e8ne politique et sociale b\u00e9ninoise, tout en mettant en lumi\u00e8re les dynamiques d\u2019opinion qui fa\u00e7onnent le paysage num\u00e9rique du pays.<\/p>\n","protected":false},"excerpt":{"rendered":"Influence, B\u00e9nin &#8211; Pour ce premier num\u00e9ro de l\u2019Indice de r\u00e9putation, notre barom\u00e8tre analysant l\u2019influence num\u00e9rique des personnalit\u00e9s&hellip;\n","protected":false},"author":6,"featured_media":9927,"comment_status":"open","ping_status":"open","sticky":false,"template":"elementor_theme","format":"standard","meta":{"csco_singular_sidebar":"","csco_page_header_type":"standard","csco_appearance_masonry":"","csco_page_load_nextpost":"","csco_post_video_location":[],"csco_post_video_location_hash":"","csco_post_video_url":"","csco_post_video_bg_start_time":0,"csco_post_video_bg_end_time":0,"footnotes":""},"categories":[1361],"tags":[41,1362,332,44,333],"class_list":{"0":"post-9926","1":"post","2":"type-post","3":"status-publish","4":"format-standard","5":"has-post-thumbnail","7":"category-barometre","8":"tag-benin","9":"tag-lindice-de-reputation","10":"tag-nicephore-soglo","11":"tag-patrice-talon","12":"tag-yayi-boni","13":"cs-entry","14":"cs-video-wrap"},"yoast_head":"<!-- This site is optimized with the Yoast SEO plugin v27.4 - https:\/\/yoast.com\/product\/yoast-seo-wordpress\/ -->\n<title>Patrice Talon, Olushegun Bakari et Nic\u00e9phore Soglo dans le Top 5 du tout premier Indice de R\u00e9putation - LA MARINA BJ<\/title>\n<meta name=\"description\" content=\"Si le chef de l\u2019\u00c9tat, Patrice Talon, occupe la premi\u00e8re position en t\u00eate de ce classement, la derni\u00e8re place revient \u00e0 un ancien partenaire d\u2019affaires actuellement en d\u00e9tention provisoire dans une affaire pr\u00e9sum\u00e9e de tentative de coup d\u2019\u00c9tat.\" \/>\n<meta name=\"robots\" content=\"index, follow, max-snippet:-1, max-image-preview:large, max-video-preview:-1\" \/>\n<link rel=\"canonical\" href=\"https:\/\/lamarinabj.com\/index.php\/2025\/01\/17\/patrice-talon-olushegun-bakari-et-nicephore-soglo-dans-le-top-5-du-tout-premier-indice-de-reputation\/\" \/>\n<meta property=\"og:locale\" content=\"fr_FR\" \/>\n<meta property=\"og:type\" content=\"article\" \/>\n<meta property=\"og:title\" content=\"Patrice Talon, Olushegun Bakari et Nic\u00e9phore Soglo dans le Top 5 du tout premier Indice de R\u00e9putation - LA MARINA BJ\" \/>\n<meta property=\"og:description\" content=\"Si le chef de l\u2019\u00c9tat, Patrice Talon, occupe la premi\u00e8re position en t\u00eate de ce classement, la derni\u00e8re place revient \u00e0 un ancien partenaire d\u2019affaires actuellement en d\u00e9tention provisoire dans une affaire pr\u00e9sum\u00e9e de tentative de coup d\u2019\u00c9tat.\" \/>\n<meta property=\"og:url\" content=\"https:\/\/lamarinabj.com\/index.php\/2025\/01\/17\/patrice-talon-olushegun-bakari-et-nicephore-soglo-dans-le-top-5-du-tout-premier-indice-de-reputation\/\" \/>\n<meta property=\"og:site_name\" content=\"LA MARINA BJ\" \/>\n<meta property=\"article:published_time\" content=\"2025-01-17T12:09:56+00:00\" \/>\n<meta property=\"article:modified_time\" content=\"2025-01-17T12:21:37+00:00\" \/>\n<meta property=\"og:image\" content=\"https:\/\/lamarinabj.com\/wp-content\/uploads\/2025\/01\/Affiche-Photos-de-Famille-Moderne-Minimaliste-Blanc-Noir_20250117_035250_0000.jpg\" \/>\n\t<meta property=\"og:image:width\" content=\"1414\" \/>\n\t<meta property=\"og:image:height\" content=\"2000\" \/>\n\t<meta property=\"og:image:type\" content=\"image\/jpeg\" \/>\n<meta name=\"author\" content=\"LA R\u00c9DACTION\" \/>\n<meta name=\"twitter:card\" content=\"summary_large_image\" \/>\n<meta name=\"twitter:label1\" content=\"\u00c9crit par\" \/>\n\t<meta name=\"twitter:data1\" content=\"LA R\u00c9DACTION\" \/>\n\t<meta name=\"twitter:label2\" content=\"Dur\u00e9e de lecture estim\u00e9e\" \/>\n\t<meta name=\"twitter:data2\" content=\"7 minutes\" \/>\n<script type=\"application\/ld+json\" class=\"yoast-schema-graph\">{\"@context\":\"https:\\\/\\\/schema.org\",\"@graph\":[{\"@type\":\"NewsArticle\",\"@id\":\"https:\\\/\\\/lamarinabj.com\\\/index.php\\\/2025\\\/01\\\/17\\\/patrice-talon-olushegun-bakari-et-nicephore-soglo-dans-le-top-5-du-tout-premier-indice-de-reputation\\\/#article\",\"isPartOf\":{\"@id\":\"https:\\\/\\\/lamarinabj.com\\\/index.php\\\/2025\\\/01\\\/17\\\/patrice-talon-olushegun-bakari-et-nicephore-soglo-dans-le-top-5-du-tout-premier-indice-de-reputation\\\/\"},\"author\":{\"name\":\"LA R\u00c9DACTION\",\"@id\":\"https:\\\/\\\/lamarinabj.com\\\/#\\\/schema\\\/person\\\/0f38483d6cc1b1237dec7e1e06dc1b4c\"},\"headline\":\"Patrice Talon, Olushegun Bakari et Nic\u00e9phore Soglo dans le Top 5 du tout premier Indice de R\u00e9putation\",\"datePublished\":\"2025-01-17T12:09:56+00:00\",\"dateModified\":\"2025-01-17T12:21:37+00:00\",\"mainEntityOfPage\":{\"@id\":\"https:\\\/\\\/lamarinabj.com\\\/index.php\\\/2025\\\/01\\\/17\\\/patrice-talon-olushegun-bakari-et-nicephore-soglo-dans-le-top-5-du-tout-premier-indice-de-reputation\\\/\"},\"wordCount\":1471,\"commentCount\":0,\"image\":{\"@id\":\"https:\\\/\\\/lamarinabj.com\\\/index.php\\\/2025\\\/01\\\/17\\\/patrice-talon-olushegun-bakari-et-nicephore-soglo-dans-le-top-5-du-tout-premier-indice-de-reputation\\\/#primaryimage\"},\"thumbnailUrl\":\"https:\\\/\\\/lamarinabj.com\\\/wp-content\\\/uploads\\\/2025\\\/01\\\/Affiche-Photos-de-Famille-Moderne-Minimaliste-Blanc-Noir_20250117_035250_0000.jpg\",\"keywords\":[\"B\u00e9nin\",\"L'indice de r\u00e9putation\",\"Nicephore soglo\",\"Patrice Talon\",\"Yayi Boni\"],\"articleSection\":[\"BAROM\u00c8TRE\"],\"inLanguage\":\"fr-FR\",\"potentialAction\":[{\"@type\":\"CommentAction\",\"name\":\"Comment\",\"target\":[\"https:\\\/\\\/lamarinabj.com\\\/index.php\\\/2025\\\/01\\\/17\\\/patrice-talon-olushegun-bakari-et-nicephore-soglo-dans-le-top-5-du-tout-premier-indice-de-reputation\\\/#respond\"]}]},{\"@type\":[\"WebPage\",\"SearchResultsPage\"],\"@id\":\"https:\\\/\\\/lamarinabj.com\\\/index.php\\\/2025\\\/01\\\/17\\\/patrice-talon-olushegun-bakari-et-nicephore-soglo-dans-le-top-5-du-tout-premier-indice-de-reputation\\\/\",\"url\":\"https:\\\/\\\/lamarinabj.com\\\/index.php\\\/2025\\\/01\\\/17\\\/patrice-talon-olushegun-bakari-et-nicephore-soglo-dans-le-top-5-du-tout-premier-indice-de-reputation\\\/\",\"name\":\"Patrice Talon, Olushegun Bakari et Nic\u00e9phore Soglo dans le Top 5 du tout premier Indice de R\u00e9putation - LA MARINA BJ\",\"isPartOf\":{\"@id\":\"https:\\\/\\\/lamarinabj.com\\\/#website\"},\"primaryImageOfPage\":{\"@id\":\"https:\\\/\\\/lamarinabj.com\\\/index.php\\\/2025\\\/01\\\/17\\\/patrice-talon-olushegun-bakari-et-nicephore-soglo-dans-le-top-5-du-tout-premier-indice-de-reputation\\\/#primaryimage\"},\"image\":{\"@id\":\"https:\\\/\\\/lamarinabj.com\\\/index.php\\\/2025\\\/01\\\/17\\\/patrice-talon-olushegun-bakari-et-nicephore-soglo-dans-le-top-5-du-tout-premier-indice-de-reputation\\\/#primaryimage\"},\"thumbnailUrl\":\"https:\\\/\\\/lamarinabj.com\\\/wp-content\\\/uploads\\\/2025\\\/01\\\/Affiche-Photos-de-Famille-Moderne-Minimaliste-Blanc-Noir_20250117_035250_0000.jpg\",\"datePublished\":\"2025-01-17T12:09:56+00:00\",\"dateModified\":\"2025-01-17T12:21:37+00:00\",\"author\":{\"@id\":\"https:\\\/\\\/lamarinabj.com\\\/#\\\/schema\\\/person\\\/0f38483d6cc1b1237dec7e1e06dc1b4c\"},\"description\":\"Si le chef de l\u2019\u00c9tat, Patrice Talon, occupe la premi\u00e8re position en t\u00eate de ce classement, la derni\u00e8re place revient \u00e0 un ancien partenaire d\u2019affaires actuellement en d\u00e9tention provisoire dans une affaire pr\u00e9sum\u00e9e de tentative de coup d\u2019\u00c9tat.\",\"breadcrumb\":{\"@id\":\"https:\\\/\\\/lamarinabj.com\\\/index.php\\\/2025\\\/01\\\/17\\\/patrice-talon-olushegun-bakari-et-nicephore-soglo-dans-le-top-5-du-tout-premier-indice-de-reputation\\\/#breadcrumb\"},\"inLanguage\":\"fr-FR\",\"potentialAction\":[{\"@type\":\"ReadAction\",\"target\":[\"https:\\\/\\\/lamarinabj.com\\\/index.php\\\/2025\\\/01\\\/17\\\/patrice-talon-olushegun-bakari-et-nicephore-soglo-dans-le-top-5-du-tout-premier-indice-de-reputation\\\/\"]}]},{\"@type\":\"ImageObject\",\"inLanguage\":\"fr-FR\",\"@id\":\"https:\\\/\\\/lamarinabj.com\\\/index.php\\\/2025\\\/01\\\/17\\\/patrice-talon-olushegun-bakari-et-nicephore-soglo-dans-le-top-5-du-tout-premier-indice-de-reputation\\\/#primaryimage\",\"url\":\"https:\\\/\\\/lamarinabj.com\\\/wp-content\\\/uploads\\\/2025\\\/01\\\/Affiche-Photos-de-Famille-Moderne-Minimaliste-Blanc-Noir_20250117_035250_0000.jpg\",\"contentUrl\":\"https:\\\/\\\/lamarinabj.com\\\/wp-content\\\/uploads\\\/2025\\\/01\\\/Affiche-Photos-de-Famille-Moderne-Minimaliste-Blanc-Noir_20250117_035250_0000.jpg\",\"width\":1414,\"height\":2000},{\"@type\":\"BreadcrumbList\",\"@id\":\"https:\\\/\\\/lamarinabj.com\\\/index.php\\\/2025\\\/01\\\/17\\\/patrice-talon-olushegun-bakari-et-nicephore-soglo-dans-le-top-5-du-tout-premier-indice-de-reputation\\\/#breadcrumb\",\"itemListElement\":[{\"@type\":\"ListItem\",\"position\":1,\"name\":\"Accueil\",\"item\":\"https:\\\/\\\/lamarinabj.com\\\/\"},{\"@type\":\"ListItem\",\"position\":2,\"name\":\"Patrice Talon, Olushegun Bakari et Nic\u00e9phore Soglo dans le Top 5 du tout premier Indice de R\u00e9putation\"}]},{\"@type\":\"WebSite\",\"@id\":\"https:\\\/\\\/lamarinabj.com\\\/#website\",\"url\":\"https:\\\/\\\/lamarinabj.com\\\/\",\"name\":\"LA MARINA BJ\",\"description\":\"Votre portail vers l&#039;information strat\u00e9gique au B\u00e9nin, en Afrique et au-del\u00e0\",\"potentialAction\":[{\"@type\":\"SearchAction\",\"target\":{\"@type\":\"EntryPoint\",\"urlTemplate\":\"https:\\\/\\\/lamarinabj.com\\\/?s={search_term_string}\"},\"query-input\":{\"@type\":\"PropertyValueSpecification\",\"valueRequired\":true,\"valueName\":\"search_term_string\"}}],\"inLanguage\":\"fr-FR\"},{\"@type\":\"Person\",\"@id\":\"https:\\\/\\\/lamarinabj.com\\\/#\\\/schema\\\/person\\\/0f38483d6cc1b1237dec7e1e06dc1b4c\",\"name\":\"LA R\u00c9DACTION\",\"image\":{\"@type\":\"ImageObject\",\"inLanguage\":\"fr-FR\",\"@id\":\"https:\\\/\\\/secure.gravatar.com\\\/avatar\\\/8967838953cdf6b5c5d35b5df91334ec99a422d61a21b18770b3bec48535c5ef?s=96&d=mm&r=g\",\"url\":\"https:\\\/\\\/secure.gravatar.com\\\/avatar\\\/8967838953cdf6b5c5d35b5df91334ec99a422d61a21b18770b3bec48535c5ef?s=96&d=mm&r=g\",\"contentUrl\":\"https:\\\/\\\/secure.gravatar.com\\\/avatar\\\/8967838953cdf6b5c5d35b5df91334ec99a422d61a21b18770b3bec48535c5ef?s=96&d=mm&r=g\",\"caption\":\"LA R\u00c9DACTION\"},\"url\":\"https:\\\/\\\/lamarinabj.com\\\/index.php\\\/author\\\/la-redaction\\\/\"}]}<\/script>\n<!-- \/ Yoast SEO plugin. -->","yoast_head_json":{"title":"Patrice Talon, Olushegun Bakari et Nic\u00e9phore Soglo dans le Top 5 du tout premier Indice de R\u00e9putation - LA MARINA BJ","description":"Si le chef de l\u2019\u00c9tat, Patrice Talon, occupe la premi\u00e8re position en t\u00eate de ce classement, la derni\u00e8re place revient \u00e0 un ancien partenaire d\u2019affaires actuellement en d\u00e9tention provisoire dans une affaire pr\u00e9sum\u00e9e de tentative de coup d\u2019\u00c9tat.","robots":{"index":"index","follow":"follow","max-snippet":"max-snippet:-1","max-image-preview":"max-image-preview:large","max-video-preview":"max-video-preview:-1"},"canonical":"https:\/\/lamarinabj.com\/index.php\/2025\/01\/17\/patrice-talon-olushegun-bakari-et-nicephore-soglo-dans-le-top-5-du-tout-premier-indice-de-reputation\/","og_locale":"fr_FR","og_type":"article","og_title":"Patrice Talon, Olushegun Bakari et Nic\u00e9phore Soglo dans le Top 5 du tout premier Indice de R\u00e9putation - LA MARINA BJ","og_description":"Si le chef de l\u2019\u00c9tat, Patrice Talon, occupe la premi\u00e8re position en t\u00eate de ce classement, la derni\u00e8re place revient \u00e0 un ancien partenaire d\u2019affaires actuellement en d\u00e9tention provisoire dans une affaire pr\u00e9sum\u00e9e de tentative de coup d\u2019\u00c9tat.","og_url":"https:\/\/lamarinabj.com\/index.php\/2025\/01\/17\/patrice-talon-olushegun-bakari-et-nicephore-soglo-dans-le-top-5-du-tout-premier-indice-de-reputation\/","og_site_name":"LA MARINA BJ","article_published_time":"2025-01-17T12:09:56+00:00","article_modified_time":"2025-01-17T12:21:37+00:00","og_image":[{"width":1414,"height":2000,"url":"https:\/\/lamarinabj.com\/wp-content\/uploads\/2025\/01\/Affiche-Photos-de-Famille-Moderne-Minimaliste-Blanc-Noir_20250117_035250_0000.jpg","type":"image\/jpeg"}],"author":"LA R\u00c9DACTION","twitter_card":"summary_large_image","twitter_misc":{"\u00c9crit par":"LA R\u00c9DACTION","Dur\u00e9e de lecture estim\u00e9e":"7 minutes"},"schema":{"@context":"https:\/\/schema.org","@graph":[{"@type":"NewsArticle","@id":"https:\/\/lamarinabj.com\/index.php\/2025\/01\/17\/patrice-talon-olushegun-bakari-et-nicephore-soglo-dans-le-top-5-du-tout-premier-indice-de-reputation\/#article","isPartOf":{"@id":"https:\/\/lamarinabj.com\/index.php\/2025\/01\/17\/patrice-talon-olushegun-bakari-et-nicephore-soglo-dans-le-top-5-du-tout-premier-indice-de-reputation\/"},"author":{"name":"LA R\u00c9DACTION","@id":"https:\/\/lamarinabj.com\/#\/schema\/person\/0f38483d6cc1b1237dec7e1e06dc1b4c"},"headline":"Patrice Talon, Olushegun Bakari et Nic\u00e9phore Soglo dans le Top 5 du tout premier Indice de R\u00e9putation","datePublished":"2025-01-17T12:09:56+00:00","dateModified":"2025-01-17T12:21:37+00:00","mainEntityOfPage":{"@id":"https:\/\/lamarinabj.com\/index.php\/2025\/01\/17\/patrice-talon-olushegun-bakari-et-nicephore-soglo-dans-le-top-5-du-tout-premier-indice-de-reputation\/"},"wordCount":1471,"commentCount":0,"image":{"@id":"https:\/\/lamarinabj.com\/index.php\/2025\/01\/17\/patrice-talon-olushegun-bakari-et-nicephore-soglo-dans-le-top-5-du-tout-premier-indice-de-reputation\/#primaryimage"},"thumbnailUrl":"https:\/\/lamarinabj.com\/wp-content\/uploads\/2025\/01\/Affiche-Photos-de-Famille-Moderne-Minimaliste-Blanc-Noir_20250117_035250_0000.jpg","keywords":["B\u00e9nin","L'indice de r\u00e9putation","Nicephore soglo","Patrice Talon","Yayi Boni"],"articleSection":["BAROM\u00c8TRE"],"inLanguage":"fr-FR","potentialAction":[{"@type":"CommentAction","name":"Comment","target":["https:\/\/lamarinabj.com\/index.php\/2025\/01\/17\/patrice-talon-olushegun-bakari-et-nicephore-soglo-dans-le-top-5-du-tout-premier-indice-de-reputation\/#respond"]}]},{"@type":["WebPage","SearchResultsPage"],"@id":"https:\/\/lamarinabj.com\/index.php\/2025\/01\/17\/patrice-talon-olushegun-bakari-et-nicephore-soglo-dans-le-top-5-du-tout-premier-indice-de-reputation\/","url":"https:\/\/lamarinabj.com\/index.php\/2025\/01\/17\/patrice-talon-olushegun-bakari-et-nicephore-soglo-dans-le-top-5-du-tout-premier-indice-de-reputation\/","name":"Patrice Talon, Olushegun Bakari et Nic\u00e9phore Soglo dans le Top 5 du tout premier Indice de R\u00e9putation - LA MARINA BJ","isPartOf":{"@id":"https:\/\/lamarinabj.com\/#website"},"primaryImageOfPage":{"@id":"https:\/\/lamarinabj.com\/index.php\/2025\/01\/17\/patrice-talon-olushegun-bakari-et-nicephore-soglo-dans-le-top-5-du-tout-premier-indice-de-reputation\/#primaryimage"},"image":{"@id":"https:\/\/lamarinabj.com\/index.php\/2025\/01\/17\/patrice-talon-olushegun-bakari-et-nicephore-soglo-dans-le-top-5-du-tout-premier-indice-de-reputation\/#primaryimage"},"thumbnailUrl":"https:\/\/lamarinabj.com\/wp-content\/uploads\/2025\/01\/Affiche-Photos-de-Famille-Moderne-Minimaliste-Blanc-Noir_20250117_035250_0000.jpg","datePublished":"2025-01-17T12:09:56+00:00","dateModified":"2025-01-17T12:21:37+00:00","author":{"@id":"https:\/\/lamarinabj.com\/#\/schema\/person\/0f38483d6cc1b1237dec7e1e06dc1b4c"},"description":"Si le chef de l\u2019\u00c9tat, Patrice Talon, occupe la premi\u00e8re position en t\u00eate de ce classement, la derni\u00e8re place revient \u00e0 un ancien partenaire d\u2019affaires actuellement en d\u00e9tention provisoire dans une affaire pr\u00e9sum\u00e9e de tentative de coup d\u2019\u00c9tat.","breadcrumb":{"@id":"https:\/\/lamarinabj.com\/index.php\/2025\/01\/17\/patrice-talon-olushegun-bakari-et-nicephore-soglo-dans-le-top-5-du-tout-premier-indice-de-reputation\/#breadcrumb"},"inLanguage":"fr-FR","potentialAction":[{"@type":"ReadAction","target":["https:\/\/lamarinabj.com\/index.php\/2025\/01\/17\/patrice-talon-olushegun-bakari-et-nicephore-soglo-dans-le-top-5-du-tout-premier-indice-de-reputation\/"]}]},{"@type":"ImageObject","inLanguage":"fr-FR","@id":"https:\/\/lamarinabj.com\/index.php\/2025\/01\/17\/patrice-talon-olushegun-bakari-et-nicephore-soglo-dans-le-top-5-du-tout-premier-indice-de-reputation\/#primaryimage","url":"https:\/\/lamarinabj.com\/wp-content\/uploads\/2025\/01\/Affiche-Photos-de-Famille-Moderne-Minimaliste-Blanc-Noir_20250117_035250_0000.jpg","contentUrl":"https:\/\/lamarinabj.com\/wp-content\/uploads\/2025\/01\/Affiche-Photos-de-Famille-Moderne-Minimaliste-Blanc-Noir_20250117_035250_0000.jpg","width":1414,"height":2000},{"@type":"BreadcrumbList","@id":"https:\/\/lamarinabj.com\/index.php\/2025\/01\/17\/patrice-talon-olushegun-bakari-et-nicephore-soglo-dans-le-top-5-du-tout-premier-indice-de-reputation\/#breadcrumb","itemListElement":[{"@type":"ListItem","position":1,"name":"Accueil","item":"https:\/\/lamarinabj.com\/"},{"@type":"ListItem","position":2,"name":"Patrice Talon, Olushegun Bakari et Nic\u00e9phore Soglo dans le Top 5 du tout premier Indice de R\u00e9putation"}]},{"@type":"WebSite","@id":"https:\/\/lamarinabj.com\/#website","url":"https:\/\/lamarinabj.com\/","name":"LA MARINA BJ","description":"Votre portail vers l&#039;information strat\u00e9gique au B\u00e9nin, en Afrique et au-del\u00e0","potentialAction":[{"@type":"SearchAction","target":{"@type":"EntryPoint","urlTemplate":"https:\/\/lamarinabj.com\/?s={search_term_string}"},"query-input":{"@type":"PropertyValueSpecification","valueRequired":true,"valueName":"search_term_string"}}],"inLanguage":"fr-FR"},{"@type":"Person","@id":"https:\/\/lamarinabj.com\/#\/schema\/person\/0f38483d6cc1b1237dec7e1e06dc1b4c","name":"LA R\u00c9DACTION","image":{"@type":"ImageObject","inLanguage":"fr-FR","@id":"https:\/\/secure.gravatar.com\/avatar\/8967838953cdf6b5c5d35b5df91334ec99a422d61a21b18770b3bec48535c5ef?s=96&d=mm&r=g","url":"https:\/\/secure.gravatar.com\/avatar\/8967838953cdf6b5c5d35b5df91334ec99a422d61a21b18770b3bec48535c5ef?s=96&d=mm&r=g","contentUrl":"https:\/\/secure.gravatar.com\/avatar\/8967838953cdf6b5c5d35b5df91334ec99a422d61a21b18770b3bec48535c5ef?s=96&d=mm&r=g","caption":"LA R\u00c9DACTION"},"url":"https:\/\/lamarinabj.com\/index.php\/author\/la-redaction\/"}]}},"_links":{"self":[{"href":"https:\/\/lamarinabj.com\/index.php\/wp-json\/wp\/v2\/posts\/9926","targetHints":{"allow":["GET"]}}],"collection":[{"href":"https:\/\/lamarinabj.com\/index.php\/wp-json\/wp\/v2\/posts"}],"about":[{"href":"https:\/\/lamarinabj.com\/index.php\/wp-json\/wp\/v2\/types\/post"}],"author":[{"embeddable":true,"href":"https:\/\/lamarinabj.com\/index.php\/wp-json\/wp\/v2\/users\/6"}],"replies":[{"embeddable":true,"href":"https:\/\/lamarinabj.com\/index.php\/wp-json\/wp\/v2\/comments?post=9926"}],"version-history":[{"count":4,"href":"https:\/\/lamarinabj.com\/index.php\/wp-json\/wp\/v2\/posts\/9926\/revisions"}],"predecessor-version":[{"id":9944,"href":"https:\/\/lamarinabj.com\/index.php\/wp-json\/wp\/v2\/posts\/9926\/revisions\/9944"}],"wp:featuredmedia":[{"embeddable":true,"href":"https:\/\/lamarinabj.com\/index.php\/wp-json\/wp\/v2\/media\/9927"}],"wp:attachment":[{"href":"https:\/\/lamarinabj.com\/index.php\/wp-json\/wp\/v2\/media?parent=9926"}],"wp:term":[{"taxonomy":"category","embeddable":true,"href":"https:\/\/lamarinabj.com\/index.php\/wp-json\/wp\/v2\/categories?post=9926"},{"taxonomy":"post_tag","embeddable":true,"href":"https:\/\/lamarinabj.com\/index.php\/wp-json\/wp\/v2\/tags?post=9926"}],"curies":[{"name":"wp","href":"https:\/\/api.w.org\/{rel}","templated":true}]}}