{"id":9992,"date":"2025-01-23T08:47:00","date_gmt":"2025-01-23T07:47:00","guid":{"rendered":"https:\/\/lamarinabj.com\/?p=9992"},"modified":"2025-01-23T08:03:14","modified_gmt":"2025-01-23T07:03:14","slug":"audit-du-fichier-electoral-au-benin-un-premier-rapport-attendu-dici-quatre-mois","status":"publish","type":"post","link":"https:\/\/lamarinabj.com\/index.php\/2025\/01\/23\/audit-du-fichier-electoral-au-benin-un-premier-rapport-attendu-dici-quatre-mois\/","title":{"rendered":"Audit du fichier \u00e9lectoral au B\u00e9nin : un premier rapport attendu d\u2019ici quatre mois"},"content":{"rendered":"\n<p><strong><mark style=\"background-color:rgba(0, 0, 0, 0)\" class=\"has-inline-color has-red-color\">Gouvernance, B\u00e9nin<\/mark><\/strong> &#8211; <strong><em>L\u2019un des principaux points abord\u00e9s lors de l\u2019Assembl\u00e9e g\u00e9n\u00e9rale ordinaire du Cadre de concertation des partis politiques de l\u2019opposition, tenue le 21 janvier 2025, concernait l\u2019audit du fichier \u00e9lectoral.<\/em><\/strong><\/p>\n\n\n\n<p>Lors d&rsquo;une conf\u00e9rence de presse organis\u00e9e apr\u00e8s cette assembl\u00e9e, il a \u00e9t\u00e9 r\u00e9v\u00e9l\u00e9 que le comit\u00e9 de pilotage de l&rsquo;audit participatif, pr\u00e9sid\u00e9 par Jean Baptiste \u00c9lias, figure \u00e9minente de la soci\u00e9t\u00e9 civile, avait r\u00e9cemment pr\u00e9sent\u00e9 au ministre de la Justice, Yvon Detch\u00e9nou, la m\u00e9thodologie pr\u00e9vue pour le recrutement des experts charg\u00e9s de conduire cet audit. Selon le Cadre de concertation, ce comit\u00e9 devra rendre un premier rapport dans un d\u00e9lai de quatre mois, soit en mai 2025.<\/p>\n\n\n\n<p>L\u2019objectif principal de cet audit est d\u2019identifier d\u2019\u00e9ventuelles anomalies dans le fichier \u00e9lectoral et de garantir une base de donn\u00e9es fiable. Ce processus, ayant re\u00e7u l&rsquo;aval du chef de l&rsquo;\u00c9tat Patrice Talon, est consid\u00e9r\u00e9 comme une \u00e9tape cruciale pour renforcer la confiance des acteurs politiques et des citoyens, tout en consolidant les principes de transparence et de cr\u00e9dibilit\u00e9 n\u00e9cessaires \u00e0 des \u00e9lections g\u00e9n\u00e9rales irr\u00e9prochables en 2026.<\/p>\n\n\n\n<h2 id=\"mobilisation-nationale-et-soutien-international\" class=\"wp-block-heading\"><mark style=\"background-color:rgba(0, 0, 0, 0)\" class=\"has-inline-color has-red-color\">Mobilisation nationale et soutien international<\/mark><\/h2>\n\n\n\n<p>Lors du m\u00eame point de presse, les partis politiques membres du Cadre de concertation ont lanc\u00e9 un appel \u00e0 une mobilisation nationale afin de relever les d\u00e9fis d\u00e9mocratiques auxquels le pays fait face. Ils ont exhort\u00e9 les forces vives de la nation \u00e0 s\u2019impliquer dans un dialogue constructif pour prot\u00e9ger et promouvoir les valeurs fondamentales de la d\u00e9mocratie b\u00e9ninoise. Par ailleurs, le Cadre a soulign\u00e9 que des d\u00e9marches sont en cours pour solliciter un appui de la communaut\u00e9 internationale. Cette initiative vise \u00e0 renforcer les institutions d\u00e9mocratiques du B\u00e9nin et \u00e0 encourager une gouvernance \u00e9lectorale conforme aux aspirations l\u00e9gitimes du peuple.<\/p>\n\n\n\n<p>Avec un premier rapport attendu en mai 2025, l\u2019audit du fichier \u00e9lectoral constitue une \u00e9tape d\u00e9cisive dans le processus de consolidation d\u00e9mocratique. Ce d\u00e9lai offre une occasion unique de poser les bases d\u2019un processus \u00e9lectoral cr\u00e9dible en vue des prochaines \u00e9ch\u00e9ances \u00e9lectorales.<\/p>\n","protected":false},"excerpt":{"rendered":"Gouvernance, B\u00e9nin &#8211; L\u2019un des principaux points abord\u00e9s lors de l\u2019Assembl\u00e9e g\u00e9n\u00e9rale ordinaire du Cadre de concertation des&hellip;\n","protected":false},"author":9,"featured_media":8601,"comment_status":"open","ping_status":"open","sticky":false,"template":"elementor_theme","format":"standard","meta":{"csco_singular_sidebar":"","csco_page_header_type":"standard","csco_appearance_masonry":"","csco_page_load_nextpost":"","csco_post_video_location":[],"csco_post_video_location_hash":"","csco_post_video_url":"","csco_post_video_bg_start_time":0,"csco_post_video_bg_end_time":0,"footnotes":""},"categories":[57,239],"tags":[1184,41,1240],"class_list":{"0":"post-9992","1":"post","2":"type-post","3":"status-publish","4":"format-standard","5":"has-post-thumbnail","7":"category-a-suivre","8":"category-levenement-2","9":"tag-audit-du-fichier-electoral","10":"tag-benin","11":"tag-cadre-de-concertation-des-forces-de-lopposition","12":"cs-entry","13":"cs-video-wrap"},"yoast_head":"<!-- This site is optimized with the Yoast SEO plugin v27.4 - https:\/\/yoast.com\/product\/yoast-seo-wordpress\/ -->\n<title>Audit du fichier \u00e9lectoral au B\u00e9nin : un premier rapport attendu d\u2019ici quatre mois - LA MARINA BJ<\/title>\n<meta name=\"description\" content=\"L\u2019un des principaux points abord\u00e9s lors de l\u2019Assembl\u00e9e g\u00e9n\u00e9rale ordinaire du Cadre de concertation des partis politiques de l\u2019opposition, tenue le 21 janvier 2025, concernait l\u2019audit du fichier \u00e9lectoral.\" \/>\n<meta name=\"robots\" content=\"index, follow, max-snippet:-1, max-image-preview:large, max-video-preview:-1\" \/>\n<link rel=\"canonical\" href=\"https:\/\/lamarinabj.com\/index.php\/2025\/01\/23\/audit-du-fichier-electoral-au-benin-un-premier-rapport-attendu-dici-quatre-mois\/\" \/>\n<meta property=\"og:locale\" content=\"fr_FR\" \/>\n<meta property=\"og:type\" content=\"article\" \/>\n<meta property=\"og:title\" content=\"Audit du fichier \u00e9lectoral au B\u00e9nin : un premier rapport attendu d\u2019ici quatre mois - LA MARINA BJ\" \/>\n<meta property=\"og:description\" content=\"L\u2019un des principaux points abord\u00e9s lors de l\u2019Assembl\u00e9e g\u00e9n\u00e9rale ordinaire du Cadre de concertation des partis politiques de l\u2019opposition, tenue le 21 janvier 2025, concernait l\u2019audit du fichier \u00e9lectoral.\" \/>\n<meta property=\"og:url\" content=\"https:\/\/lamarinabj.com\/index.php\/2025\/01\/23\/audit-du-fichier-electoral-au-benin-un-premier-rapport-attendu-dici-quatre-mois\/\" \/>\n<meta property=\"og:site_name\" content=\"LA MARINA BJ\" \/>\n<meta property=\"article:published_time\" content=\"2025-01-23T07:47:00+00:00\" \/>\n<meta property=\"og:image\" content=\"https:\/\/lamarinabj.com\/wp-content\/uploads\/2024\/10\/SAVE_20241013_180017-scaled.jpg\" \/>\n\t<meta property=\"og:image:width\" content=\"2560\" \/>\n\t<meta property=\"og:image:height\" content=\"1344\" \/>\n\t<meta property=\"og:image:type\" content=\"image\/jpeg\" \/>\n<meta name=\"author\" content=\"La Marina BJ - Team Politique &amp; Gouvernance\" \/>\n<meta name=\"twitter:card\" content=\"summary_large_image\" \/>\n<meta name=\"twitter:label1\" content=\"\u00c9crit par\" \/>\n\t<meta name=\"twitter:data1\" content=\"La Marina BJ - Team Politique &amp; Gouvernance\" \/>\n\t<meta name=\"twitter:label2\" content=\"Dur\u00e9e de lecture estim\u00e9e\" \/>\n\t<meta name=\"twitter:data2\" content=\"2 minutes\" \/>\n<script type=\"application\/ld+json\" class=\"yoast-schema-graph\">{\"@context\":\"https:\\\/\\\/schema.org\",\"@graph\":[{\"@type\":\"NewsArticle\",\"@id\":\"https:\\\/\\\/lamarinabj.com\\\/index.php\\\/2025\\\/01\\\/23\\\/audit-du-fichier-electoral-au-benin-un-premier-rapport-attendu-dici-quatre-mois\\\/#article\",\"isPartOf\":{\"@id\":\"https:\\\/\\\/lamarinabj.com\\\/index.php\\\/2025\\\/01\\\/23\\\/audit-du-fichier-electoral-au-benin-un-premier-rapport-attendu-dici-quatre-mois\\\/\"},\"author\":{\"name\":\"La Marina BJ - Team Politique &amp; Gouvernance\",\"@id\":\"https:\\\/\\\/lamarinabj.com\\\/#\\\/schema\\\/person\\\/402e6a9448a09031724da97f9dae67e8\"},\"headline\":\"Audit du fichier \u00e9lectoral au B\u00e9nin : un premier rapport attendu d\u2019ici quatre mois\",\"datePublished\":\"2025-01-23T07:47:00+00:00\",\"mainEntityOfPage\":{\"@id\":\"https:\\\/\\\/lamarinabj.com\\\/index.php\\\/2025\\\/01\\\/23\\\/audit-du-fichier-electoral-au-benin-un-premier-rapport-attendu-dici-quatre-mois\\\/\"},\"wordCount\":385,\"commentCount\":0,\"image\":{\"@id\":\"https:\\\/\\\/lamarinabj.com\\\/index.php\\\/2025\\\/01\\\/23\\\/audit-du-fichier-electoral-au-benin-un-premier-rapport-attendu-dici-quatre-mois\\\/#primaryimage\"},\"thumbnailUrl\":\"https:\\\/\\\/lamarinabj.com\\\/wp-content\\\/uploads\\\/2024\\\/10\\\/SAVE_20241013_180017-scaled.jpg\",\"keywords\":[\"Audit du fichier \u00e9lectoral\",\"B\u00e9nin\",\"Cadre de concertation des forces de l'opposition\"],\"articleSection\":[\"\u00c0 SUIVRE\",\"L'\u00c9V\u00c9NEMENT\"],\"inLanguage\":\"fr-FR\",\"potentialAction\":[{\"@type\":\"CommentAction\",\"name\":\"Comment\",\"target\":[\"https:\\\/\\\/lamarinabj.com\\\/index.php\\\/2025\\\/01\\\/23\\\/audit-du-fichier-electoral-au-benin-un-premier-rapport-attendu-dici-quatre-mois\\\/#respond\"]}]},{\"@type\":[\"WebPage\",\"SearchResultsPage\"],\"@id\":\"https:\\\/\\\/lamarinabj.com\\\/index.php\\\/2025\\\/01\\\/23\\\/audit-du-fichier-electoral-au-benin-un-premier-rapport-attendu-dici-quatre-mois\\\/\",\"url\":\"https:\\\/\\\/lamarinabj.com\\\/index.php\\\/2025\\\/01\\\/23\\\/audit-du-fichier-electoral-au-benin-un-premier-rapport-attendu-dici-quatre-mois\\\/\",\"name\":\"Audit du fichier \u00e9lectoral au B\u00e9nin : un premier rapport attendu d\u2019ici quatre mois - LA MARINA BJ\",\"isPartOf\":{\"@id\":\"https:\\\/\\\/lamarinabj.com\\\/#website\"},\"primaryImageOfPage\":{\"@id\":\"https:\\\/\\\/lamarinabj.com\\\/index.php\\\/2025\\\/01\\\/23\\\/audit-du-fichier-electoral-au-benin-un-premier-rapport-attendu-dici-quatre-mois\\\/#primaryimage\"},\"image\":{\"@id\":\"https:\\\/\\\/lamarinabj.com\\\/index.php\\\/2025\\\/01\\\/23\\\/audit-du-fichier-electoral-au-benin-un-premier-rapport-attendu-dici-quatre-mois\\\/#primaryimage\"},\"thumbnailUrl\":\"https:\\\/\\\/lamarinabj.com\\\/wp-content\\\/uploads\\\/2024\\\/10\\\/SAVE_20241013_180017-scaled.jpg\",\"datePublished\":\"2025-01-23T07:47:00+00:00\",\"author\":{\"@id\":\"https:\\\/\\\/lamarinabj.com\\\/#\\\/schema\\\/person\\\/402e6a9448a09031724da97f9dae67e8\"},\"description\":\"L\u2019un des principaux points abord\u00e9s lors de l\u2019Assembl\u00e9e g\u00e9n\u00e9rale ordinaire du Cadre de concertation des partis politiques de l\u2019opposition, tenue le 21 janvier 2025, concernait l\u2019audit du fichier \u00e9lectoral.\",\"breadcrumb\":{\"@id\":\"https:\\\/\\\/lamarinabj.com\\\/index.php\\\/2025\\\/01\\\/23\\\/audit-du-fichier-electoral-au-benin-un-premier-rapport-attendu-dici-quatre-mois\\\/#breadcrumb\"},\"inLanguage\":\"fr-FR\",\"potentialAction\":[{\"@type\":\"ReadAction\",\"target\":[\"https:\\\/\\\/lamarinabj.com\\\/index.php\\\/2025\\\/01\\\/23\\\/audit-du-fichier-electoral-au-benin-un-premier-rapport-attendu-dici-quatre-mois\\\/\"]}]},{\"@type\":\"ImageObject\",\"inLanguage\":\"fr-FR\",\"@id\":\"https:\\\/\\\/lamarinabj.com\\\/index.php\\\/2025\\\/01\\\/23\\\/audit-du-fichier-electoral-au-benin-un-premier-rapport-attendu-dici-quatre-mois\\\/#primaryimage\",\"url\":\"https:\\\/\\\/lamarinabj.com\\\/wp-content\\\/uploads\\\/2024\\\/10\\\/SAVE_20241013_180017-scaled.jpg\",\"contentUrl\":\"https:\\\/\\\/lamarinabj.com\\\/wp-content\\\/uploads\\\/2024\\\/10\\\/SAVE_20241013_180017-scaled.jpg\",\"width\":2560,\"height\":1344},{\"@type\":\"BreadcrumbList\",\"@id\":\"https:\\\/\\\/lamarinabj.com\\\/index.php\\\/2025\\\/01\\\/23\\\/audit-du-fichier-electoral-au-benin-un-premier-rapport-attendu-dici-quatre-mois\\\/#breadcrumb\",\"itemListElement\":[{\"@type\":\"ListItem\",\"position\":1,\"name\":\"Accueil\",\"item\":\"https:\\\/\\\/lamarinabj.com\\\/\"},{\"@type\":\"ListItem\",\"position\":2,\"name\":\"Audit du fichier \u00e9lectoral au B\u00e9nin : un premier rapport attendu d\u2019ici quatre mois\"}]},{\"@type\":\"WebSite\",\"@id\":\"https:\\\/\\\/lamarinabj.com\\\/#website\",\"url\":\"https:\\\/\\\/lamarinabj.com\\\/\",\"name\":\"LA MARINA BJ\",\"description\":\"Votre portail vers l&#039;information strat\u00e9gique au B\u00e9nin, en Afrique et au-del\u00e0\",\"potentialAction\":[{\"@type\":\"SearchAction\",\"target\":{\"@type\":\"EntryPoint\",\"urlTemplate\":\"https:\\\/\\\/lamarinabj.com\\\/?s={search_term_string}\"},\"query-input\":{\"@type\":\"PropertyValueSpecification\",\"valueRequired\":true,\"valueName\":\"search_term_string\"}}],\"inLanguage\":\"fr-FR\"},{\"@type\":\"Person\",\"@id\":\"https:\\\/\\\/lamarinabj.com\\\/#\\\/schema\\\/person\\\/402e6a9448a09031724da97f9dae67e8\",\"name\":\"La Marina BJ - Team Politique &amp; Gouvernance\",\"image\":{\"@type\":\"ImageObject\",\"inLanguage\":\"fr-FR\",\"@id\":\"https:\\\/\\\/secure.gravatar.com\\\/avatar\\\/fd9545dd7863c2f40d7696b9bb5d085e4615baa276d5cd3e6a5a3bbc53bfae6e?s=96&d=mm&r=g\",\"url\":\"https:\\\/\\\/secure.gravatar.com\\\/avatar\\\/fd9545dd7863c2f40d7696b9bb5d085e4615baa276d5cd3e6a5a3bbc53bfae6e?s=96&d=mm&r=g\",\"contentUrl\":\"https:\\\/\\\/secure.gravatar.com\\\/avatar\\\/fd9545dd7863c2f40d7696b9bb5d085e4615baa276d5cd3e6a5a3bbc53bfae6e?s=96&d=mm&r=g\",\"caption\":\"La Marina BJ - Team Politique &amp; Gouvernance\"},\"description\":\"La Team Politique &amp; Gouvernance de La Marina BJ est au c\u0153ur de l\u2019analyse des enjeux politiques, institutionnels et de gouvernance au B\u00e9nin et en Afrique. Compos\u00e9e de journalistes sp\u00e9cialis\u00e9s en affaires publiques et en politique, cette \u00e9quipe s\u2019attache \u00e0 d\u00e9crypter les d\u00e9cisions politiques, \u00e0 suivre l\u2019\u00e9volution des r\u00e9formes institutionnelles, et \u00e0 analyser les dynamiques de pouvoir au sein des institutions nationales et internationales.\",\"url\":\"https:\\\/\\\/lamarinabj.com\\\/index.php\\\/author\\\/adimi\\\/\"}]}<\/script>\n<!-- \/ Yoast SEO plugin. -->","yoast_head_json":{"title":"Audit du fichier \u00e9lectoral au B\u00e9nin : un premier rapport attendu d\u2019ici quatre mois - LA MARINA BJ","description":"L\u2019un des principaux points abord\u00e9s lors de l\u2019Assembl\u00e9e g\u00e9n\u00e9rale ordinaire du Cadre de concertation des partis politiques de l\u2019opposition, tenue le 21 janvier 2025, concernait l\u2019audit du fichier \u00e9lectoral.","robots":{"index":"index","follow":"follow","max-snippet":"max-snippet:-1","max-image-preview":"max-image-preview:large","max-video-preview":"max-video-preview:-1"},"canonical":"https:\/\/lamarinabj.com\/index.php\/2025\/01\/23\/audit-du-fichier-electoral-au-benin-un-premier-rapport-attendu-dici-quatre-mois\/","og_locale":"fr_FR","og_type":"article","og_title":"Audit du fichier \u00e9lectoral au B\u00e9nin : un premier rapport attendu d\u2019ici quatre mois - LA MARINA BJ","og_description":"L\u2019un des principaux points abord\u00e9s lors de l\u2019Assembl\u00e9e g\u00e9n\u00e9rale ordinaire du Cadre de concertation des partis politiques de l\u2019opposition, tenue le 21 janvier 2025, concernait l\u2019audit du fichier \u00e9lectoral.","og_url":"https:\/\/lamarinabj.com\/index.php\/2025\/01\/23\/audit-du-fichier-electoral-au-benin-un-premier-rapport-attendu-dici-quatre-mois\/","og_site_name":"LA MARINA BJ","article_published_time":"2025-01-23T07:47:00+00:00","og_image":[{"width":2560,"height":1344,"url":"https:\/\/lamarinabj.com\/wp-content\/uploads\/2024\/10\/SAVE_20241013_180017-scaled.jpg","type":"image\/jpeg"}],"author":"La Marina BJ - Team Politique &amp; Gouvernance","twitter_card":"summary_large_image","twitter_misc":{"\u00c9crit par":"La Marina BJ - Team Politique &amp; Gouvernance","Dur\u00e9e de lecture estim\u00e9e":"2 minutes"},"schema":{"@context":"https:\/\/schema.org","@graph":[{"@type":"NewsArticle","@id":"https:\/\/lamarinabj.com\/index.php\/2025\/01\/23\/audit-du-fichier-electoral-au-benin-un-premier-rapport-attendu-dici-quatre-mois\/#article","isPartOf":{"@id":"https:\/\/lamarinabj.com\/index.php\/2025\/01\/23\/audit-du-fichier-electoral-au-benin-un-premier-rapport-attendu-dici-quatre-mois\/"},"author":{"name":"La Marina BJ - Team Politique &amp; Gouvernance","@id":"https:\/\/lamarinabj.com\/#\/schema\/person\/402e6a9448a09031724da97f9dae67e8"},"headline":"Audit du fichier \u00e9lectoral au B\u00e9nin : un premier rapport attendu d\u2019ici quatre mois","datePublished":"2025-01-23T07:47:00+00:00","mainEntityOfPage":{"@id":"https:\/\/lamarinabj.com\/index.php\/2025\/01\/23\/audit-du-fichier-electoral-au-benin-un-premier-rapport-attendu-dici-quatre-mois\/"},"wordCount":385,"commentCount":0,"image":{"@id":"https:\/\/lamarinabj.com\/index.php\/2025\/01\/23\/audit-du-fichier-electoral-au-benin-un-premier-rapport-attendu-dici-quatre-mois\/#primaryimage"},"thumbnailUrl":"https:\/\/lamarinabj.com\/wp-content\/uploads\/2024\/10\/SAVE_20241013_180017-scaled.jpg","keywords":["Audit du fichier \u00e9lectoral","B\u00e9nin","Cadre de concertation des forces de l'opposition"],"articleSection":["\u00c0 SUIVRE","L'\u00c9V\u00c9NEMENT"],"inLanguage":"fr-FR","potentialAction":[{"@type":"CommentAction","name":"Comment","target":["https:\/\/lamarinabj.com\/index.php\/2025\/01\/23\/audit-du-fichier-electoral-au-benin-un-premier-rapport-attendu-dici-quatre-mois\/#respond"]}]},{"@type":["WebPage","SearchResultsPage"],"@id":"https:\/\/lamarinabj.com\/index.php\/2025\/01\/23\/audit-du-fichier-electoral-au-benin-un-premier-rapport-attendu-dici-quatre-mois\/","url":"https:\/\/lamarinabj.com\/index.php\/2025\/01\/23\/audit-du-fichier-electoral-au-benin-un-premier-rapport-attendu-dici-quatre-mois\/","name":"Audit du fichier \u00e9lectoral au B\u00e9nin : un premier rapport attendu d\u2019ici quatre mois - LA MARINA BJ","isPartOf":{"@id":"https:\/\/lamarinabj.com\/#website"},"primaryImageOfPage":{"@id":"https:\/\/lamarinabj.com\/index.php\/2025\/01\/23\/audit-du-fichier-electoral-au-benin-un-premier-rapport-attendu-dici-quatre-mois\/#primaryimage"},"image":{"@id":"https:\/\/lamarinabj.com\/index.php\/2025\/01\/23\/audit-du-fichier-electoral-au-benin-un-premier-rapport-attendu-dici-quatre-mois\/#primaryimage"},"thumbnailUrl":"https:\/\/lamarinabj.com\/wp-content\/uploads\/2024\/10\/SAVE_20241013_180017-scaled.jpg","datePublished":"2025-01-23T07:47:00+00:00","author":{"@id":"https:\/\/lamarinabj.com\/#\/schema\/person\/402e6a9448a09031724da97f9dae67e8"},"description":"L\u2019un des principaux points abord\u00e9s lors de l\u2019Assembl\u00e9e g\u00e9n\u00e9rale ordinaire du Cadre de concertation des partis politiques de l\u2019opposition, tenue le 21 janvier 2025, concernait l\u2019audit du fichier \u00e9lectoral.","breadcrumb":{"@id":"https:\/\/lamarinabj.com\/index.php\/2025\/01\/23\/audit-du-fichier-electoral-au-benin-un-premier-rapport-attendu-dici-quatre-mois\/#breadcrumb"},"inLanguage":"fr-FR","potentialAction":[{"@type":"ReadAction","target":["https:\/\/lamarinabj.com\/index.php\/2025\/01\/23\/audit-du-fichier-electoral-au-benin-un-premier-rapport-attendu-dici-quatre-mois\/"]}]},{"@type":"ImageObject","inLanguage":"fr-FR","@id":"https:\/\/lamarinabj.com\/index.php\/2025\/01\/23\/audit-du-fichier-electoral-au-benin-un-premier-rapport-attendu-dici-quatre-mois\/#primaryimage","url":"https:\/\/lamarinabj.com\/wp-content\/uploads\/2024\/10\/SAVE_20241013_180017-scaled.jpg","contentUrl":"https:\/\/lamarinabj.com\/wp-content\/uploads\/2024\/10\/SAVE_20241013_180017-scaled.jpg","width":2560,"height":1344},{"@type":"BreadcrumbList","@id":"https:\/\/lamarinabj.com\/index.php\/2025\/01\/23\/audit-du-fichier-electoral-au-benin-un-premier-rapport-attendu-dici-quatre-mois\/#breadcrumb","itemListElement":[{"@type":"ListItem","position":1,"name":"Accueil","item":"https:\/\/lamarinabj.com\/"},{"@type":"ListItem","position":2,"name":"Audit du fichier \u00e9lectoral au B\u00e9nin : un premier rapport attendu d\u2019ici quatre mois"}]},{"@type":"WebSite","@id":"https:\/\/lamarinabj.com\/#website","url":"https:\/\/lamarinabj.com\/","name":"LA MARINA BJ","description":"Votre portail vers l&#039;information strat\u00e9gique au B\u00e9nin, en Afrique et au-del\u00e0","potentialAction":[{"@type":"SearchAction","target":{"@type":"EntryPoint","urlTemplate":"https:\/\/lamarinabj.com\/?s={search_term_string}"},"query-input":{"@type":"PropertyValueSpecification","valueRequired":true,"valueName":"search_term_string"}}],"inLanguage":"fr-FR"},{"@type":"Person","@id":"https:\/\/lamarinabj.com\/#\/schema\/person\/402e6a9448a09031724da97f9dae67e8","name":"La Marina BJ - Team Politique &amp; Gouvernance","image":{"@type":"ImageObject","inLanguage":"fr-FR","@id":"https:\/\/secure.gravatar.com\/avatar\/fd9545dd7863c2f40d7696b9bb5d085e4615baa276d5cd3e6a5a3bbc53bfae6e?s=96&d=mm&r=g","url":"https:\/\/secure.gravatar.com\/avatar\/fd9545dd7863c2f40d7696b9bb5d085e4615baa276d5cd3e6a5a3bbc53bfae6e?s=96&d=mm&r=g","contentUrl":"https:\/\/secure.gravatar.com\/avatar\/fd9545dd7863c2f40d7696b9bb5d085e4615baa276d5cd3e6a5a3bbc53bfae6e?s=96&d=mm&r=g","caption":"La Marina BJ - Team Politique &amp; Gouvernance"},"description":"La Team Politique &amp; Gouvernance de La Marina BJ est au c\u0153ur de l\u2019analyse des enjeux politiques, institutionnels et de gouvernance au B\u00e9nin et en Afrique. Compos\u00e9e de journalistes sp\u00e9cialis\u00e9s en affaires publiques et en politique, cette \u00e9quipe s\u2019attache \u00e0 d\u00e9crypter les d\u00e9cisions politiques, \u00e0 suivre l\u2019\u00e9volution des r\u00e9formes institutionnelles, et \u00e0 analyser les dynamiques de pouvoir au sein des institutions nationales et internationales.","url":"https:\/\/lamarinabj.com\/index.php\/author\/adimi\/"}]}},"_links":{"self":[{"href":"https:\/\/lamarinabj.com\/index.php\/wp-json\/wp\/v2\/posts\/9992","targetHints":{"allow":["GET"]}}],"collection":[{"href":"https:\/\/lamarinabj.com\/index.php\/wp-json\/wp\/v2\/posts"}],"about":[{"href":"https:\/\/lamarinabj.com\/index.php\/wp-json\/wp\/v2\/types\/post"}],"author":[{"embeddable":true,"href":"https:\/\/lamarinabj.com\/index.php\/wp-json\/wp\/v2\/users\/9"}],"replies":[{"embeddable":true,"href":"https:\/\/lamarinabj.com\/index.php\/wp-json\/wp\/v2\/comments?post=9992"}],"version-history":[{"count":1,"href":"https:\/\/lamarinabj.com\/index.php\/wp-json\/wp\/v2\/posts\/9992\/revisions"}],"predecessor-version":[{"id":9993,"href":"https:\/\/lamarinabj.com\/index.php\/wp-json\/wp\/v2\/posts\/9992\/revisions\/9993"}],"wp:featuredmedia":[{"embeddable":true,"href":"https:\/\/lamarinabj.com\/index.php\/wp-json\/wp\/v2\/media\/8601"}],"wp:attachment":[{"href":"https:\/\/lamarinabj.com\/index.php\/wp-json\/wp\/v2\/media?parent=9992"}],"wp:term":[{"taxonomy":"category","embeddable":true,"href":"https:\/\/lamarinabj.com\/index.php\/wp-json\/wp\/v2\/categories?post=9992"},{"taxonomy":"post_tag","embeddable":true,"href":"https:\/\/lamarinabj.com\/index.php\/wp-json\/wp\/v2\/tags?post=9992"}],"curies":[{"name":"wp","href":"https:\/\/api.w.org\/{rel}","templated":true}]}}